{"id":61619,"date":"2026-03-29T10:49:11","date_gmt":"2026-03-29T13:49:11","guid":{"rendered":"https:\/\/temucotelevision.cl\/web\/?p=61619"},"modified":"2026-03-29T10:49:12","modified_gmt":"2026-03-29T13:49:12","slug":"felipe-montero-asume-presidencia-regional-de-rn-para-el-periodo-2026-2028","status":"publish","type":"post","link":"https:\/\/temucotelevision.cl\/web\/2026\/03\/29\/felipe-montero-asume-presidencia-regional-de-rn-para-el-periodo-2026-2028\/","title":{"rendered":"Felipe Montero asume presidencia regional de RN para el per\u00edodo 2026\u20132028"},"content":{"rendered":"<div class=\"pvc_clear\"><\/div><p id=\"pvc_stats_61619\" class=\"pvc_stats total_only  \" data-element-id=\"61619\" style=\"\"><i class=\"pvc-stats-icon large\" aria-hidden=\"true\"><svg aria-hidden=\"true\" focusable=\"false\" data-prefix=\"far\" data-icon=\"chart-bar\" role=\"img\" xmlns=\"http:\/\/www.w3.org\/2000\/svg\" viewBox=\"0 0 512 512\" class=\"svg-inline--fa fa-chart-bar fa-w-16 fa-2x\"><path fill=\"currentColor\" d=\"M396.8 352h22.4c6.4 0 12.8-6.4 12.8-12.8V108.8c0-6.4-6.4-12.8-12.8-12.8h-22.4c-6.4 0-12.8 6.4-12.8 12.8v230.4c0 6.4 6.4 12.8 12.8 12.8zm-192 0h22.4c6.4 0 12.8-6.4 12.8-12.8V140.8c0-6.4-6.4-12.8-12.8-12.8h-22.4c-6.4 0-12.8 6.4-12.8 12.8v198.4c0 6.4 6.4 12.8 12.8 12.8zm96 0h22.4c6.4 0 12.8-6.4 12.8-12.8V204.8c0-6.4-6.4-12.8-12.8-12.8h-22.4c-6.4 0-12.8 6.4-12.8 12.8v134.4c0 6.4 6.4 12.8 12.8 12.8zM496 400H48V80c0-8.84-7.16-16-16-16H16C7.16 64 0 71.16 0 80v336c0 17.67 14.33 32 32 32h464c8.84 0 16-7.16 16-16v-16c0-8.84-7.16-16-16-16zm-387.2-48h22.4c6.4 0 12.8-6.4 12.8-12.8v-70.4c0-6.4-6.4-12.8-12.8-12.8h-22.4c-6.4 0-12.8 6.4-12.8 12.8v70.4c0 6.4 6.4 12.8 12.8 12.8z\" class=\"\"><\/path><\/svg><\/i> <img loading=\"lazy\" decoding=\"async\" width=\"16\" height=\"16\" alt=\"Loading\" src=\"https:\/\/temucotelevision.cl\/web\/wp-content\/plugins\/page-views-count\/ajax-loader-2x.gif\" border=0 \/><\/p><div class=\"pvc_clear\"><\/div>\n<p><em>El partido ser\u00e1 presidido en la regi\u00f3n por el periodista Felipe Montero Viveros, quien junto a su directiva asume el compromiso de fortalecer la presencia territorial de RN en la regi\u00f3n, colaborando con el gobierno del presidente Jos\u00e9 Antonio Kast.<\/em><\/p>\n\n\n\n<p>Durante la jornada de este s\u00e1bado 28 de marzo, Renovaci\u00f3n Nacional llev\u00f3 a cabo sus elecciones internas a nivel nacional, proceso que permiti\u00f3 renovar y ratificar a sus directivas regionales y nacionales para el per\u00edodo 2026\u20132028, en una instancia marcada por una alta participaci\u00f3n de militantes a lo largo del pa\u00eds.<\/p>\n\n\n\n<p>En la regi\u00f3n de La Araucan\u00eda, el proceso se desarroll\u00f3 con una masiva concurrencia de militantes de las 32 comunas y 8 locales de votaci\u00f3n en Malleco y Caut\u00edn, dando cuenta de una activa vida interna del partido y su proyecci\u00f3n pol\u00edtica en el territorio.<\/p>\n\n\n\n<p>Tras la votaci\u00f3n, se ratific\u00f3 como nuevo presidente regional al periodista Felipe Montero Viveros, quien asumir\u00e1 el desaf\u00edo de liderar el partido en la zona. Lo acompa\u00f1an en la directiva el abogado Jorge Rathgeb Leonelli como secretario, la consejera regional Sara Suazo Suazo como tesorera, y las concejalas Patricia Vargas Veloso \u2014de Cunco\u2014 y Valeria Brun Marican \u2014de Pitrufqu\u00e9n\u2014 en calidad de vicepresidentas de la colectividad en La Araucan\u00eda.<\/p>\n\n\n\n<p>La nueva directiva regional asume con la misi\u00f3n principal de fortalecer la presencia territorial del partido, consolidar su base militante y proyectar su propuesta pol\u00edtica en conexi\u00f3n con las principales necesidades de la regi\u00f3n.<\/p>\n\n\n\n<p><em>&#8220;Nuestra prioridad es consolidar nuestra fuerte presencia territorial en las comunas, con militantes y autoridades comprometidas que colaboren mediante su experiencia y conocimiento p\u00fablico de manera activa con el gobierno del presidente Kast desde cada rinc\u00f3n de la regi\u00f3n&#8221;, manifest\u00f3&nbsp;<\/em>el presidente regional electo, Felipe Montero.<\/p>\n\n\n\n<p>Cabe destacar que a nivel nacional, el proceso tambi\u00e9n ratific\u00f3 a la senadora por el Maule Andrea Balladares como presidenta de Renovaci\u00f3n Nacional, consolidando su liderazgo al interior de la colectividad. La acompa\u00f1an en la directiva la exsubsecretaria de Prevenci\u00f3n del Delito Katherine Martorell como secretaria general, y el exdiputado por el distrito 22 Jorge Rathgeb Schifferli como vicepresidente de finanzas.<\/p>\n","protected":false},"excerpt":{"rendered":"<div class=\"pvc_clear\"><\/div>\n<p id=\"pvc_stats_61619\" class=\"pvc_stats total_only  \" data-element-id=\"61619\" style=\"\"><i class=\"pvc-stats-icon large\" aria-hidden=\"true\"><svg aria-hidden=\"true\" focusable=\"false\" data-prefix=\"far\" data-icon=\"chart-bar\" role=\"img\" xmlns=\"http:\/\/www.w3.org\/2000\/svg\" viewBox=\"0 0 512 512\" class=\"svg-inline--fa fa-chart-bar fa-w-16 fa-2x\"><path fill=\"currentColor\" d=\"M396.8 352h22.4c6.4 0 12.8-6.4 12.8-12.8V108.8c0-6.4-6.4-12.8-12.8-12.8h-22.4c-6.4 0-12.8 6.4-12.8 12.8v230.4c0 6.4 6.4 12.8 12.8 12.8zm-192 0h22.4c6.4 0 12.8-6.4 12.8-12.8V140.8c0-6.4-6.4-12.8-12.8-12.8h-22.4c-6.4 0-12.8 6.4-12.8 12.8v198.4c0 6.4 6.4 12.8 12.8 12.8zm96 0h22.4c6.4 0 12.8-6.4 12.8-12.8V204.8c0-6.4-6.4-12.8-12.8-12.8h-22.4c-6.4 0-12.8 6.4-12.8 12.8v134.4c0 6.4 6.4 12.8 12.8 12.8zM496 400H48V80c0-8.84-7.16-16-16-16H16C7.16 64 0 71.16 0 80v336c0 17.67 14.33 32 32 32h464c8.84 0 16-7.16 16-16v-16c0-8.84-7.16-16-16-16zm-387.2-48h22.4c6.4 0 12.8-6.4 12.8-12.8v-70.4c0-6.4-6.4-12.8-12.8-12.8h-22.4c-6.4 0-12.8 6.4-12.8 12.8v70.4c0 6.4 6.4 12.8 12.8 12.8z\" class=\"\"><\/path><\/svg><\/i> <img loading=\"lazy\" decoding=\"async\" width=\"16\" height=\"16\" alt=\"Loading\" src=\"https:\/\/temucotelevision.cl\/web\/wp-content\/plugins\/page-views-count\/ajax-loader-2x.gif\" border=0 \/><\/p>\n<div class=\"pvc_clear\"><\/div>\n<p>El partido ser\u00e1 presidido en la regi\u00f3n por el periodista Felipe Montero Viveros, quien junto a su directiva asume el<\/p>\n","protected":false},"author":1,"featured_media":61620,"comment_status":"open","ping_status":"open","sticky":false,"template":"","format":"standard","meta":{"colormag_page_container_layout":"default_layout","colormag_page_sidebar_layout":"default_layout","footnotes":""},"categories":[84],"tags":[773],"class_list":["post-61619","post","type-post","status-publish","format-standard","has-post-thumbnail","hentry","category-politica","tag-rn"],"a3_pvc":{"activated":true,"total_views":1788,"today_views":1},"_links":{"self":[{"href":"https:\/\/temucotelevision.cl\/web\/wp-json\/wp\/v2\/posts\/61619","targetHints":{"allow":["GET"]}}],"collection":[{"href":"https:\/\/temucotelevision.cl\/web\/wp-json\/wp\/v2\/posts"}],"about":[{"href":"https:\/\/temucotelevision.cl\/web\/wp-json\/wp\/v2\/types\/post"}],"author":[{"embeddable":true,"href":"https:\/\/temucotelevision.cl\/web\/wp-json\/wp\/v2\/users\/1"}],"replies":[{"embeddable":true,"href":"https:\/\/temucotelevision.cl\/web\/wp-json\/wp\/v2\/comments?post=61619"}],"version-history":[{"count":1,"href":"https:\/\/temucotelevision.cl\/web\/wp-json\/wp\/v2\/posts\/61619\/revisions"}],"predecessor-version":[{"id":61621,"href":"https:\/\/temucotelevision.cl\/web\/wp-json\/wp\/v2\/posts\/61619\/revisions\/61621"}],"wp:featuredmedia":[{"embeddable":true,"href":"https:\/\/temucotelevision.cl\/web\/wp-json\/wp\/v2\/media\/61620"}],"wp:attachment":[{"href":"https:\/\/temucotelevision.cl\/web\/wp-json\/wp\/v2\/media?parent=61619"}],"wp:term":[{"taxonomy":"category","embeddable":true,"href":"https:\/\/temucotelevision.cl\/web\/wp-json\/wp\/v2\/categories?post=61619"},{"taxonomy":"post_tag","embeddable":true,"href":"https:\/\/temucotelevision.cl\/web\/wp-json\/wp\/v2\/tags?post=61619"}],"curies":[{"name":"wp","href":"https:\/\/api.w.org\/{rel}","templated":true}]}}