{"id":61616,"date":"2026-03-29T10:41:21","date_gmt":"2026-03-29T13:41:21","guid":{"rendered":"https:\/\/temucotelevision.cl\/web\/?p=61616"},"modified":"2026-03-29T10:41:23","modified_gmt":"2026-03-29T13:41:23","slug":"senador-becker-lidera-gestiones-para-avanzar-en-infraestructura-regional","status":"publish","type":"post","link":"https:\/\/temucotelevision.cl\/web\/2026\/03\/29\/senador-becker-lidera-gestiones-para-avanzar-en-infraestructura-regional\/","title":{"rendered":"Senador Becker lidera gestiones para avanzar en infraestructura regional"},"content":{"rendered":"<div class=\"pvc_clear\"><\/div><p id=\"pvc_stats_61616\" class=\"pvc_stats total_only  \" data-element-id=\"61616\" style=\"\"><i class=\"pvc-stats-icon large\" aria-hidden=\"true\"><svg aria-hidden=\"true\" focusable=\"false\" data-prefix=\"far\" data-icon=\"chart-bar\" role=\"img\" xmlns=\"http:\/\/www.w3.org\/2000\/svg\" viewBox=\"0 0 512 512\" class=\"svg-inline--fa fa-chart-bar fa-w-16 fa-2x\"><path fill=\"currentColor\" d=\"M396.8 352h22.4c6.4 0 12.8-6.4 12.8-12.8V108.8c0-6.4-6.4-12.8-12.8-12.8h-22.4c-6.4 0-12.8 6.4-12.8 12.8v230.4c0 6.4 6.4 12.8 12.8 12.8zm-192 0h22.4c6.4 0 12.8-6.4 12.8-12.8V140.8c0-6.4-6.4-12.8-12.8-12.8h-22.4c-6.4 0-12.8 6.4-12.8 12.8v198.4c0 6.4 6.4 12.8 12.8 12.8zm96 0h22.4c6.4 0 12.8-6.4 12.8-12.8V204.8c0-6.4-6.4-12.8-12.8-12.8h-22.4c-6.4 0-12.8 6.4-12.8 12.8v134.4c0 6.4 6.4 12.8 12.8 12.8zM496 400H48V80c0-8.84-7.16-16-16-16H16C7.16 64 0 71.16 0 80v336c0 17.67 14.33 32 32 32h464c8.84 0 16-7.16 16-16v-16c0-8.84-7.16-16-16-16zm-387.2-48h22.4c6.4 0 12.8-6.4 12.8-12.8v-70.4c0-6.4-6.4-12.8-12.8-12.8h-22.4c-6.4 0-12.8 6.4-12.8 12.8v70.4c0 6.4 6.4 12.8 12.8 12.8z\" class=\"\"><\/path><\/svg><\/i> <img loading=\"lazy\" decoding=\"async\" width=\"16\" height=\"16\" alt=\"Loading\" src=\"https:\/\/temucotelevision.cl\/web\/wp-content\/plugins\/page-views-count\/ajax-loader-2x.gif\" border=0 \/><\/p><div class=\"pvc_clear\"><\/div>\n<p><em>El parlamentario sostuvo un encuentro con el ministro de Obras P\u00fablicas y el alcalde de Collipulli, para analizar las principales necesidades de la zona.<\/em><\/p>\n\n\n\n<p>Con el objetivo de avanzar en soluciones concretas para la regi\u00f3n, el senador por La Araucan\u00eda, Miguel Becker, se reuni\u00f3 en Santiago junto al ministro de Obras P\u00fablicas, Mart\u00edn Arrau, y el alcalde de Collipulli, Manuel Macaya, para abordar diversas problem\u00e1ticas que afectan a la Regi\u00f3n y en particular a la zona norte de Malleco.<\/p>\n\n\n\n<p>Durante el encuentro, las autoridades analizaron los principales desaf\u00edos en materia de infraestructura en la regi\u00f3n, poniendo especial \u00e9nfasis en la necesidad de fortalecer la conectividad rural y avanzar en obras de mitigaci\u00f3n que permitan mejorar la calidad de vida de las familias.<\/p>\n\n\n\n<p>En ese contexto, se destac\u00f3 la importancia de impulsar proyectos que respondan a las demandas de los territorios, especialmente en sectores que presentan mayores dificultades de acceso y desarrollo.<\/p>\n\n\n\n<p>Adem\u00e1s, se plante\u00f3 la urgencia de agilizar la ejecuci\u00f3n de iniciativas que contribuyan a reducir brechas en infraestructura y conectividad, aspectos clave para el crecimiento y bienestar de las comunidades locales.<\/p>\n\n\n\n<p>Las autoridades concordaron en la necesidad de mantener un trabajo coordinado entre el Gobierno, el Congreso y los municipios, con el fin de avanzar en soluciones concretas que beneficien directamente a los habitantes de la regi\u00f3n.<\/p>\n","protected":false},"excerpt":{"rendered":"<div class=\"pvc_clear\"><\/div>\n<p id=\"pvc_stats_61616\" class=\"pvc_stats total_only  \" data-element-id=\"61616\" style=\"\"><i class=\"pvc-stats-icon large\" aria-hidden=\"true\"><svg aria-hidden=\"true\" focusable=\"false\" data-prefix=\"far\" data-icon=\"chart-bar\" role=\"img\" xmlns=\"http:\/\/www.w3.org\/2000\/svg\" viewBox=\"0 0 512 512\" class=\"svg-inline--fa fa-chart-bar fa-w-16 fa-2x\"><path fill=\"currentColor\" d=\"M396.8 352h22.4c6.4 0 12.8-6.4 12.8-12.8V108.8c0-6.4-6.4-12.8-12.8-12.8h-22.4c-6.4 0-12.8 6.4-12.8 12.8v230.4c0 6.4 6.4 12.8 12.8 12.8zm-192 0h22.4c6.4 0 12.8-6.4 12.8-12.8V140.8c0-6.4-6.4-12.8-12.8-12.8h-22.4c-6.4 0-12.8 6.4-12.8 12.8v198.4c0 6.4 6.4 12.8 12.8 12.8zm96 0h22.4c6.4 0 12.8-6.4 12.8-12.8V204.8c0-6.4-6.4-12.8-12.8-12.8h-22.4c-6.4 0-12.8 6.4-12.8 12.8v134.4c0 6.4 6.4 12.8 12.8 12.8zM496 400H48V80c0-8.84-7.16-16-16-16H16C7.16 64 0 71.16 0 80v336c0 17.67 14.33 32 32 32h464c8.84 0 16-7.16 16-16v-16c0-8.84-7.16-16-16-16zm-387.2-48h22.4c6.4 0 12.8-6.4 12.8-12.8v-70.4c0-6.4-6.4-12.8-12.8-12.8h-22.4c-6.4 0-12.8 6.4-12.8 12.8v70.4c0 6.4 6.4 12.8 12.8 12.8z\" class=\"\"><\/path><\/svg><\/i> <img loading=\"lazy\" decoding=\"async\" width=\"16\" height=\"16\" alt=\"Loading\" src=\"https:\/\/temucotelevision.cl\/web\/wp-content\/plugins\/page-views-count\/ajax-loader-2x.gif\" border=0 \/><\/p>\n<div class=\"pvc_clear\"><\/div>\n<p>El parlamentario sostuvo un encuentro con el ministro de Obras P\u00fablicas y el alcalde de Collipulli, para analizar las principales<\/p>\n","protected":false},"author":1,"featured_media":61617,"comment_status":"open","ping_status":"open","sticky":false,"template":"","format":"standard","meta":{"colormag_page_container_layout":"default_layout","colormag_page_sidebar_layout":"default_layout","footnotes":""},"categories":[84],"tags":[1261],"class_list":["post-61616","post","type-post","status-publish","format-standard","has-post-thumbnail","hentry","category-politica","tag-senador"],"a3_pvc":{"activated":true,"total_views":2739,"today_views":0},"_links":{"self":[{"href":"https:\/\/temucotelevision.cl\/web\/wp-json\/wp\/v2\/posts\/61616","targetHints":{"allow":["GET"]}}],"collection":[{"href":"https:\/\/temucotelevision.cl\/web\/wp-json\/wp\/v2\/posts"}],"about":[{"href":"https:\/\/temucotelevision.cl\/web\/wp-json\/wp\/v2\/types\/post"}],"author":[{"embeddable":true,"href":"https:\/\/temucotelevision.cl\/web\/wp-json\/wp\/v2\/users\/1"}],"replies":[{"embeddable":true,"href":"https:\/\/temucotelevision.cl\/web\/wp-json\/wp\/v2\/comments?post=61616"}],"version-history":[{"count":1,"href":"https:\/\/temucotelevision.cl\/web\/wp-json\/wp\/v2\/posts\/61616\/revisions"}],"predecessor-version":[{"id":61618,"href":"https:\/\/temucotelevision.cl\/web\/wp-json\/wp\/v2\/posts\/61616\/revisions\/61618"}],"wp:featuredmedia":[{"embeddable":true,"href":"https:\/\/temucotelevision.cl\/web\/wp-json\/wp\/v2\/media\/61617"}],"wp:attachment":[{"href":"https:\/\/temucotelevision.cl\/web\/wp-json\/wp\/v2\/media?parent=61616"}],"wp:term":[{"taxonomy":"category","embeddable":true,"href":"https:\/\/temucotelevision.cl\/web\/wp-json\/wp\/v2\/categories?post=61616"},{"taxonomy":"post_tag","embeddable":true,"href":"https:\/\/temucotelevision.cl\/web\/wp-json\/wp\/v2\/tags?post=61616"}],"curies":[{"name":"wp","href":"https:\/\/api.w.org\/{rel}","templated":true}]}}