{"id":61607,"date":"2026-03-27T20:45:17","date_gmt":"2026-03-27T23:45:17","guid":{"rendered":"https:\/\/temucotelevision.cl\/web\/?p=61607"},"modified":"2026-03-27T20:45:18","modified_gmt":"2026-03-27T23:45:18","slug":"asumen-nuevos-seremis-de-obras-publicas-bienes-nacionales-y-transportes-en-la-araucania","status":"publish","type":"post","link":"https:\/\/temucotelevision.cl\/web\/2026\/03\/27\/asumen-nuevos-seremis-de-obras-publicas-bienes-nacionales-y-transportes-en-la-araucania\/","title":{"rendered":"Asumen nuevos seremis de Obras P\u00fablicas, Bienes Nacionales y Transportes en La Araucan\u00eda"},"content":{"rendered":"<div class=\"pvc_clear\"><\/div><p id=\"pvc_stats_61607\" class=\"pvc_stats total_only  \" data-element-id=\"61607\" style=\"\"><i class=\"pvc-stats-icon large\" aria-hidden=\"true\"><svg aria-hidden=\"true\" focusable=\"false\" data-prefix=\"far\" data-icon=\"chart-bar\" role=\"img\" xmlns=\"http:\/\/www.w3.org\/2000\/svg\" viewBox=\"0 0 512 512\" class=\"svg-inline--fa fa-chart-bar fa-w-16 fa-2x\"><path fill=\"currentColor\" d=\"M396.8 352h22.4c6.4 0 12.8-6.4 12.8-12.8V108.8c0-6.4-6.4-12.8-12.8-12.8h-22.4c-6.4 0-12.8 6.4-12.8 12.8v230.4c0 6.4 6.4 12.8 12.8 12.8zm-192 0h22.4c6.4 0 12.8-6.4 12.8-12.8V140.8c0-6.4-6.4-12.8-12.8-12.8h-22.4c-6.4 0-12.8 6.4-12.8 12.8v198.4c0 6.4 6.4 12.8 12.8 12.8zm96 0h22.4c6.4 0 12.8-6.4 12.8-12.8V204.8c0-6.4-6.4-12.8-12.8-12.8h-22.4c-6.4 0-12.8 6.4-12.8 12.8v134.4c0 6.4 6.4 12.8 12.8 12.8zM496 400H48V80c0-8.84-7.16-16-16-16H16C7.16 64 0 71.16 0 80v336c0 17.67 14.33 32 32 32h464c8.84 0 16-7.16 16-16v-16c0-8.84-7.16-16-16-16zm-387.2-48h22.4c6.4 0 12.8-6.4 12.8-12.8v-70.4c0-6.4-6.4-12.8-12.8-12.8h-22.4c-6.4 0-12.8 6.4-12.8 12.8v70.4c0 6.4 6.4 12.8 12.8 12.8z\" class=\"\"><\/path><\/svg><\/i> <img loading=\"lazy\" decoding=\"async\" width=\"16\" height=\"16\" alt=\"Loading\" src=\"https:\/\/temucotelevision.cl\/web\/wp-content\/plugins\/page-views-count\/ajax-loader-2x.gif\" border=0 \/><\/p><div class=\"pvc_clear\"><\/div>\n<p>Este viernes fueron presentados oficialmente los nuevos secretarios regionales ministeriales que encabezar\u00e1n las carteras de Obras P\u00fablicas, Bienes Nacionales, y Transportes y Telecomunicaciones en la Regi\u00f3n de La Araucan\u00eda. La actividad fue liderada por el delegado presidencial regional, Francisco Ljubetic.<\/p>\n\n\n\n<p>En la Seremi de Obras P\u00fablicas asumir\u00e1 David Plaza Neira, ingeniero comercial con menci\u00f3n en Administraci\u00f3n de Empresas e ingeniero en Prevenci\u00f3n de Riesgos. Cuenta con m\u00e1s de 15 a\u00f1os de experiencia profesional, destacando su participaci\u00f3n en proyectos de infraestructura, obras p\u00fablicas, ferroviarias y en la implementaci\u00f3n de sistemas tecnol\u00f3gicos en este \u00e1mbito.<\/p>\n\n\n\n<p>En tanto, la Seremi de Bienes Nacionales ser\u00e1 liderada por el abogado Juan Guillermo Rojas Casas-Cordero, quien posee experiencia en el sector p\u00fablico, especialmente en derecho administrativo. Su trayectoria incluye la gesti\u00f3n jur\u00eddica de asuntos patrimoniales del Estado y la ejecuci\u00f3n de programas institucionales del Fisco.<\/p>\n\n\n\n<p>Por su parte, en la cartera de Transportes y Telecomunicaciones asumi\u00f3 el ingeniero civil industrial Rodrigo Lagos Sagredo, mag\u00edster en Direcci\u00f3n de Empresas. Cuenta con una amplia trayectoria en el servicio p\u00fablico, habi\u00e9ndose desempe\u00f1ado como director regional de Aeropuertos del MOP, administrador municipal y jefe de finanzas de CONADI.<\/p>\n\n\n\n<p>Tras la presentaci\u00f3n, el delegado presidencial regional sostuvo un encuentro con las nuevas autoridades, instancia en la que les dio la bienvenida y destac\u00f3 la importancia del trabajo coordinado para avanzar en el desarrollo de la regi\u00f3n.<\/p>\n\n\n\n<p>Las nuevas designaciones se enmarcan en el fortalecimiento del trabajo interinstitucional, con el objetivo de responder de manera eficiente a las necesidades de la ciudadan\u00eda en La Araucan\u00eda.<\/p>\n","protected":false},"excerpt":{"rendered":"<div class=\"pvc_clear\"><\/div>\n<p id=\"pvc_stats_61607\" class=\"pvc_stats total_only  \" data-element-id=\"61607\" style=\"\"><i class=\"pvc-stats-icon large\" aria-hidden=\"true\"><svg aria-hidden=\"true\" focusable=\"false\" data-prefix=\"far\" data-icon=\"chart-bar\" role=\"img\" xmlns=\"http:\/\/www.w3.org\/2000\/svg\" viewBox=\"0 0 512 512\" class=\"svg-inline--fa fa-chart-bar fa-w-16 fa-2x\"><path fill=\"currentColor\" d=\"M396.8 352h22.4c6.4 0 12.8-6.4 12.8-12.8V108.8c0-6.4-6.4-12.8-12.8-12.8h-22.4c-6.4 0-12.8 6.4-12.8 12.8v230.4c0 6.4 6.4 12.8 12.8 12.8zm-192 0h22.4c6.4 0 12.8-6.4 12.8-12.8V140.8c0-6.4-6.4-12.8-12.8-12.8h-22.4c-6.4 0-12.8 6.4-12.8 12.8v198.4c0 6.4 6.4 12.8 12.8 12.8zm96 0h22.4c6.4 0 12.8-6.4 12.8-12.8V204.8c0-6.4-6.4-12.8-12.8-12.8h-22.4c-6.4 0-12.8 6.4-12.8 12.8v134.4c0 6.4 6.4 12.8 12.8 12.8zM496 400H48V80c0-8.84-7.16-16-16-16H16C7.16 64 0 71.16 0 80v336c0 17.67 14.33 32 32 32h464c8.84 0 16-7.16 16-16v-16c0-8.84-7.16-16-16-16zm-387.2-48h22.4c6.4 0 12.8-6.4 12.8-12.8v-70.4c0-6.4-6.4-12.8-12.8-12.8h-22.4c-6.4 0-12.8 6.4-12.8 12.8v70.4c0 6.4 6.4 12.8 12.8 12.8z\" class=\"\"><\/path><\/svg><\/i> <img loading=\"lazy\" decoding=\"async\" width=\"16\" height=\"16\" alt=\"Loading\" src=\"https:\/\/temucotelevision.cl\/web\/wp-content\/plugins\/page-views-count\/ajax-loader-2x.gif\" border=0 \/><\/p>\n<div class=\"pvc_clear\"><\/div>\n<p>Este viernes fueron presentados oficialmente los nuevos secretarios regionales ministeriales que encabezar\u00e1n las carteras de Obras P\u00fablicas, Bienes Nacionales, y<\/p>\n","protected":false},"author":1,"featured_media":61608,"comment_status":"open","ping_status":"open","sticky":false,"template":"","format":"standard","meta":{"colormag_page_container_layout":"default_layout","colormag_page_sidebar_layout":"default_layout","footnotes":""},"categories":[84,14],"tags":[570],"class_list":["post-61607","post","type-post","status-publish","format-standard","has-post-thumbnail","hentry","category-politica","category-temuco","tag-seremis"],"a3_pvc":{"activated":true,"total_views":3132,"today_views":0},"_links":{"self":[{"href":"https:\/\/temucotelevision.cl\/web\/wp-json\/wp\/v2\/posts\/61607","targetHints":{"allow":["GET"]}}],"collection":[{"href":"https:\/\/temucotelevision.cl\/web\/wp-json\/wp\/v2\/posts"}],"about":[{"href":"https:\/\/temucotelevision.cl\/web\/wp-json\/wp\/v2\/types\/post"}],"author":[{"embeddable":true,"href":"https:\/\/temucotelevision.cl\/web\/wp-json\/wp\/v2\/users\/1"}],"replies":[{"embeddable":true,"href":"https:\/\/temucotelevision.cl\/web\/wp-json\/wp\/v2\/comments?post=61607"}],"version-history":[{"count":1,"href":"https:\/\/temucotelevision.cl\/web\/wp-json\/wp\/v2\/posts\/61607\/revisions"}],"predecessor-version":[{"id":61609,"href":"https:\/\/temucotelevision.cl\/web\/wp-json\/wp\/v2\/posts\/61607\/revisions\/61609"}],"wp:featuredmedia":[{"embeddable":true,"href":"https:\/\/temucotelevision.cl\/web\/wp-json\/wp\/v2\/media\/61608"}],"wp:attachment":[{"href":"https:\/\/temucotelevision.cl\/web\/wp-json\/wp\/v2\/media?parent=61607"}],"wp:term":[{"taxonomy":"category","embeddable":true,"href":"https:\/\/temucotelevision.cl\/web\/wp-json\/wp\/v2\/categories?post=61607"},{"taxonomy":"post_tag","embeddable":true,"href":"https:\/\/temucotelevision.cl\/web\/wp-json\/wp\/v2\/tags?post=61607"}],"curies":[{"name":"wp","href":"https:\/\/api.w.org\/{rel}","templated":true}]}}