{"id":61604,"date":"2026-03-27T20:40:38","date_gmt":"2026-03-27T23:40:38","guid":{"rendered":"https:\/\/temucotelevision.cl\/web\/?p=61604"},"modified":"2026-03-27T20:40:39","modified_gmt":"2026-03-27T23:40:39","slug":"chilehuevos-y-sag-refuerzan-capacitacion-en-bioseguridad-ante-nuevos-brotes-de-influenza-aviar","status":"publish","type":"post","link":"https:\/\/temucotelevision.cl\/web\/2026\/03\/27\/chilehuevos-y-sag-refuerzan-capacitacion-en-bioseguridad-ante-nuevos-brotes-de-influenza-aviar\/","title":{"rendered":"Chilehuevos y SAG refuerzan capacitaci\u00f3n en bioseguridad ante nuevos brotes de influenza aviar"},"content":{"rendered":"<div class=\"pvc_clear\"><\/div><p id=\"pvc_stats_61604\" class=\"pvc_stats total_only  \" data-element-id=\"61604\" style=\"\"><i class=\"pvc-stats-icon large\" aria-hidden=\"true\"><svg aria-hidden=\"true\" focusable=\"false\" data-prefix=\"far\" data-icon=\"chart-bar\" role=\"img\" xmlns=\"http:\/\/www.w3.org\/2000\/svg\" viewBox=\"0 0 512 512\" class=\"svg-inline--fa fa-chart-bar fa-w-16 fa-2x\"><path fill=\"currentColor\" d=\"M396.8 352h22.4c6.4 0 12.8-6.4 12.8-12.8V108.8c0-6.4-6.4-12.8-12.8-12.8h-22.4c-6.4 0-12.8 6.4-12.8 12.8v230.4c0 6.4 6.4 12.8 12.8 12.8zm-192 0h22.4c6.4 0 12.8-6.4 12.8-12.8V140.8c0-6.4-6.4-12.8-12.8-12.8h-22.4c-6.4 0-12.8 6.4-12.8 12.8v198.4c0 6.4 6.4 12.8 12.8 12.8zm96 0h22.4c6.4 0 12.8-6.4 12.8-12.8V204.8c0-6.4-6.4-12.8-12.8-12.8h-22.4c-6.4 0-12.8 6.4-12.8 12.8v134.4c0 6.4 6.4 12.8 12.8 12.8zM496 400H48V80c0-8.84-7.16-16-16-16H16C7.16 64 0 71.16 0 80v336c0 17.67 14.33 32 32 32h464c8.84 0 16-7.16 16-16v-16c0-8.84-7.16-16-16-16zm-387.2-48h22.4c6.4 0 12.8-6.4 12.8-12.8v-70.4c0-6.4-6.4-12.8-12.8-12.8h-22.4c-6.4 0-12.8 6.4-12.8 12.8v70.4c0 6.4 6.4 12.8 12.8 12.8z\" class=\"\"><\/path><\/svg><\/i> <img loading=\"lazy\" decoding=\"async\" width=\"16\" height=\"16\" alt=\"Loading\" src=\"https:\/\/temucotelevision.cl\/web\/wp-content\/plugins\/page-views-count\/ajax-loader-2x.gif\" border=0 \/><\/p><div class=\"pvc_clear\"><\/div>\n<p><em>Ambas entidades realizaron un taller donde se enfatiz\u00f3 la importancia de la denuncia r\u00e1pida ante presencia de aves enfermas.<\/em><\/p>\n\n\n\n<p>En una jornada marcada por la alta convocatoria y la urgencia sanitaria, la Asociaci\u00f3n Gremial de Productores de Huevos (Chilehuevos) y el Servicio Agr\u00edcola y Ganadero (SAG) realizaron un taller online clave para abordar la situaci\u00f3n actual de la Influenza Aviaria de Alta Patogenicidad (IAAP) H5N1. Con m\u00e1s de 280 participantes, entre productores, t\u00e9cnicos y operarios, el evento subray\u00f3 la necesidad cr\u00edtica de blindar los planteles ante la circulaci\u00f3n viral detectada recientemente en la zona central del pa\u00eds.<\/p>\n\n\n\n<p>El taller cont\u00f3 con la exposici\u00f3n del Dr. Hern\u00e1n Rojas, director de&nbsp;CERES BCA, la Dra. Priscilla Parada, jefa de campa\u00f1a de Influenza Aviar del SAG; y el Dr. Jos\u00e9 Miguel Correa, asesor t\u00e9cnico de Chilehuevos, quienes entregaron una radiograf\u00eda completa del escenario epidemiol\u00f3gico y las herramientas de prevenci\u00f3n disponibles.<\/p>\n\n\n\n<p>Hern\u00e1n Rojas inici\u00f3 la jornada con una sinopsis del avance del virus a nivel mundial, destacando que el genotipo predominante (H5N1) ha demostrado una eficacia de transmisi\u00f3n sin precedentes. Rojas enfatiz\u00f3 que Chile enfrenta un desaf\u00edo estacional debido a las rutas migratorias de aves silvestres, principal vector de la enfermedad.<\/p>\n\n\n\n<p>&#8220;Estamos frente a una de las m\u00e1s grandes epizootias de la historia reciente. La enfermedad sigue presente activamente en Europa y Estados Unidos con miles de focos. En Sudam\u00e9rica, aunque la frecuencia es menor, los brotes espor\u00e1dicos son de alta preocupaci\u00f3n&#8221;, advirti\u00f3 el Dr. Hern\u00e1n Rojas. &#8220;La bioseguridad no es una opci\u00f3n, es la \u00fanica barrera real ante un enemigo que ya no solo afecta a aves, sino que muestra un salto creciente hacia mam\u00edferos&#8221;.<\/p>\n\n\n\n<p>Por su parte, Priscilla Parada explic\u00f3 que, a diferencia del ciclo 2023 donde el pel\u00edcano fue el gran afectado en el pa\u00eds, este a\u00f1o la emergencia comenz\u00f3 con cisnes coscoroba, lo que evidencia un cambio en el comportamiento del virus en la fauna silvestre.<\/p>\n\n\n\n<p>El SAG inform\u00f3 la celeridad de la respuesta ante focos del virus, donde se han activado de inmediato los protocolos de sacrificio sanitario, control de movimiento y vigilancia molecular estricta.<\/p>\n\n\n\n<p>&#8220;Nuestra capacidad de respuesta ha sido extremadamente r\u00e1pida; atendiendo a los casos presentados y obteniendo resultados en el mismo d\u00eda. Sin embargo, el riesgo es alto debido a la concentraci\u00f3n av\u00edcola, en algunas zonas como la central&#8221;, se\u00f1al\u00f3 la Dra. Priscilla Parada.&nbsp;<\/p>\n\n\n\n<p>Adem\u00e1s, destac\u00f3 la importancia de las nuevas herramientas de apoyo: &#8220;Contamos con un seguro av\u00edcola estatal operado por Agroseguros para productores de hasta 20.000 aves, que compensa desde el momento de la denuncia. Es vital denunciar a tiempo, para tener la m\u00e1xima cobertura de los da\u00f1os&#8221;.<\/p>\n\n\n\n<p>El cierre t\u00e9cnico estuvo a cargo del Dr. Jos\u00e9 Miguel Correa, quien present\u00f3 una gu\u00eda pr\u00e1ctica basada en las debilidades detectadas en auditor\u00edas previas. Correa fue enf\u00e1tico en que la infraestructura es in\u00fatil si la operaci\u00f3n falla por falta de disciplina o capacitaci\u00f3n.<\/p>\n\n\n\n<p>El experto revis\u00f3 puntos cr\u00edticos como el cerco perimetral, el sellado de mallas para evitar el ingreso de gorriones y palomas, y la potabilizaci\u00f3n del agua de bebida, factor que ha estado vinculado a brotes hist\u00f3ricos.<\/p>\n\n\n\n<p>&#8221; La ducha para el personal debe ser obligatoria, no solo deseable. Pasar al \u00e1rea limpia significa dejarlo todo: aros, relojes y ropa de calle. Si no nos comprometemos con el detalle, el virus encontrar\u00e1 el camino&#8221;, sentenci\u00f3 el Dr. Jos\u00e9 Miguel Correa.<\/p>\n\n\n\n<p>Correa tambi\u00e9n hizo un llamado a evitar pr\u00e1cticas de riesgo y extremar la desinfecci\u00f3n de veh\u00edculos: &#8220;Nuestra industria tiene muchas ruedas: alimento, gas, retiro de guano, despacho. Cada cami\u00f3n es un riesgo potencial que debe ser sanitizado antes de entrar&#8221;.<\/p>\n\n\n\n<p>Desde Chilehuevos destacaron que, a pesar de la emergencia, el pa\u00eds cuenta con mejores herramientas que en 2023. Actualmente, el 55% de las ponedoras del pa\u00eds est\u00e1n cubiertas por alg\u00fan tipo de seguro (estatal o privado impulsado por el gremio), y se ha capacitado a m\u00e1s de 600 peque\u00f1os productores en convenios con INDAP.<\/p>\n\n\n\n<p>El taller concluy\u00f3 con un llamado a la notificaci\u00f3n inmediata ante cualquier aumento de mortalidad. La transparencia y la rapidez en la denuncia son, seg\u00fan los expertos, la \u00fanica forma de proteger la sanidad de la avicultura nacional y mitigar el impacto econ\u00f3mico por brotes de la enfermedad.<\/p>\n","protected":false},"excerpt":{"rendered":"<div class=\"pvc_clear\"><\/div>\n<p id=\"pvc_stats_61604\" class=\"pvc_stats total_only  \" data-element-id=\"61604\" style=\"\"><i class=\"pvc-stats-icon large\" aria-hidden=\"true\"><svg aria-hidden=\"true\" focusable=\"false\" data-prefix=\"far\" data-icon=\"chart-bar\" role=\"img\" xmlns=\"http:\/\/www.w3.org\/2000\/svg\" viewBox=\"0 0 512 512\" class=\"svg-inline--fa fa-chart-bar fa-w-16 fa-2x\"><path fill=\"currentColor\" d=\"M396.8 352h22.4c6.4 0 12.8-6.4 12.8-12.8V108.8c0-6.4-6.4-12.8-12.8-12.8h-22.4c-6.4 0-12.8 6.4-12.8 12.8v230.4c0 6.4 6.4 12.8 12.8 12.8zm-192 0h22.4c6.4 0 12.8-6.4 12.8-12.8V140.8c0-6.4-6.4-12.8-12.8-12.8h-22.4c-6.4 0-12.8 6.4-12.8 12.8v198.4c0 6.4 6.4 12.8 12.8 12.8zm96 0h22.4c6.4 0 12.8-6.4 12.8-12.8V204.8c0-6.4-6.4-12.8-12.8-12.8h-22.4c-6.4 0-12.8 6.4-12.8 12.8v134.4c0 6.4 6.4 12.8 12.8 12.8zM496 400H48V80c0-8.84-7.16-16-16-16H16C7.16 64 0 71.16 0 80v336c0 17.67 14.33 32 32 32h464c8.84 0 16-7.16 16-16v-16c0-8.84-7.16-16-16-16zm-387.2-48h22.4c6.4 0 12.8-6.4 12.8-12.8v-70.4c0-6.4-6.4-12.8-12.8-12.8h-22.4c-6.4 0-12.8 6.4-12.8 12.8v70.4c0 6.4 6.4 12.8 12.8 12.8z\" class=\"\"><\/path><\/svg><\/i> <img loading=\"lazy\" decoding=\"async\" width=\"16\" height=\"16\" alt=\"Loading\" src=\"https:\/\/temucotelevision.cl\/web\/wp-content\/plugins\/page-views-count\/ajax-loader-2x.gif\" border=0 \/><\/p>\n<div class=\"pvc_clear\"><\/div>\n<p>Ambas entidades realizaron un taller donde se enfatiz\u00f3 la importancia de la denuncia r\u00e1pida ante presencia de aves enfermas. En<\/p>\n","protected":false},"author":1,"featured_media":61605,"comment_status":"open","ping_status":"open","sticky":false,"template":"","format":"standard","meta":{"colormag_page_container_layout":"default_layout","colormag_page_sidebar_layout":"default_layout","footnotes":""},"categories":[15],"tags":[6053],"class_list":["post-61604","post","type-post","status-publish","format-standard","has-post-thumbnail","hentry","category-la-araucania","tag-aviar"],"a3_pvc":{"activated":true,"total_views":2813,"today_views":0},"_links":{"self":[{"href":"https:\/\/temucotelevision.cl\/web\/wp-json\/wp\/v2\/posts\/61604","targetHints":{"allow":["GET"]}}],"collection":[{"href":"https:\/\/temucotelevision.cl\/web\/wp-json\/wp\/v2\/posts"}],"about":[{"href":"https:\/\/temucotelevision.cl\/web\/wp-json\/wp\/v2\/types\/post"}],"author":[{"embeddable":true,"href":"https:\/\/temucotelevision.cl\/web\/wp-json\/wp\/v2\/users\/1"}],"replies":[{"embeddable":true,"href":"https:\/\/temucotelevision.cl\/web\/wp-json\/wp\/v2\/comments?post=61604"}],"version-history":[{"count":1,"href":"https:\/\/temucotelevision.cl\/web\/wp-json\/wp\/v2\/posts\/61604\/revisions"}],"predecessor-version":[{"id":61606,"href":"https:\/\/temucotelevision.cl\/web\/wp-json\/wp\/v2\/posts\/61604\/revisions\/61606"}],"wp:featuredmedia":[{"embeddable":true,"href":"https:\/\/temucotelevision.cl\/web\/wp-json\/wp\/v2\/media\/61605"}],"wp:attachment":[{"href":"https:\/\/temucotelevision.cl\/web\/wp-json\/wp\/v2\/media?parent=61604"}],"wp:term":[{"taxonomy":"category","embeddable":true,"href":"https:\/\/temucotelevision.cl\/web\/wp-json\/wp\/v2\/categories?post=61604"},{"taxonomy":"post_tag","embeddable":true,"href":"https:\/\/temucotelevision.cl\/web\/wp-json\/wp\/v2\/tags?post=61604"}],"curies":[{"name":"wp","href":"https:\/\/api.w.org\/{rel}","templated":true}]}}