{"id":61565,"date":"2026-03-24T15:13:45","date_gmt":"2026-03-24T18:13:45","guid":{"rendered":"https:\/\/temucotelevision.cl\/web\/?p=61565"},"modified":"2026-03-24T15:13:46","modified_gmt":"2026-03-24T18:13:46","slug":"laura-pausini-estrena-yo-canto-2-album-homenaje-a-grandes-compositores-en-espanol","status":"publish","type":"post","link":"https:\/\/temucotelevision.cl\/web\/2026\/03\/24\/laura-pausini-estrena-yo-canto-2-album-homenaje-a-grandes-compositores-en-espanol\/","title":{"rendered":"Laura Pausini estrena &#8220;Yo Canto 2&#8221;, \u00e1lbum homenaje a grandes compositores en espa\u00f1ol"},"content":{"rendered":"<div class=\"pvc_clear\"><\/div><p id=\"pvc_stats_61565\" class=\"pvc_stats total_only  \" data-element-id=\"61565\" style=\"\"><i class=\"pvc-stats-icon large\" aria-hidden=\"true\"><svg aria-hidden=\"true\" focusable=\"false\" data-prefix=\"far\" data-icon=\"chart-bar\" role=\"img\" xmlns=\"http:\/\/www.w3.org\/2000\/svg\" viewBox=\"0 0 512 512\" class=\"svg-inline--fa fa-chart-bar fa-w-16 fa-2x\"><path fill=\"currentColor\" d=\"M396.8 352h22.4c6.4 0 12.8-6.4 12.8-12.8V108.8c0-6.4-6.4-12.8-12.8-12.8h-22.4c-6.4 0-12.8 6.4-12.8 12.8v230.4c0 6.4 6.4 12.8 12.8 12.8zm-192 0h22.4c6.4 0 12.8-6.4 12.8-12.8V140.8c0-6.4-6.4-12.8-12.8-12.8h-22.4c-6.4 0-12.8 6.4-12.8 12.8v198.4c0 6.4 6.4 12.8 12.8 12.8zm96 0h22.4c6.4 0 12.8-6.4 12.8-12.8V204.8c0-6.4-6.4-12.8-12.8-12.8h-22.4c-6.4 0-12.8 6.4-12.8 12.8v134.4c0 6.4 6.4 12.8 12.8 12.8zM496 400H48V80c0-8.84-7.16-16-16-16H16C7.16 64 0 71.16 0 80v336c0 17.67 14.33 32 32 32h464c8.84 0 16-7.16 16-16v-16c0-8.84-7.16-16-16-16zm-387.2-48h22.4c6.4 0 12.8-6.4 12.8-12.8v-70.4c0-6.4-6.4-12.8-12.8-12.8h-22.4c-6.4 0-12.8 6.4-12.8 12.8v70.4c0 6.4 6.4 12.8 12.8 12.8z\" class=\"\"><\/path><\/svg><\/i> <img loading=\"lazy\" decoding=\"async\" width=\"16\" height=\"16\" alt=\"Loading\" src=\"https:\/\/temucotelevision.cl\/web\/wp-content\/plugins\/page-views-count\/ajax-loader-2x.gif\" border=0 \/><\/p><div class=\"pvc_clear\"><\/div>\n<p>Laura Pausini, reconocida como la int\u00e9rprete italiana m\u00e1s escuchada fuera de su pa\u00eds y una de las voces internacionales m\u00e1s influyentes de la m\u00fasica latina,&nbsp;estrena&nbsp;<strong><em>YO CANTO 2<\/em><\/strong>, su nuevo \u00e1lbum en espa\u00f1ol disponible desde este momento en todas las plataformas digitales y en formatos sicos a nivel global.<\/p>\n\n\n\n<iframe loading=\"lazy\" width=\"560\" height=\"315\" src=\"https:\/\/www.youtube.com\/embed\/FhZC8RzFchU?si=GBToESv8BYdVKxju\" title=\"YouTube video player\" frameborder=\"0\" allow=\"accelerometer; autoplay; clipboard-write; encrypted-media; gyroscope; picture-in-picture; web-share\" referrerpolicy=\"strict-origin-when-cross-origin\" allowfullscreen><\/iframe>\n\n\n\n<p>Con este lanzamiento, la artista consolida una trayectoria de m\u00e1s de tres d\u00e9cadas marcada por su capacidad de conectar culturas, idiomas y generaciones a trav\u00e9s de la m\u00fasica. Este nuevo trabajo supone la evoluci\u00f3n natural de Yo Canto (2006), y llega un mes despu\u00e9s de la publicaci\u00f3n de&nbsp;<em>IO CANTO 2<\/em>, ampliando ahora su homenaje a grandes compositores de habla hispana, espa\u00f1oles y latinoamericanos, que han marcado generaciones.<\/p>\n\n\n\n<p><strong><em>YO CANTO 2<\/em>&nbsp;<\/strong>se posiciona como la continuaci\u00f3n directa del esp\u00edritu que defini\u00f3 el primer Y<em>o Canto<\/em>, un \u00e1lbum que supuso un punto de inflexi\u00f3n en la carrera de Laura al reinterpretar canciones que marcaron su crecimiento musical y personal. Dos d\u00e9cadas despu\u00e9s, retoma ese concepto desde una perspectiva m\u00e1s madura, ampliando el homenaje a todo el universo musical que ha acompa\u00f1ado su carrera en el mundo hispano, reafirmando su identidad como una de las voces internacionales m\u00e1s influyentes de la m\u00fasica latina y su compromiso con la m\u00fasica.<\/p>\n\n\n\n<p><em>\u201cEl segundo cap\u00edtulo de Yo canto llega veinte a\u00f1os despu\u00e9s del primero y esta vez, dedicado a algunas de las canciones que m\u00e1s he amado de artistas espa\u00f1oles, latinoamericanos y americanos. Son veinte a\u00f1os en los que hemos cambiado, crecido y vuelto a enamorar de la m\u00fasica. Hoy, igual que en aquel momento, mi \u00fanica motivaci\u00f3n y raz\u00f3n para rendir tributo a una canci\u00f3n, a su autor o a quien la interpreta es el amor. Cantando para poner la m\u00fasica como protagonista, para convertirme en la voz de un sentimiento poderoso. Lo hacemos por una raz\u00f3n visceral y verdadera: defender lo que creemos. En este \u00e1lbum, me siento como Juana de arco sin armadura pero con un micr\u00f3fono en la mano. Porque cuando la m\u00fasica me llama, yo respondo&#8221;<\/em>.<\/p>\n\n\n\n<p><em>&#8220;Estoy lista para defender sin miedo todo lo que amo. Yo creo en las canciones. Creo en la m\u00fasica. La m\u00fasica debe ser protegida por quienes viven por ella. Nosotros, los artistas, estamos aqu\u00ed para protegerla. Somos un ej\u00e9rcito armado solo con la belleza del arte, que sigue siendo el arma m\u00e1s revolucionaria de todas. En mi castillo no soy la reina. La \u00fanica reina, para m\u00ed, siempre ser\u00e1 ella: la m\u00fasica. Y la defender\u00e9 a mi manera, sin miedo, convirtiendo cada canci\u00f3n en un abrazo. Es ah\u00ed donde encuentro mi paz\u201d<\/em><\/p>\n\n\n\n<p>El nuevo \u00e1lbum re\u00fane t\u00edtulos emblem\u00e1ticos como \u201cHijo de la Luna\u201d, \u201c\u00bfPorqu\u00e9 te vas?\u201d, \u201cCuando nadie me ve\u201d, \u201cBachata Rosa\u201d, \u201cAntolog\u00eda\u201d, \u201cMariposa Tecknicolor\u201d, \u201cHasta la ra\u00edz\u201d o \u201cEl Patio\u201d, junto a composiciones m\u00e1s recientes como \u201cTurista\u201d, en un recorrido que abarca m\u00e1s de cinco d\u00e9cadas de m\u00fasica en espa\u00f1ol.<\/p>\n\n\n\n<p>El repertorio rinde homenaje a autores y artistas esenciales como Mecano, Gloria Estefan, Juan Luis Guerra, Alejandro Sanz, Shakira, Fito P\u00e1ez, Natalia Lafourcade, Pablo L\u00f3pez, Rosana, Antonio Orozco o Ricky Martin, consolidando el proyecto como un puente musical entre territorios, generaciones y sensibilidades culturales que han acompa\u00f1ado la trayectoria de Laura a lo largo de su carrera.<\/p>\n\n\n\n<p>El disco incorpora adem\u00e1s colaboraciones especiales con Nahuel Pennisi, Mikel Izal, Richaelio, Yami Safdie y Ricardo Montaner, que aportan nuevas lecturas y refuerzan el car\u00e1cter internacional y generacional del proyecto.<\/p>\n\n\n\n<p>D\u00edas despu\u00e9s del lanzamiento del \u00e1lbum, el 27 de marzo, Laura iniciar\u00e1 su esperado Yo Canto World Tour 2026\/2027, con el cual llegar\u00e1 a Chile el pr\u00f3ximo&nbsp;<strong>15 y 16 de abril<\/strong>&nbsp;en el&nbsp;<strong>Movistar Arena<\/strong>. Entradas v\u00eda&nbsp;<a href=\"https:\/\/email.agenciacollage.cl\/c\/eJxMkMFuwyAMhp8GLtMibCikBw7dpr5G5TgkRU0gSsii7eknpk7a8fdny_o_Ys57Kh4QJdO8UByTh_ZsZe87Z1tLMnhwThswaJW8exjas7Un57TtHVhEEzpQBgbVg-4syuhRoVUaNJyUgVPDLXaqD3rgoSOLLIyiMSSOxHmaaAwNT3Ly91KWTeiLwKvA63EczbKnkkvkRygN51ngdaJ9pdeF9i2mKFe_5n6NY27yVvJE3ySMmh_la1nznOuJLP75g_O8p8jEMaew1flyA8Tbb9d9C6sX7k0g_kkQiEJfXgRi3agJ32t6CvuHK0LhPuSnx58AAAD__3umZZ8\" target=\"_blank\" rel=\"noreferrer noopener\">Puntoticket.<\/a><\/p>\n\n\n\n<figure class=\"wp-block-image size-full\"><img loading=\"lazy\" decoding=\"async\" width=\"719\" height=\"479\" src=\"https:\/\/temucotelevision.cl\/web\/wp-content\/uploads\/2026\/03\/unnamed-3-1.jpg\" alt=\"\" class=\"wp-image-61567\"\/><\/figure>\n","protected":false},"excerpt":{"rendered":"<div class=\"pvc_clear\"><\/div>\n<p id=\"pvc_stats_61565\" class=\"pvc_stats total_only  \" data-element-id=\"61565\" style=\"\"><i class=\"pvc-stats-icon large\" aria-hidden=\"true\"><svg aria-hidden=\"true\" focusable=\"false\" data-prefix=\"far\" data-icon=\"chart-bar\" role=\"img\" xmlns=\"http:\/\/www.w3.org\/2000\/svg\" viewBox=\"0 0 512 512\" class=\"svg-inline--fa fa-chart-bar fa-w-16 fa-2x\"><path fill=\"currentColor\" d=\"M396.8 352h22.4c6.4 0 12.8-6.4 12.8-12.8V108.8c0-6.4-6.4-12.8-12.8-12.8h-22.4c-6.4 0-12.8 6.4-12.8 12.8v230.4c0 6.4 6.4 12.8 12.8 12.8zm-192 0h22.4c6.4 0 12.8-6.4 12.8-12.8V140.8c0-6.4-6.4-12.8-12.8-12.8h-22.4c-6.4 0-12.8 6.4-12.8 12.8v198.4c0 6.4 6.4 12.8 12.8 12.8zm96 0h22.4c6.4 0 12.8-6.4 12.8-12.8V204.8c0-6.4-6.4-12.8-12.8-12.8h-22.4c-6.4 0-12.8 6.4-12.8 12.8v134.4c0 6.4 6.4 12.8 12.8 12.8zM496 400H48V80c0-8.84-7.16-16-16-16H16C7.16 64 0 71.16 0 80v336c0 17.67 14.33 32 32 32h464c8.84 0 16-7.16 16-16v-16c0-8.84-7.16-16-16-16zm-387.2-48h22.4c6.4 0 12.8-6.4 12.8-12.8v-70.4c0-6.4-6.4-12.8-12.8-12.8h-22.4c-6.4 0-12.8 6.4-12.8 12.8v70.4c0 6.4 6.4 12.8 12.8 12.8z\" class=\"\"><\/path><\/svg><\/i> <img loading=\"lazy\" decoding=\"async\" width=\"16\" height=\"16\" alt=\"Loading\" src=\"https:\/\/temucotelevision.cl\/web\/wp-content\/plugins\/page-views-count\/ajax-loader-2x.gif\" border=0 \/><\/p>\n<div class=\"pvc_clear\"><\/div>\n<p>Laura Pausini, reconocida como la int\u00e9rprete italiana m\u00e1s escuchada fuera de su pa\u00eds y una de las voces internacionales m\u00e1s<\/p>\n","protected":false},"author":1,"featured_media":61566,"comment_status":"open","ping_status":"open","sticky":false,"template":"","format":"standard","meta":{"colormag_page_container_layout":"default_layout","colormag_page_sidebar_layout":"default_layout","footnotes":""},"categories":[369],"tags":[801],"class_list":["post-61565","post","type-post","status-publish","format-standard","has-post-thumbnail","hentry","category-musica","tag-cantante"],"a3_pvc":{"activated":true,"total_views":3117,"today_views":1},"_links":{"self":[{"href":"https:\/\/temucotelevision.cl\/web\/wp-json\/wp\/v2\/posts\/61565","targetHints":{"allow":["GET"]}}],"collection":[{"href":"https:\/\/temucotelevision.cl\/web\/wp-json\/wp\/v2\/posts"}],"about":[{"href":"https:\/\/temucotelevision.cl\/web\/wp-json\/wp\/v2\/types\/post"}],"author":[{"embeddable":true,"href":"https:\/\/temucotelevision.cl\/web\/wp-json\/wp\/v2\/users\/1"}],"replies":[{"embeddable":true,"href":"https:\/\/temucotelevision.cl\/web\/wp-json\/wp\/v2\/comments?post=61565"}],"version-history":[{"count":1,"href":"https:\/\/temucotelevision.cl\/web\/wp-json\/wp\/v2\/posts\/61565\/revisions"}],"predecessor-version":[{"id":61568,"href":"https:\/\/temucotelevision.cl\/web\/wp-json\/wp\/v2\/posts\/61565\/revisions\/61568"}],"wp:featuredmedia":[{"embeddable":true,"href":"https:\/\/temucotelevision.cl\/web\/wp-json\/wp\/v2\/media\/61566"}],"wp:attachment":[{"href":"https:\/\/temucotelevision.cl\/web\/wp-json\/wp\/v2\/media?parent=61565"}],"wp:term":[{"taxonomy":"category","embeddable":true,"href":"https:\/\/temucotelevision.cl\/web\/wp-json\/wp\/v2\/categories?post=61565"},{"taxonomy":"post_tag","embeddable":true,"href":"https:\/\/temucotelevision.cl\/web\/wp-json\/wp\/v2\/tags?post=61565"}],"curies":[{"name":"wp","href":"https:\/\/api.w.org\/{rel}","templated":true}]}}