{"id":61562,"date":"2026-03-24T10:26:39","date_gmt":"2026-03-24T13:26:39","guid":{"rendered":"https:\/\/temucotelevision.cl\/web\/?p=61562"},"modified":"2026-03-24T10:26:40","modified_gmt":"2026-03-24T13:26:40","slug":"la-feria-gratuita-de-idiomas-llega-a-temuco-con-test-de-ingles-certificado-y-orientacion-para-estudiar-en-el-extranjero","status":"publish","type":"post","link":"https:\/\/temucotelevision.cl\/web\/2026\/03\/24\/la-feria-gratuita-de-idiomas-llega-a-temuco-con-test-de-ingles-certificado-y-orientacion-para-estudiar-en-el-extranjero\/","title":{"rendered":"La feria gratuita de idiomas llega a Temuco con test de ingl\u00e9s certificado y orientaci\u00f3n para estudiar en el extranjero"},"content":{"rendered":"<div class=\"pvc_clear\"><\/div><p id=\"pvc_stats_61562\" class=\"pvc_stats total_only  \" data-element-id=\"61562\" style=\"\"><i class=\"pvc-stats-icon large\" aria-hidden=\"true\"><svg aria-hidden=\"true\" focusable=\"false\" data-prefix=\"far\" data-icon=\"chart-bar\" role=\"img\" xmlns=\"http:\/\/www.w3.org\/2000\/svg\" viewBox=\"0 0 512 512\" class=\"svg-inline--fa fa-chart-bar fa-w-16 fa-2x\"><path fill=\"currentColor\" d=\"M396.8 352h22.4c6.4 0 12.8-6.4 12.8-12.8V108.8c0-6.4-6.4-12.8-12.8-12.8h-22.4c-6.4 0-12.8 6.4-12.8 12.8v230.4c0 6.4 6.4 12.8 12.8 12.8zm-192 0h22.4c6.4 0 12.8-6.4 12.8-12.8V140.8c0-6.4-6.4-12.8-12.8-12.8h-22.4c-6.4 0-12.8 6.4-12.8 12.8v198.4c0 6.4 6.4 12.8 12.8 12.8zm96 0h22.4c6.4 0 12.8-6.4 12.8-12.8V204.8c0-6.4-6.4-12.8-12.8-12.8h-22.4c-6.4 0-12.8 6.4-12.8 12.8v134.4c0 6.4 6.4 12.8 12.8 12.8zM496 400H48V80c0-8.84-7.16-16-16-16H16C7.16 64 0 71.16 0 80v336c0 17.67 14.33 32 32 32h464c8.84 0 16-7.16 16-16v-16c0-8.84-7.16-16-16-16zm-387.2-48h22.4c6.4 0 12.8-6.4 12.8-12.8v-70.4c0-6.4-6.4-12.8-12.8-12.8h-22.4c-6.4 0-12.8 6.4-12.8 12.8v70.4c0 6.4 6.4 12.8 12.8 12.8z\" class=\"\"><\/path><\/svg><\/i> <img loading=\"lazy\" decoding=\"async\" width=\"16\" height=\"16\" alt=\"Loading\" src=\"https:\/\/temucotelevision.cl\/web\/wp-content\/plugins\/page-views-count\/ajax-loader-2x.gif\" border=0 \/><\/p><div class=\"pvc_clear\"><\/div>\n<p>En un escenario donde el dominio del ingl\u00e9s se vuelve cada vez m\u00e1s decisivo para acceder a mejores oportunidades acad\u00e9micas y laborales,&nbsp;<strong>Temuco<\/strong><strong>&nbsp;<\/strong><strong>ser\u00e1 una de las ciudades que recibir\u00e1 la Feria Global\u00edzate<\/strong>, el evento gratuito organizado por&nbsp;InterExpo&nbsp;y encabezado por&nbsp;<strong>EF&nbsp;<\/strong><strong>Education<\/strong><strong>&nbsp;<\/strong><strong>First<\/strong>.<\/p>\n\n\n\n<p>La actividad se realizar\u00e1 el&nbsp;<strong>27<\/strong><strong>&nbsp;de marzo entre las 12:00 y las 20:00&nbsp;<\/strong><strong>hrs<\/strong><strong>&nbsp;y<\/strong><strong>&nbsp;el<\/strong>&nbsp;<strong>28 de marzo<\/strong><strong>&nbsp;entre las 10:00 y las 17:00&nbsp;<\/strong><strong>hrs<\/strong><strong>&nbsp;en&nbsp;<\/strong><strong>el Hotel&nbsp;<\/strong><strong>Best<\/strong><strong>&nbsp;Western&nbsp;<\/strong><strong>Ferrat<\/strong><strong>, Juan&nbsp;<\/strong><strong>Reusch<\/strong><strong>&nbsp;445<\/strong>, y est\u00e1 dirigida a estudiantes, j\u00f3venes profesionales y familias de&nbsp;<strong>Temuco<\/strong>&nbsp;que quieran explorar oportunidades de estudio en el extranjero o medir su nivel real de ingl\u00e9s con un&nbsp;<strong>test gratuito con certificaci\u00f3n internacional<\/strong>.<\/p>\n\n\n\n<p>La llegada del evento busca acercar herramientas concretas a una ciudad reconocida por su&nbsp;<strong>tradici\u00f3n universitaria y su dinamismo estudiantil<\/strong>, facilitando el acceso a informaci\u00f3n sobre programas acad\u00e9micos internacionales y asesor\u00edas especializadas sin costo.<\/p>\n\n\n\n<p>Brecha en el dominio del ingl\u00e9s<\/p>\n\n\n\n<p>De acuerdo con el&nbsp;<strong>EF English&nbsp;<\/strong><strong>Proficiency<\/strong><strong>&nbsp;<\/strong><strong>Index<\/strong>&nbsp;2025,&nbsp;el estudio m\u00e1s amplio del mundo sobre dominio del idioma, que evalu\u00f3 a m\u00e1s de 2,2 millones de personas en 123 pa\u00edses,&nbsp;<strong>Chile se ubica en el puesto 54 a nivel global<\/strong>, con&nbsp;<strong>488 puntos de un m\u00e1ximo de 700<\/strong>, dentro de la categor\u00eda de nivel medio.<\/p>\n\n\n\n<p>El informe muestra desaf\u00edos relevantes: la&nbsp;<strong>expresi\u00f3n oral aparece como la habilidad m\u00e1s d\u00e9bil (439 puntos)<\/strong>, mientras que&nbsp;<strong>lectura (535)<\/strong>&nbsp;y&nbsp;<strong>comprensi\u00f3n auditiva (499)<\/strong>&nbsp;presentan mejores resultados.<\/p>\n\n\n\n<p>Adem\u00e1s, el&nbsp;<strong>segmento estudiantil registra el desempe\u00f1o m\u00e1s bajo con 453 puntos<\/strong>, lo que evidencia la necesidad de fortalecer el aprendizaje del idioma durante las etapas formativas, especialmente en ciudades universitarias como Concepci\u00f3n.<\/p>\n\n\n\n<p><strong>Una instancia pr\u00e1ctica para proyectar el futuro<\/strong><\/p>\n\n\n\n<p>M\u00e1s que una feria informativa, Global\u00edzate busca convertirse en una herramienta concreta para quienes desean avanzar en su formaci\u00f3n internacional.<\/p>\n\n\n\n<p>Durante la jornada, los asistentes podr\u00e1n:<\/p>\n\n\n\n<p>\u2022&nbsp;Rendir un&nbsp;<strong>test de ingl\u00e9s gratuito<\/strong>&nbsp;con&nbsp;<strong>certificado internacional inmediato<\/strong>.<\/p>\n\n\n\n<p>\u2022&nbsp;Acceder a&nbsp;<strong>asesor\u00edas acad\u00e9micas personalizadas sin costo<\/strong>.<\/p>\n\n\n\n<p>\u2022&nbsp;Conocer&nbsp;<strong>programas de idiomas disponibles en m\u00e1s de 50 destinos<\/strong>&nbsp;alrededor del mundo.<\/p>\n\n\n\n<p>El examen aplicado corresponde al&nbsp;<strong>EF SET<\/strong>, uno de los&nbsp;tests&nbsp;de ingl\u00e9s gratuitos m\u00e1s utilizados a nivel global. La evaluaci\u00f3n mide comprensi\u00f3n lectora y auditiva y actualmente incorpora an\u00e1lisis de&nbsp;<strong>habilidades orales y escritas mediante inteligencia artificial<\/strong>, entregando un diagn\u00f3stico m\u00e1s completo del dominio del idioma.<\/p>\n\n\n\n<p>\u201c<em>Aprender ingl\u00e9s ya no es solo una ventaja competitiva; hoy es una herramienta clave para acceder a nuevas oportunidades acad\u00e9micas, laborales y de emprendimiento. Global\u00edzate busca que m\u00e1s personas puedan proyectar su futuro con una experiencia internacional concreta\u201d,<\/em>&nbsp;se\u00f1ala&nbsp;<strong>Javier Droguett<\/strong>, Country Manager de EF en Chile.<\/p>\n\n\n\n<p>Coordenadas:<\/p>\n\n\n\n<p><strong>Temuco<\/strong><br>Hotel Best Western&nbsp;Ferrat, Juan&nbsp;Reusch&nbsp;445<br>27&nbsp;de&nbsp;marzo&nbsp;| 12:00 \u2013&nbsp;20:00&nbsp;hrs&nbsp;&#8211;&nbsp;28&nbsp;de&nbsp;marzo&nbsp;| 10:00 \u2013&nbsp;17:00&nbsp;hrs<\/p>\n\n\n\n<p><strong>Entrada gratuita con inscripci\u00f3n previa en este link: https:\/\/www.ef.com\/cl\/local-campaign\/cl\/2026\/q2\/efglobalizateregiones2026\/?utm_source=(direct)&amp;utm_medium=(none)&amp;int_utms=1#infomeeting<\/strong><\/p>\n","protected":false},"excerpt":{"rendered":"<div class=\"pvc_clear\"><\/div>\n<p id=\"pvc_stats_61562\" class=\"pvc_stats total_only  \" data-element-id=\"61562\" style=\"\"><i class=\"pvc-stats-icon large\" aria-hidden=\"true\"><svg aria-hidden=\"true\" focusable=\"false\" data-prefix=\"far\" data-icon=\"chart-bar\" role=\"img\" xmlns=\"http:\/\/www.w3.org\/2000\/svg\" viewBox=\"0 0 512 512\" class=\"svg-inline--fa fa-chart-bar fa-w-16 fa-2x\"><path fill=\"currentColor\" d=\"M396.8 352h22.4c6.4 0 12.8-6.4 12.8-12.8V108.8c0-6.4-6.4-12.8-12.8-12.8h-22.4c-6.4 0-12.8 6.4-12.8 12.8v230.4c0 6.4 6.4 12.8 12.8 12.8zm-192 0h22.4c6.4 0 12.8-6.4 12.8-12.8V140.8c0-6.4-6.4-12.8-12.8-12.8h-22.4c-6.4 0-12.8 6.4-12.8 12.8v198.4c0 6.4 6.4 12.8 12.8 12.8zm96 0h22.4c6.4 0 12.8-6.4 12.8-12.8V204.8c0-6.4-6.4-12.8-12.8-12.8h-22.4c-6.4 0-12.8 6.4-12.8 12.8v134.4c0 6.4 6.4 12.8 12.8 12.8zM496 400H48V80c0-8.84-7.16-16-16-16H16C7.16 64 0 71.16 0 80v336c0 17.67 14.33 32 32 32h464c8.84 0 16-7.16 16-16v-16c0-8.84-7.16-16-16-16zm-387.2-48h22.4c6.4 0 12.8-6.4 12.8-12.8v-70.4c0-6.4-6.4-12.8-12.8-12.8h-22.4c-6.4 0-12.8 6.4-12.8 12.8v70.4c0 6.4 6.4 12.8 12.8 12.8z\" class=\"\"><\/path><\/svg><\/i> <img loading=\"lazy\" decoding=\"async\" width=\"16\" height=\"16\" alt=\"Loading\" src=\"https:\/\/temucotelevision.cl\/web\/wp-content\/plugins\/page-views-count\/ajax-loader-2x.gif\" border=0 \/><\/p>\n<div class=\"pvc_clear\"><\/div>\n<p>En un escenario donde el dominio del ingl\u00e9s se vuelve cada vez m\u00e1s decisivo para acceder a mejores oportunidades acad\u00e9micas<\/p>\n","protected":false},"author":1,"featured_media":61563,"comment_status":"open","ping_status":"open","sticky":false,"template":"","format":"standard","meta":{"colormag_page_container_layout":"default_layout","colormag_page_sidebar_layout":"default_layout","footnotes":""},"categories":[101],"tags":[1248],"class_list":["post-61562","post","type-post","status-publish","format-standard","has-post-thumbnail","hentry","category-actualidad","tag-ingles"],"a3_pvc":{"activated":true,"total_views":542,"today_views":0},"_links":{"self":[{"href":"https:\/\/temucotelevision.cl\/web\/wp-json\/wp\/v2\/posts\/61562","targetHints":{"allow":["GET"]}}],"collection":[{"href":"https:\/\/temucotelevision.cl\/web\/wp-json\/wp\/v2\/posts"}],"about":[{"href":"https:\/\/temucotelevision.cl\/web\/wp-json\/wp\/v2\/types\/post"}],"author":[{"embeddable":true,"href":"https:\/\/temucotelevision.cl\/web\/wp-json\/wp\/v2\/users\/1"}],"replies":[{"embeddable":true,"href":"https:\/\/temucotelevision.cl\/web\/wp-json\/wp\/v2\/comments?post=61562"}],"version-history":[{"count":1,"href":"https:\/\/temucotelevision.cl\/web\/wp-json\/wp\/v2\/posts\/61562\/revisions"}],"predecessor-version":[{"id":61564,"href":"https:\/\/temucotelevision.cl\/web\/wp-json\/wp\/v2\/posts\/61562\/revisions\/61564"}],"wp:featuredmedia":[{"embeddable":true,"href":"https:\/\/temucotelevision.cl\/web\/wp-json\/wp\/v2\/media\/61563"}],"wp:attachment":[{"href":"https:\/\/temucotelevision.cl\/web\/wp-json\/wp\/v2\/media?parent=61562"}],"wp:term":[{"taxonomy":"category","embeddable":true,"href":"https:\/\/temucotelevision.cl\/web\/wp-json\/wp\/v2\/categories?post=61562"},{"taxonomy":"post_tag","embeddable":true,"href":"https:\/\/temucotelevision.cl\/web\/wp-json\/wp\/v2\/tags?post=61562"}],"curies":[{"name":"wp","href":"https:\/\/api.w.org\/{rel}","templated":true}]}}