{"id":61548,"date":"2026-03-23T19:29:39","date_gmt":"2026-03-23T22:29:39","guid":{"rendered":"https:\/\/temucotelevision.cl\/web\/?p=61548"},"modified":"2026-03-23T19:30:23","modified_gmt":"2026-03-23T22:30:23","slug":"gremio-agricola-y-parlamentarios-sellan-trabajo-publico-privado-por-el-desarrollo-de-malleco","status":"publish","type":"post","link":"https:\/\/temucotelevision.cl\/web\/2026\/03\/23\/gremio-agricola-y-parlamentarios-sellan-trabajo-publico-privado-por-el-desarrollo-de-malleco\/","title":{"rendered":"Gremio agr\u00edcola y parlamentarios sellan trabajo p\u00fablico-privado por el desarrollo de Malleco"},"content":{"rendered":"<div class=\"pvc_clear\"><\/div><p id=\"pvc_stats_61548\" class=\"pvc_stats total_only  \" data-element-id=\"61548\" style=\"\"><i class=\"pvc-stats-icon large\" aria-hidden=\"true\"><svg aria-hidden=\"true\" focusable=\"false\" data-prefix=\"far\" data-icon=\"chart-bar\" role=\"img\" xmlns=\"http:\/\/www.w3.org\/2000\/svg\" viewBox=\"0 0 512 512\" class=\"svg-inline--fa fa-chart-bar fa-w-16 fa-2x\"><path fill=\"currentColor\" d=\"M396.8 352h22.4c6.4 0 12.8-6.4 12.8-12.8V108.8c0-6.4-6.4-12.8-12.8-12.8h-22.4c-6.4 0-12.8 6.4-12.8 12.8v230.4c0 6.4 6.4 12.8 12.8 12.8zm-192 0h22.4c6.4 0 12.8-6.4 12.8-12.8V140.8c0-6.4-6.4-12.8-12.8-12.8h-22.4c-6.4 0-12.8 6.4-12.8 12.8v198.4c0 6.4 6.4 12.8 12.8 12.8zm96 0h22.4c6.4 0 12.8-6.4 12.8-12.8V204.8c0-6.4-6.4-12.8-12.8-12.8h-22.4c-6.4 0-12.8 6.4-12.8 12.8v134.4c0 6.4 6.4 12.8 12.8 12.8zM496 400H48V80c0-8.84-7.16-16-16-16H16C7.16 64 0 71.16 0 80v336c0 17.67 14.33 32 32 32h464c8.84 0 16-7.16 16-16v-16c0-8.84-7.16-16-16-16zm-387.2-48h22.4c6.4 0 12.8-6.4 12.8-12.8v-70.4c0-6.4-6.4-12.8-12.8-12.8h-22.4c-6.4 0-12.8 6.4-12.8 12.8v70.4c0 6.4 6.4 12.8 12.8 12.8z\" class=\"\"><\/path><\/svg><\/i> <img loading=\"lazy\" decoding=\"async\" width=\"16\" height=\"16\" alt=\"Loading\" src=\"https:\/\/temucotelevision.cl\/web\/wp-content\/plugins\/page-views-count\/ajax-loader-2x.gif\" border=0 \/><\/p><div class=\"pvc_clear\"><\/div>\n<p>En medio de actividades por los 35 a\u00f1os del gremio.<\/p>\n\n\n\n<p><br>Con el objetivo de abordar temas de relevancia para el presente y futuro de la provincia norte de La Araucan\u00eda, y estrechar lazos con los parlamentarios de la zona, la directiva de la Asociaci\u00f3n de Agricultores de Malleco se reuni\u00f3 con diputados del distrito 22 , que incorpora a las 11 comunas de la provincia.<\/p>\n\n\n\n<p>El encuentro, al que asistieron las diputadas Gloria Naveillan, Andrea Parra, y el diputado Eduardo Cretton, es parte de las actividades del Aniversario n\u00famero 35 de la organizaci\u00f3n gremial. En la reuni\u00f3n, los congresistas y dirigentes del agro intercambiaron opiniones respecto de temas como el reci\u00e9n finalizado Plan de Seguridad Agroalimentario, el Plan de prevenci\u00f3n de incendios rurales, iniciativas legales en desarrollo y propuestas desde el sector rural, adem\u00e1s de desaf\u00edos y oportunidades reales de desarrollo con que cuenta una de las zonas m\u00e1s importantes para la producci\u00f3n de alimentos a nivel nacional<\/p>\n\n\n\n<p>Uno de los puntos de mayor inter\u00e9s para los diputados tuvo relaci\u00f3n con el Informe denominado \u201cDiagn\u00f3stico del Mundo Rural de la Provincia de Malleco\u201d, elaborado por el gremio, que incorpora datos estad\u00edsticos de la zona, adem\u00e1s de la opini\u00f3n, evaluaci\u00f3n y proyecciones de los alcaldes de las comunas de la provincia, junto con propuestas para devolver la paz y productividad al otrora \u201cGranero de Chile\u201d.<\/p>\n\n\n\n<p>Tras la reuni\u00f3n, el presidente de la Asociaci\u00f3n de Agricultores de Malleco Sebasti\u00e1n Naveillan, valor\u00f3 el encuentro con la mayor\u00eda de los diputados de la zona, en el que \u201cpudimos conversar sobre los desaf\u00edos que tiene la provincia de Malleco, sobre el futuro, sobre los problemas y los dolores del mundo rural, como por ejemplo en temas de agua, en temas de desarrollo, de conectividad, son temas realmente importantes. Y hemos podido acordar varios puntos en com\u00fan, donde siempre vamos a poner a las personas del mundo rural por delante\u201d.<\/p>\n\n\n\n<p>Para la diputada Andrea Parra se trat\u00f3 de \u201cuna reuni\u00f3n muy fruct\u00edfera, porque nos exponen este diagn\u00f3stico muy sustantivo que hicieron respecto de que hoy d\u00eda esta regi\u00f3n de La Araucan\u00eda, que es el granero de Chile y que por lo tanto nos impone una obligaci\u00f3n a quienes representamos a este territorio de trabajar sobre esa \u00e1rea, buscar puntos en com\u00fan e impulsar las demandas tambi\u00e9n del gremio de agr\u00edcola\u201d. La exgobernadora de Malleco agreg\u00f3 que \u201cestoy absolutamente disponible en aquellos puntos en com\u00fan que tenemos, que son muchos, y ya establecimos un cronograma de trabajo que me parece que es lo m\u00e1s interesante. Vamos del discurso a la acci\u00f3n y a defendernos, no s\u00f3lo la producci\u00f3n agr\u00edcola sino que tambi\u00e9n aquellas demandas de los gremios que son tan importantes\u201d, sostuvo.<\/p>\n\n\n\n<p>El diputado Eduardo Cretton calific\u00f3 la reuni\u00f3n como \u201cmuy provechosa\u201d, y felicit\u00f3 \u201c al gremio de agricultores de la provincia de Malleco por el trabajo que est\u00e1n haciendo&#8221;. Nos entregaron un informe del diagn\u00f3stico del mundo rural en la provincia de Malleco, donde el gremio no solamente se preocupa de lo agr\u00edcola, sino que se preocupa de un mont\u00f3n de otros problemas que tenemos en nuestra regi\u00f3n de La Araucan\u00eda. Falta conectividad, falta de internet, de seguridad, etc\u00e9tera\u201d. Respecto del informe elaborado por el gremio, el tambi\u00e9n exmiembro de la Convenci\u00f3n Constitucional agreg\u00f3 que \u201clo vamos a estudiar, porque creemos que es un informe muy valioso y, por supuesto, vamos a seguir trabajando juntos las manos con el gremio de agricultores para que nuestra provincia de Malleco siga siendo una potencia agr\u00edcola\u201d.<\/p>\n\n\n\n<p>En tanto, la diputada Gloria Naveillan, afirm\u00f3 que \u201ctuvimos una muy importante y muy interesante reuni\u00f3n, parte de los parlamentarios de la provincia de Malleco con el gremio de Agricultores de Malleco\u201d. La parlamentaria integrante de la Comisi\u00f3n de Agricultura de la C\u00e1mara, detall\u00f3 que \u201cse analizaron una serie de temas de todos los \u00e1mbitos, y creo que cada uno se lleva tareas para poder avanzar a lograr que Malleco salga del subdesarrollo horroroso que est\u00e1 hoy d\u00eda y que la agricultura realmente sea apoyada transversalmente para los logros que necesitamos que tenga\u201d.<\/p>\n\n\n\n<p>El timonel de los agricultores de Malleco, Sebasti\u00e1n Naveillan, recalc\u00f3 que \u201ces una muy buena forma de comenzar estos 35 a\u00f1os del gremio, porque nos va a permitir seguir trabajando en conjunto con los parlamentarios de Malleco, poniendo siempre por delante el mundo rural y demuestra nuestra real preocupaci\u00f3n por la agricultura y la defensa del mundo rural, que toda la directiva del gremio ha tenido estos 35 a\u00f1os\u201d<\/p>\n","protected":false},"excerpt":{"rendered":"<div class=\"pvc_clear\"><\/div>\n<p id=\"pvc_stats_61548\" class=\"pvc_stats total_only  \" data-element-id=\"61548\" style=\"\"><i class=\"pvc-stats-icon large\" aria-hidden=\"true\"><svg aria-hidden=\"true\" focusable=\"false\" data-prefix=\"far\" data-icon=\"chart-bar\" role=\"img\" xmlns=\"http:\/\/www.w3.org\/2000\/svg\" viewBox=\"0 0 512 512\" class=\"svg-inline--fa fa-chart-bar fa-w-16 fa-2x\"><path fill=\"currentColor\" d=\"M396.8 352h22.4c6.4 0 12.8-6.4 12.8-12.8V108.8c0-6.4-6.4-12.8-12.8-12.8h-22.4c-6.4 0-12.8 6.4-12.8 12.8v230.4c0 6.4 6.4 12.8 12.8 12.8zm-192 0h22.4c6.4 0 12.8-6.4 12.8-12.8V140.8c0-6.4-6.4-12.8-12.8-12.8h-22.4c-6.4 0-12.8 6.4-12.8 12.8v198.4c0 6.4 6.4 12.8 12.8 12.8zm96 0h22.4c6.4 0 12.8-6.4 12.8-12.8V204.8c0-6.4-6.4-12.8-12.8-12.8h-22.4c-6.4 0-12.8 6.4-12.8 12.8v134.4c0 6.4 6.4 12.8 12.8 12.8zM496 400H48V80c0-8.84-7.16-16-16-16H16C7.16 64 0 71.16 0 80v336c0 17.67 14.33 32 32 32h464c8.84 0 16-7.16 16-16v-16c0-8.84-7.16-16-16-16zm-387.2-48h22.4c6.4 0 12.8-6.4 12.8-12.8v-70.4c0-6.4-6.4-12.8-12.8-12.8h-22.4c-6.4 0-12.8 6.4-12.8 12.8v70.4c0 6.4 6.4 12.8 12.8 12.8z\" class=\"\"><\/path><\/svg><\/i> <img loading=\"lazy\" decoding=\"async\" width=\"16\" height=\"16\" alt=\"Loading\" src=\"https:\/\/temucotelevision.cl\/web\/wp-content\/plugins\/page-views-count\/ajax-loader-2x.gif\" border=0 \/><\/p>\n<div class=\"pvc_clear\"><\/div>\n<p>En medio de actividades por los 35 a\u00f1os del gremio. Con el objetivo de abordar temas de relevancia para el<\/p>\n","protected":false},"author":1,"featured_media":61549,"comment_status":"open","ping_status":"open","sticky":false,"template":"","format":"standard","meta":{"colormag_page_container_layout":"default_layout","colormag_page_sidebar_layout":"default_layout","footnotes":""},"categories":[15],"tags":[2818],"class_list":["post-61548","post","type-post","status-publish","format-standard","has-post-thumbnail","hentry","category-la-araucania","tag-gremio"],"a3_pvc":{"activated":true,"total_views":798,"today_views":0},"_links":{"self":[{"href":"https:\/\/temucotelevision.cl\/web\/wp-json\/wp\/v2\/posts\/61548","targetHints":{"allow":["GET"]}}],"collection":[{"href":"https:\/\/temucotelevision.cl\/web\/wp-json\/wp\/v2\/posts"}],"about":[{"href":"https:\/\/temucotelevision.cl\/web\/wp-json\/wp\/v2\/types\/post"}],"author":[{"embeddable":true,"href":"https:\/\/temucotelevision.cl\/web\/wp-json\/wp\/v2\/users\/1"}],"replies":[{"embeddable":true,"href":"https:\/\/temucotelevision.cl\/web\/wp-json\/wp\/v2\/comments?post=61548"}],"version-history":[{"count":1,"href":"https:\/\/temucotelevision.cl\/web\/wp-json\/wp\/v2\/posts\/61548\/revisions"}],"predecessor-version":[{"id":61550,"href":"https:\/\/temucotelevision.cl\/web\/wp-json\/wp\/v2\/posts\/61548\/revisions\/61550"}],"wp:featuredmedia":[{"embeddable":true,"href":"https:\/\/temucotelevision.cl\/web\/wp-json\/wp\/v2\/media\/61549"}],"wp:attachment":[{"href":"https:\/\/temucotelevision.cl\/web\/wp-json\/wp\/v2\/media?parent=61548"}],"wp:term":[{"taxonomy":"category","embeddable":true,"href":"https:\/\/temucotelevision.cl\/web\/wp-json\/wp\/v2\/categories?post=61548"},{"taxonomy":"post_tag","embeddable":true,"href":"https:\/\/temucotelevision.cl\/web\/wp-json\/wp\/v2\/tags?post=61548"}],"curies":[{"name":"wp","href":"https:\/\/api.w.org\/{rel}","templated":true}]}}