{"id":61545,"date":"2026-03-23T19:21:10","date_gmt":"2026-03-23T22:21:10","guid":{"rendered":"https:\/\/temucotelevision.cl\/web\/?p=61545"},"modified":"2026-03-23T19:21:12","modified_gmt":"2026-03-23T22:21:12","slug":"ufro-inaugura-biblioteca-abierta-en-temuco-y-abre-su-biblioteca-central-a-la-comunidad-regional","status":"publish","type":"post","link":"https:\/\/temucotelevision.cl\/web\/2026\/03\/23\/ufro-inaugura-biblioteca-abierta-en-temuco-y-abre-su-biblioteca-central-a-la-comunidad-regional\/","title":{"rendered":"UFRO inaugura Biblioteca Abierta en Temuco y abre su Biblioteca Central a la comunidad regional"},"content":{"rendered":"<div class=\"pvc_clear\"><\/div><p id=\"pvc_stats_61545\" class=\"pvc_stats total_only  \" data-element-id=\"61545\" style=\"\"><i class=\"pvc-stats-icon large\" aria-hidden=\"true\"><svg aria-hidden=\"true\" focusable=\"false\" data-prefix=\"far\" data-icon=\"chart-bar\" role=\"img\" xmlns=\"http:\/\/www.w3.org\/2000\/svg\" viewBox=\"0 0 512 512\" class=\"svg-inline--fa fa-chart-bar fa-w-16 fa-2x\"><path fill=\"currentColor\" d=\"M396.8 352h22.4c6.4 0 12.8-6.4 12.8-12.8V108.8c0-6.4-6.4-12.8-12.8-12.8h-22.4c-6.4 0-12.8 6.4-12.8 12.8v230.4c0 6.4 6.4 12.8 12.8 12.8zm-192 0h22.4c6.4 0 12.8-6.4 12.8-12.8V140.8c0-6.4-6.4-12.8-12.8-12.8h-22.4c-6.4 0-12.8 6.4-12.8 12.8v198.4c0 6.4 6.4 12.8 12.8 12.8zm96 0h22.4c6.4 0 12.8-6.4 12.8-12.8V204.8c0-6.4-6.4-12.8-12.8-12.8h-22.4c-6.4 0-12.8 6.4-12.8 12.8v134.4c0 6.4 6.4 12.8 12.8 12.8zM496 400H48V80c0-8.84-7.16-16-16-16H16C7.16 64 0 71.16 0 80v336c0 17.67 14.33 32 32 32h464c8.84 0 16-7.16 16-16v-16c0-8.84-7.16-16-16-16zm-387.2-48h22.4c6.4 0 12.8-6.4 12.8-12.8v-70.4c0-6.4-6.4-12.8-12.8-12.8h-22.4c-6.4 0-12.8 6.4-12.8 12.8v70.4c0 6.4 6.4 12.8 12.8 12.8z\" class=\"\"><\/path><\/svg><\/i> <img loading=\"lazy\" decoding=\"async\" width=\"16\" height=\"16\" alt=\"Loading\" src=\"https:\/\/temucotelevision.cl\/web\/wp-content\/plugins\/page-views-count\/ajax-loader-2x.gif\" border=0 \/><\/p><div class=\"pvc_clear\"><\/div>\n<p>La iniciativa permitir\u00e1 a vecinas, vecinos y estudiantes acceder al acervo bibliogr\u00e1fico de la universidad mediante una credencial, fortaleciendo el acceso ciudadano al conocimiento y promoviendo el desarrollo cultural del territorio.<\/p>\n\n\n\n<p>En un nuevo paso para ampliar el acceso al conocimiento en la regi\u00f3n, la Universidad de La Frontera realizar\u00e1 la apertura de su Biblioteca Central a toda la comunidad regional, en el marco de la iniciativa&nbsp;<em>Biblioteca Abierta<\/em>, que permitir\u00e1 a p\u00fablico externo acceder a colecciones bibliogr\u00e1ficas y espacios de estudio mediante una credencial obtenida a trav\u00e9s de inscripci\u00f3n digital.<\/p>\n\n\n\n<p>La ceremonia de apertura se realizar\u00e1 el jueves 26 de marzo, a las 18:00 horas, en el&nbsp;<em>hall<\/em>&nbsp;de la Biblioteca Central, ubicada en el Campus Andr\u00e9s Bello, Francisco Salazar 01145, Temuco, instancia en la que se presentar\u00e1 a toda la comunidad los alcances de este nuevo servicio abierto a la comunidad.<\/p>\n\n\n\n<p>La iniciativa se proyecta como una experiencia in\u00e9dita a nivel nacional, posicionando a la UFRO como la primera universidad estatal del pa\u00eds en ofrecer de manera sistem\u00e1tica el uso de bibliotecas universitarias a la comunidad externa, ampliando las posibilidades de acceso a la lectura, el estudio y los recursos acad\u00e9micos.<\/p>\n\n\n\n<p>Este modelo de apertura surge tras la experiencia desarrollada en el Campus Angol, donde la universidad inici\u00f3 este proceso de vinculaci\u00f3n con el territorio, el cual ahora se extiende a la capital regional, reforzando el compromiso institucional con el desarrollo cultural y educativo de La Araucan\u00eda.<\/p>\n\n\n\n<p>El sistema permitir\u00e1 que, mediante el uso de una credencial obtenida con un registro digital (<a href=\"https:\/\/bibliotecas.ufro.cl\/registro-biblioteca-abierta\/\" target=\"_blank\" rel=\"noreferrer noopener\">bibliotecas.ufro.cl\/registro-biblioteca-abierta\/<\/a>), personas adultas y estudiantes accedan a literatura, textos acad\u00e9micos, uso de espacios de estudio y a todas las actividades culturales que desarrolla la unidad durante el a\u00f1o.<\/p>\n\n\n\n<p><strong>Acceso a la lectura y el conocimiento<\/strong><\/p>\n\n\n\n<p>El director de Bibliotecas y Recursos de Informaci\u00f3n de la UFRO, Dr. Hern\u00e1n Burgos Vega, destac\u00f3 el car\u00e1cter cultural, social e inclusivo de la iniciativa: \u201cComo universidad p\u00fablica tenemos la responsabilidad de acercar el conocimiento a todas las personas. Abrir nuestras bibliotecas es una forma concreta de aportar al desarrollo cultural de la regi\u00f3n, ampliando el acceso a los libros y ofreciendo espacios de calidad para el estudio, la lectura y el encuentro ciudadano\u201d.<\/p>\n\n\n\n<p>Durante la ceremonia se presentar\u00e1n los detalles del servicio, incluyendo el procedimiento de inscripci\u00f3n digital para obtener la credencial de&nbsp;<em>Biblioteca Abierta<\/em>, los horarios de atenci\u00f3n y las condiciones de uso de las salas de lectura y de los servicios bibliotecarios.<\/p>\n","protected":false},"excerpt":{"rendered":"<div class=\"pvc_clear\"><\/div>\n<p id=\"pvc_stats_61545\" class=\"pvc_stats total_only  \" data-element-id=\"61545\" style=\"\"><i class=\"pvc-stats-icon large\" aria-hidden=\"true\"><svg aria-hidden=\"true\" focusable=\"false\" data-prefix=\"far\" data-icon=\"chart-bar\" role=\"img\" xmlns=\"http:\/\/www.w3.org\/2000\/svg\" viewBox=\"0 0 512 512\" class=\"svg-inline--fa fa-chart-bar fa-w-16 fa-2x\"><path fill=\"currentColor\" d=\"M396.8 352h22.4c6.4 0 12.8-6.4 12.8-12.8V108.8c0-6.4-6.4-12.8-12.8-12.8h-22.4c-6.4 0-12.8 6.4-12.8 12.8v230.4c0 6.4 6.4 12.8 12.8 12.8zm-192 0h22.4c6.4 0 12.8-6.4 12.8-12.8V140.8c0-6.4-6.4-12.8-12.8-12.8h-22.4c-6.4 0-12.8 6.4-12.8 12.8v198.4c0 6.4 6.4 12.8 12.8 12.8zm96 0h22.4c6.4 0 12.8-6.4 12.8-12.8V204.8c0-6.4-6.4-12.8-12.8-12.8h-22.4c-6.4 0-12.8 6.4-12.8 12.8v134.4c0 6.4 6.4 12.8 12.8 12.8zM496 400H48V80c0-8.84-7.16-16-16-16H16C7.16 64 0 71.16 0 80v336c0 17.67 14.33 32 32 32h464c8.84 0 16-7.16 16-16v-16c0-8.84-7.16-16-16-16zm-387.2-48h22.4c6.4 0 12.8-6.4 12.8-12.8v-70.4c0-6.4-6.4-12.8-12.8-12.8h-22.4c-6.4 0-12.8 6.4-12.8 12.8v70.4c0 6.4 6.4 12.8 12.8 12.8z\" class=\"\"><\/path><\/svg><\/i> <img loading=\"lazy\" decoding=\"async\" width=\"16\" height=\"16\" alt=\"Loading\" src=\"https:\/\/temucotelevision.cl\/web\/wp-content\/plugins\/page-views-count\/ajax-loader-2x.gif\" border=0 \/><\/p>\n<div class=\"pvc_clear\"><\/div>\n<p>La iniciativa permitir\u00e1 a vecinas, vecinos y estudiantes acceder al acervo bibliogr\u00e1fico de la universidad mediante una credencial, fortaleciendo el<\/p>\n","protected":false},"author":1,"featured_media":61546,"comment_status":"open","ping_status":"open","sticky":false,"template":"","format":"standard","meta":{"colormag_page_container_layout":"default_layout","colormag_page_sidebar_layout":"default_layout","footnotes":""},"categories":[14],"tags":[1272],"class_list":["post-61545","post","type-post","status-publish","format-standard","has-post-thumbnail","hentry","category-temuco","tag-biblioteca"],"a3_pvc":{"activated":true,"total_views":882,"today_views":0},"_links":{"self":[{"href":"https:\/\/temucotelevision.cl\/web\/wp-json\/wp\/v2\/posts\/61545","targetHints":{"allow":["GET"]}}],"collection":[{"href":"https:\/\/temucotelevision.cl\/web\/wp-json\/wp\/v2\/posts"}],"about":[{"href":"https:\/\/temucotelevision.cl\/web\/wp-json\/wp\/v2\/types\/post"}],"author":[{"embeddable":true,"href":"https:\/\/temucotelevision.cl\/web\/wp-json\/wp\/v2\/users\/1"}],"replies":[{"embeddable":true,"href":"https:\/\/temucotelevision.cl\/web\/wp-json\/wp\/v2\/comments?post=61545"}],"version-history":[{"count":1,"href":"https:\/\/temucotelevision.cl\/web\/wp-json\/wp\/v2\/posts\/61545\/revisions"}],"predecessor-version":[{"id":61547,"href":"https:\/\/temucotelevision.cl\/web\/wp-json\/wp\/v2\/posts\/61545\/revisions\/61547"}],"wp:featuredmedia":[{"embeddable":true,"href":"https:\/\/temucotelevision.cl\/web\/wp-json\/wp\/v2\/media\/61546"}],"wp:attachment":[{"href":"https:\/\/temucotelevision.cl\/web\/wp-json\/wp\/v2\/media?parent=61545"}],"wp:term":[{"taxonomy":"category","embeddable":true,"href":"https:\/\/temucotelevision.cl\/web\/wp-json\/wp\/v2\/categories?post=61545"},{"taxonomy":"post_tag","embeddable":true,"href":"https:\/\/temucotelevision.cl\/web\/wp-json\/wp\/v2\/tags?post=61545"}],"curies":[{"name":"wp","href":"https:\/\/api.w.org\/{rel}","templated":true}]}}