{"id":61542,"date":"2026-03-23T19:17:15","date_gmt":"2026-03-23T22:17:15","guid":{"rendered":"https:\/\/temucotelevision.cl\/web\/?p=61542"},"modified":"2026-03-23T19:17:16","modified_gmt":"2026-03-23T22:17:16","slug":"a-dias-del-estreno-autoridades-visitan-la-produccion-que-trae-de-vuelta-la-opera-tras-ocho-anos","status":"publish","type":"post","link":"https:\/\/temucotelevision.cl\/web\/2026\/03\/23\/a-dias-del-estreno-autoridades-visitan-la-produccion-que-trae-de-vuelta-la-opera-tras-ocho-anos\/","title":{"rendered":"A d\u00edas del estreno: autoridades visitan la producci\u00f3n que trae de vuelta la \u00f3pera tras ocho a\u00f1os"},"content":{"rendered":"<div class=\"pvc_clear\"><\/div><p id=\"pvc_stats_61542\" class=\"pvc_stats total_only  \" data-element-id=\"61542\" style=\"\"><i class=\"pvc-stats-icon large\" aria-hidden=\"true\"><svg aria-hidden=\"true\" focusable=\"false\" data-prefix=\"far\" data-icon=\"chart-bar\" role=\"img\" xmlns=\"http:\/\/www.w3.org\/2000\/svg\" viewBox=\"0 0 512 512\" class=\"svg-inline--fa fa-chart-bar fa-w-16 fa-2x\"><path fill=\"currentColor\" d=\"M396.8 352h22.4c6.4 0 12.8-6.4 12.8-12.8V108.8c0-6.4-6.4-12.8-12.8-12.8h-22.4c-6.4 0-12.8 6.4-12.8 12.8v230.4c0 6.4 6.4 12.8 12.8 12.8zm-192 0h22.4c6.4 0 12.8-6.4 12.8-12.8V140.8c0-6.4-6.4-12.8-12.8-12.8h-22.4c-6.4 0-12.8 6.4-12.8 12.8v198.4c0 6.4 6.4 12.8 12.8 12.8zm96 0h22.4c6.4 0 12.8-6.4 12.8-12.8V204.8c0-6.4-6.4-12.8-12.8-12.8h-22.4c-6.4 0-12.8 6.4-12.8 12.8v134.4c0 6.4 6.4 12.8 12.8 12.8zM496 400H48V80c0-8.84-7.16-16-16-16H16C7.16 64 0 71.16 0 80v336c0 17.67 14.33 32 32 32h464c8.84 0 16-7.16 16-16v-16c0-8.84-7.16-16-16-16zm-387.2-48h22.4c6.4 0 12.8-6.4 12.8-12.8v-70.4c0-6.4-6.4-12.8-12.8-12.8h-22.4c-6.4 0-12.8 6.4-12.8 12.8v70.4c0 6.4 6.4 12.8 12.8 12.8z\" class=\"\"><\/path><\/svg><\/i> <img loading=\"lazy\" decoding=\"async\" width=\"16\" height=\"16\" alt=\"Loading\" src=\"https:\/\/temucotelevision.cl\/web\/wp-content\/plugins\/page-views-count\/ajax-loader-2x.gif\" border=0 \/><\/p><div class=\"pvc_clear\"><\/div>\n<p><strong><em>A ocho a\u00f1os de su \u00faltima puesta en escena, el Teatro Municipal de Temuco reabre el g\u00e9nero l\u00edrico con \u201cEl rapto en el serrallo\u201d, en una ambiciosa producci\u00f3n realizada \u00edntegramente en la regi\u00f3n y con respaldo de la Universidad Aut\u00f3noma de Chile como principal auspiciador.<\/em><\/strong><\/p>\n\n\n\n<p>A menos de una semana de su esperado estreno, el Teatro Municipal de Temuco \u2018Camilo Salvo\u2019 se prepara para concretar un hito cultural: el regreso de la \u00f3pera a su escenario principal tras ocho a\u00f1os de ausencia. La producci\u00f3n de \u201c<em>El rapto en el serrallo\u201d<\/em> de Wolfgang Amadeus Mozart abrir\u00e1 la Temporada 2026 con una propuesta art\u00edstica de gran nivel, que ya ha generado un importante inter\u00e9s del p\u00fablico, agotando las entradas para su primera funci\u00f3n del 27 de marzo.<\/p>\n\n\n\n<p>En este contexto, este lunes se realiz\u00f3 el lanzamiento oficial de la \u00f3pera, instancia en la que autoridades regionales, representantes institucionales y parte del equipo art\u00edstico recorrieron el teatro, conociendo de cerca la escenograf\u00eda, la sala de vestuario y el despliegue t\u00e9cnico que da vida a esta ambiciosa producci\u00f3n desarrollada \u00edntegramente en Temuco.<\/p>\n\n\n\n<p>En la ocasi\u00f3n, el alcalde de Temuco y presidente de la Corporaci\u00f3n Cultural, Roberto Neira, destac\u00f3 la relevancia de este hito para la ciudad y el fortalecimiento de su vida cultural. <em>\u201cVa a ser algo magn\u00edfico, hace m\u00e1s de dos meses que se est\u00e1 trabajando no s\u00f3lo en Temuco si no que tambi\u00e9n se iniciaron ensayos en Santiago los primeros meses. Estamos muy ansiosos y felices de contar con un elenco espectacular, con una puesta en escena que va a sorprender y por eso queremos hacer la invitaci\u00f3n a todo el p\u00fablico a que pueda venir a ver esta maravillosa \u00f3pera. Ocho a\u00f1os han pasado desde que no se hac\u00eda \u00f3pera en nuestro teatro por ello esto es un hito no s\u00f3lo local, sino regional\u201d,<\/em> indic\u00f3.<\/p>\n\n\n\n<p>Desde la academia, el vicerrector de la Universidad Aut\u00f3noma de Chile sede Temuco, Dr. Emilio Guerra Bugue\u00f1o, subray\u00f3 el compromiso de la instituci\u00f3n con el desarrollo art\u00edstico regional, siendo uno de los principales auspiciadores del montaje con un aporte de 20 millones de pesos. <em>\u201cEstamos muy contentos en poder cooperar para que se realice este re-lanzamiento de la \u00f3pera en Temuco. Con esto mostramos lo que la ciudad quiere de su gente, m\u00e1s inversi\u00f3n en la cultura, por eso hacemos tambi\u00e9n un llamado a los j\u00f3venes para que puedan presenciar esta maravillosa obra que Mozart en su momento compuso, y que significa el esfuerzo que hace una comunidad como la nuestra por traer acontecimientos de primer nivel a la ciudad\u201d.<\/em><\/p>\n\n\n\n<p>Por su parte, el concejal Mario Jorquera valor\u00f3 el impacto que este tipo de iniciativas tiene en la comunidad y en el acceso a las artes esc\u00e9nicas. <em>\u201cEs de suma importancia toda esta colaboraci\u00f3n que hacen posible que se desarrolle esta producci\u00f3n, por ello no queda m\u00e1s que felicitar por este gran trabajo y por las alianzas que se est\u00e1n buscando con la parte privada, lo que permite llegar a todos los sectores\u201d, sostuvo.&nbsp;<\/em><\/p>\n\n\n\n<p>En tanto, el actor nacional Julio Milostich, quien interpreta al Baj\u00e1 Selim, se refiri\u00f3 al proceso creativo y agradeci\u00f3 ser convocado a esta producci\u00f3n. <em>\u201cRealmente es un privilegio estar, no solamente siendo parte de este elenco incre\u00edble, si no tambi\u00e9n de todo el equipo de primer nivel, junto a la directora Christine Hucke que han hecho un trabajo espectacular. Me siento afortunado de haber sido convocado tambi\u00e9n porque es un hito para esta ciudad que vuelva la \u00f3pera y yo feliz de ser parte de todo esto, esto\u201d, <\/em>indic\u00f3 el actor.<\/p>\n\n\n\n<p>El regreso de la \u00f3pera no solo marca un reencuentro con el g\u00e9nero, sino tambi\u00e9n la recuperaci\u00f3n de una tradici\u00f3n hist\u00f3rica del Teatro Municipal de Temuco, reconocido en el pasado por sus producciones oper\u00edsticas propias. Desde 2018, con <em>La flauta m\u00e1gica<\/em>, no se presentaba una \u00f3pera completa en este escenario, quedando adem\u00e1s suspendida en 2020 una producci\u00f3n de <em>La traviata<\/em> debido a la pandemia.<\/p>\n\n\n\n<p>Hoy, este desaf\u00edo se concreta con una producci\u00f3n local que posiciona nuevamente a Temuco dentro del circuito l\u00edrico nacional, en un contexto donde son pocos los espacios regionales que desarrollan montajes de esta envergadura.<\/p>\n\n\n\n<p>La propuesta re\u00fane a solistas nacionales de destacada trayectoria, junto a la Orquesta Filarm\u00f3nica y el Coro del Teatro Municipal de Temuco, bajo la direcci\u00f3n musical de David Ayma y una direcci\u00f3n esc\u00e9nica de alto nivel a cargo de Christine Hucke, dando forma a un montaje que pone en valor el talento art\u00edstico y t\u00e9cnico de la regi\u00f3n.<\/p>\n\n\n\n<p>La obra de Mozart, reconocida por su riqueza musical y su mezcla de humor, emoci\u00f3n y virtuosismo, presenta la historia de Belmonte, un noble espa\u00f1ol que llega a la costa turca en busca de su amada Konstanze, quien ha sido raptada junto a su doncella Blonde y el criado Pedrillo. Todos permanecen cautivos en el palacio del Baj\u00e1 Selim, mientras intentan organizar su huida enfrent\u00e1ndose a la vigilancia de Osmin. Sin embargo, cuando el plan es descubierto, el desenlace toma un giro inesperado, destacando un mensaje de humanidad y perd\u00f3n.<\/p>\n\n\n\n<p>Las funciones se realizar\u00e1n el viernes 27 de marzo a las 20:00 horas (con entradas agotadas) y el s\u00e1bado 28 de marzo a la misma hora, funci\u00f3n para la cual a\u00fan quedan entradas disponibles. Las entradas pueden adquirirse a trav\u00e9s de teatromunicipaltemuco.cl o en boleter\u00edas del teatro.<\/p>\n\n\n\n<p>Con este esperado montaje, <em>El rapto en el serrallo<\/em> se consolida como uno de los grandes hitos culturales de la temporada 2026, reafirmando el compromiso del Teatro Municipal de Temuco con el desarrollo art\u00edstico desde el sur de Chile.<\/p>\n\n\n\n<p><strong>Elenco<\/strong><br>\u2022 Belmonte (Tenor): Iv\u00e1n Rodr\u00edguez<br>\u2022 Konstanze (Soprano): Virginia Barrios<br>\u2022 Pedrillo (Tenor): Daniel Far\u00edas<br>\u2022 Blonde (Soprano): Patricia Cifuentes<br>\u2022 Osmin (Bajo): David G\u00e1ez<br>\u2022 Baj\u00e1 Selim (Actor): Julio Milostich<\/p>\n\n\n\n<p>Direcci\u00f3n musical: David Ayma<br>Direcci\u00f3n esc\u00e9nica: Christine Hucke<br>Orquesta Filarm\u00f3nica de Temuco<br>Coro del Teatro Municipal de Temuco<\/p>\n","protected":false},"excerpt":{"rendered":"<div class=\"pvc_clear\"><\/div>\n<p id=\"pvc_stats_61542\" class=\"pvc_stats total_only  \" data-element-id=\"61542\" style=\"\"><i class=\"pvc-stats-icon large\" aria-hidden=\"true\"><svg aria-hidden=\"true\" focusable=\"false\" data-prefix=\"far\" data-icon=\"chart-bar\" role=\"img\" xmlns=\"http:\/\/www.w3.org\/2000\/svg\" viewBox=\"0 0 512 512\" class=\"svg-inline--fa fa-chart-bar fa-w-16 fa-2x\"><path fill=\"currentColor\" d=\"M396.8 352h22.4c6.4 0 12.8-6.4 12.8-12.8V108.8c0-6.4-6.4-12.8-12.8-12.8h-22.4c-6.4 0-12.8 6.4-12.8 12.8v230.4c0 6.4 6.4 12.8 12.8 12.8zm-192 0h22.4c6.4 0 12.8-6.4 12.8-12.8V140.8c0-6.4-6.4-12.8-12.8-12.8h-22.4c-6.4 0-12.8 6.4-12.8 12.8v198.4c0 6.4 6.4 12.8 12.8 12.8zm96 0h22.4c6.4 0 12.8-6.4 12.8-12.8V204.8c0-6.4-6.4-12.8-12.8-12.8h-22.4c-6.4 0-12.8 6.4-12.8 12.8v134.4c0 6.4 6.4 12.8 12.8 12.8zM496 400H48V80c0-8.84-7.16-16-16-16H16C7.16 64 0 71.16 0 80v336c0 17.67 14.33 32 32 32h464c8.84 0 16-7.16 16-16v-16c0-8.84-7.16-16-16-16zm-387.2-48h22.4c6.4 0 12.8-6.4 12.8-12.8v-70.4c0-6.4-6.4-12.8-12.8-12.8h-22.4c-6.4 0-12.8 6.4-12.8 12.8v70.4c0 6.4 6.4 12.8 12.8 12.8z\" class=\"\"><\/path><\/svg><\/i> <img loading=\"lazy\" decoding=\"async\" width=\"16\" height=\"16\" alt=\"Loading\" src=\"https:\/\/temucotelevision.cl\/web\/wp-content\/plugins\/page-views-count\/ajax-loader-2x.gif\" border=0 \/><\/p>\n<div class=\"pvc_clear\"><\/div>\n<p>A ocho a\u00f1os de su \u00faltima puesta en escena, el Teatro Municipal de Temuco reabre el g\u00e9nero l\u00edrico con \u201cEl<\/p>\n","protected":false},"author":1,"featured_media":61543,"comment_status":"open","ping_status":"open","sticky":false,"template":"","format":"standard","meta":{"colormag_page_container_layout":"default_layout","colormag_page_sidebar_layout":"default_layout","footnotes":""},"categories":[86],"tags":[3937],"class_list":["post-61542","post","type-post","status-publish","format-standard","has-post-thumbnail","hentry","category-panoramas","tag-opera"],"a3_pvc":{"activated":true,"total_views":2812,"today_views":0},"_links":{"self":[{"href":"https:\/\/temucotelevision.cl\/web\/wp-json\/wp\/v2\/posts\/61542","targetHints":{"allow":["GET"]}}],"collection":[{"href":"https:\/\/temucotelevision.cl\/web\/wp-json\/wp\/v2\/posts"}],"about":[{"href":"https:\/\/temucotelevision.cl\/web\/wp-json\/wp\/v2\/types\/post"}],"author":[{"embeddable":true,"href":"https:\/\/temucotelevision.cl\/web\/wp-json\/wp\/v2\/users\/1"}],"replies":[{"embeddable":true,"href":"https:\/\/temucotelevision.cl\/web\/wp-json\/wp\/v2\/comments?post=61542"}],"version-history":[{"count":1,"href":"https:\/\/temucotelevision.cl\/web\/wp-json\/wp\/v2\/posts\/61542\/revisions"}],"predecessor-version":[{"id":61544,"href":"https:\/\/temucotelevision.cl\/web\/wp-json\/wp\/v2\/posts\/61542\/revisions\/61544"}],"wp:featuredmedia":[{"embeddable":true,"href":"https:\/\/temucotelevision.cl\/web\/wp-json\/wp\/v2\/media\/61543"}],"wp:attachment":[{"href":"https:\/\/temucotelevision.cl\/web\/wp-json\/wp\/v2\/media?parent=61542"}],"wp:term":[{"taxonomy":"category","embeddable":true,"href":"https:\/\/temucotelevision.cl\/web\/wp-json\/wp\/v2\/categories?post=61542"},{"taxonomy":"post_tag","embeddable":true,"href":"https:\/\/temucotelevision.cl\/web\/wp-json\/wp\/v2\/tags?post=61542"}],"curies":[{"name":"wp","href":"https:\/\/api.w.org\/{rel}","templated":true}]}}