{"id":61530,"date":"2026-03-23T11:20:12","date_gmt":"2026-03-23T14:20:12","guid":{"rendered":"https:\/\/temucotelevision.cl\/web\/?p=61530"},"modified":"2026-03-23T11:22:46","modified_gmt":"2026-03-23T14:22:46","slug":"caloncho-lanzo-su-nuevo-album-vivo-en-el-tiempo","status":"publish","type":"post","link":"https:\/\/temucotelevision.cl\/web\/2026\/03\/23\/caloncho-lanzo-su-nuevo-album-vivo-en-el-tiempo\/","title":{"rendered":"CALONCHO\u00a0lanz\u00f3 su nuevo \u00e1lbum VIVO EN EL TIEMPO"},"content":{"rendered":"<div class=\"pvc_clear\"><\/div><p id=\"pvc_stats_61530\" class=\"pvc_stats total_only  \" data-element-id=\"61530\" style=\"\"><i class=\"pvc-stats-icon large\" aria-hidden=\"true\"><svg aria-hidden=\"true\" focusable=\"false\" data-prefix=\"far\" data-icon=\"chart-bar\" role=\"img\" xmlns=\"http:\/\/www.w3.org\/2000\/svg\" viewBox=\"0 0 512 512\" class=\"svg-inline--fa fa-chart-bar fa-w-16 fa-2x\"><path fill=\"currentColor\" d=\"M396.8 352h22.4c6.4 0 12.8-6.4 12.8-12.8V108.8c0-6.4-6.4-12.8-12.8-12.8h-22.4c-6.4 0-12.8 6.4-12.8 12.8v230.4c0 6.4 6.4 12.8 12.8 12.8zm-192 0h22.4c6.4 0 12.8-6.4 12.8-12.8V140.8c0-6.4-6.4-12.8-12.8-12.8h-22.4c-6.4 0-12.8 6.4-12.8 12.8v198.4c0 6.4 6.4 12.8 12.8 12.8zm96 0h22.4c6.4 0 12.8-6.4 12.8-12.8V204.8c0-6.4-6.4-12.8-12.8-12.8h-22.4c-6.4 0-12.8 6.4-12.8 12.8v134.4c0 6.4 6.4 12.8 12.8 12.8zM496 400H48V80c0-8.84-7.16-16-16-16H16C7.16 64 0 71.16 0 80v336c0 17.67 14.33 32 32 32h464c8.84 0 16-7.16 16-16v-16c0-8.84-7.16-16-16-16zm-387.2-48h22.4c6.4 0 12.8-6.4 12.8-12.8v-70.4c0-6.4-6.4-12.8-12.8-12.8h-22.4c-6.4 0-12.8 6.4-12.8 12.8v70.4c0 6.4 6.4 12.8 12.8 12.8z\" class=\"\"><\/path><\/svg><\/i> <img loading=\"lazy\" decoding=\"async\" width=\"16\" height=\"16\" alt=\"Loading\" src=\"https:\/\/temucotelevision.cl\/web\/wp-content\/plugins\/page-views-count\/ajax-loader-2x.gif\" border=0 \/><\/p><div class=\"pvc_clear\"><\/div>\n<p><em>Un nuevo cap\u00edtulo atemporal que abre una etapa m\u00e1s luminosa, libre y expansiva.<\/em><\/p>\n\n\n\n<p><strong>Guadalajara, Jalisco.&nbsp; <\/strong><strong>Caloncho<\/strong>, una de las voces m\u00e1s queridas del pop alternativo en espa\u00f1ol, presenta <strong><em>\u201cVivo En El Tiempo\u201d<\/em><\/strong>, un \u00e1lbum que entiende el tiempo como un lugar: \u201csiempre es momento de\u201d y tambi\u00e9n de estar listo para vivir y disfrutar lo que hoy traiga.&nbsp; Con esta obra, el artista abre un nuevo cap\u00edtulo creativo y emocional, acompa\u00f1ado por la <strong>gira internacional<\/strong> \u201c<strong>El Tiempo Es Mi Casa\u201d<\/strong>.<\/p>\n\n\n\n<p><strong>Vivo En El Tiempo: la m\u00fasica como veh\u00edculo de buenas intenciones<\/strong><\/p>\n\n\n\n<p>En el proceso de creaci\u00f3n, <strong>Caloncho <\/strong>reafirma su visi\u00f3n y misi\u00f3n: <strong>promover el amar y el disfrutar<\/strong>.&nbsp; La m\u00fasica, para \u00e9l, es un veh\u00edculo donde se depositan buenas intenciones y frases construidas para hacer sentir bien a quien escucha.&nbsp; Esa filosof\u00eda atraviesa el disco y se traduce en un universo sonoro y visual lleno de color, humor, contemplaci\u00f3n y poes\u00eda cotidiana; es un balance natural entre playa y ciudad.<\/p>\n\n\n\n<p>Co-producido por <strong>Juan Pablo Vega<\/strong> y <strong>Caloncho<\/strong>, el \u00e1lbum tom\u00f3 forma a partir de sesiones y experiencias en distintos puntos, con un ancla creativa importante en <strong>San Jos\u00e9 del Cabo y La Ventana, Baja California Sur, M\u00e9xico.<\/strong><\/p>\n\n\n\n<h3 class=\"wp-block-heading\">Sonido: derivados del reggae, lovers rock y un abanico de energ\u00eda<\/h3>\n\n\n\n<p><strong><em>\u201cVivo En El Tiempo\u201d<\/em><\/strong> recopila los gustos personales de <strong>Caloncho<\/strong> y abraza una mezcla de influencias que van desde el <strong>reggae, lovers rock, rocksteady y ska<\/strong>, con un esp\u00edritu <strong>nost\u00e1lgico, upbeat, feliz y fresco<\/strong>.&nbsp; El resultado es un sonido renovado que se siente familiar y, al mismo tiempo, listo para expandirse a nuevos territorios.<\/p>\n\n\n\n<h2 class=\"wp-block-heading\">Vivo En El Tiempo<\/h2>\n\n\n\n<p>Este \u00e1lbum presenta ocho temas originales que delinean el concepto central de la m\u00fasica como veh\u00edculo de mensajes y abren el universo sonoro de esta nueva etapa colorida.&nbsp; Escuchalo en todas las plataformas: <a href=\"https:\/\/elcaloncho.lnk.to\/veetWE\" target=\"_blank\" rel=\"noreferrer noopener\">https:\/\/elcaloncho.lnk.to\/veetWE<\/a><\/p>\n\n\n\n<h2 class=\"wp-block-heading\">Gira 2026: El Tiempo Es Mi Casa<\/h2>\n\n\n\n<p>El lanzamiento de \u201c<em>Vivo En El Tiempo\u201d<\/em> llega acompa\u00f1ado por la gira <strong>El Tiempo Es Mi Casa<\/strong>, una ruta internacional que expande la energ\u00eda en vivo de Caloncho hacia nuevos escenarios y territorios.&nbsp; + info: \u25d5 <a href=\"http:\/\/caloncho.mx\/tour\" target=\"_blank\" rel=\"noreferrer noopener\">caloncho.mx\/tour<\/a><\/p>\n\n\n\n<figure class=\"wp-block-image aligncenter size-large\"><img loading=\"lazy\" decoding=\"async\" width=\"800\" height=\"1000\" src=\"https:\/\/temucotelevision.cl\/web\/wp-content\/uploads\/2026\/03\/image-800x1000.jpeg\" alt=\"\" class=\"wp-image-61534\" srcset=\"https:\/\/temucotelevision.cl\/web\/wp-content\/uploads\/2026\/03\/image-800x1000.jpeg 800w, https:\/\/temucotelevision.cl\/web\/wp-content\/uploads\/2026\/03\/image-768x960.jpeg 768w, https:\/\/temucotelevision.cl\/web\/wp-content\/uploads\/2026\/03\/image.jpeg 822w\" sizes=\"auto, (max-width: 800px) 100vw, 800px\" \/><\/figure>\n\n\n\n<iframe loading=\"lazy\" width=\"560\" height=\"315\" src=\"https:\/\/www.youtube.com\/embed\/25wiupiaHj0?si=GqoxLwUVo8L2DEVX\" title=\"YouTube video player\" frameborder=\"0\" allow=\"accelerometer; autoplay; clipboard-write; encrypted-media; gyroscope; picture-in-picture; web-share\" referrerpolicy=\"strict-origin-when-cross-origin\" allowfullscreen><\/iframe>\n\n\n\n<p><\/p>\n","protected":false},"excerpt":{"rendered":"<div class=\"pvc_clear\"><\/div>\n<p id=\"pvc_stats_61530\" class=\"pvc_stats total_only  \" data-element-id=\"61530\" style=\"\"><i class=\"pvc-stats-icon large\" aria-hidden=\"true\"><svg aria-hidden=\"true\" focusable=\"false\" data-prefix=\"far\" data-icon=\"chart-bar\" role=\"img\" xmlns=\"http:\/\/www.w3.org\/2000\/svg\" viewBox=\"0 0 512 512\" class=\"svg-inline--fa fa-chart-bar fa-w-16 fa-2x\"><path fill=\"currentColor\" d=\"M396.8 352h22.4c6.4 0 12.8-6.4 12.8-12.8V108.8c0-6.4-6.4-12.8-12.8-12.8h-22.4c-6.4 0-12.8 6.4-12.8 12.8v230.4c0 6.4 6.4 12.8 12.8 12.8zm-192 0h22.4c6.4 0 12.8-6.4 12.8-12.8V140.8c0-6.4-6.4-12.8-12.8-12.8h-22.4c-6.4 0-12.8 6.4-12.8 12.8v198.4c0 6.4 6.4 12.8 12.8 12.8zm96 0h22.4c6.4 0 12.8-6.4 12.8-12.8V204.8c0-6.4-6.4-12.8-12.8-12.8h-22.4c-6.4 0-12.8 6.4-12.8 12.8v134.4c0 6.4 6.4 12.8 12.8 12.8zM496 400H48V80c0-8.84-7.16-16-16-16H16C7.16 64 0 71.16 0 80v336c0 17.67 14.33 32 32 32h464c8.84 0 16-7.16 16-16v-16c0-8.84-7.16-16-16-16zm-387.2-48h22.4c6.4 0 12.8-6.4 12.8-12.8v-70.4c0-6.4-6.4-12.8-12.8-12.8h-22.4c-6.4 0-12.8 6.4-12.8 12.8v70.4c0 6.4 6.4 12.8 12.8 12.8z\" class=\"\"><\/path><\/svg><\/i> <img loading=\"lazy\" decoding=\"async\" width=\"16\" height=\"16\" alt=\"Loading\" src=\"https:\/\/temucotelevision.cl\/web\/wp-content\/plugins\/page-views-count\/ajax-loader-2x.gif\" border=0 \/><\/p>\n<div class=\"pvc_clear\"><\/div>\n<p>Un nuevo cap\u00edtulo atemporal que abre una etapa m\u00e1s luminosa, libre y expansiva. Guadalajara, Jalisco.&nbsp; Caloncho, una de las voces<\/p>\n","protected":false},"author":1,"featured_media":61531,"comment_status":"open","ping_status":"open","sticky":false,"template":"","format":"standard","meta":{"colormag_page_container_layout":"default_layout","colormag_page_sidebar_layout":"default_layout","footnotes":""},"categories":[369],"tags":[1266],"class_list":["post-61530","post","type-post","status-publish","format-standard","has-post-thumbnail","hentry","category-musica","tag-pop"],"a3_pvc":{"activated":true,"total_views":837,"today_views":0},"_links":{"self":[{"href":"https:\/\/temucotelevision.cl\/web\/wp-json\/wp\/v2\/posts\/61530","targetHints":{"allow":["GET"]}}],"collection":[{"href":"https:\/\/temucotelevision.cl\/web\/wp-json\/wp\/v2\/posts"}],"about":[{"href":"https:\/\/temucotelevision.cl\/web\/wp-json\/wp\/v2\/types\/post"}],"author":[{"embeddable":true,"href":"https:\/\/temucotelevision.cl\/web\/wp-json\/wp\/v2\/users\/1"}],"replies":[{"embeddable":true,"href":"https:\/\/temucotelevision.cl\/web\/wp-json\/wp\/v2\/comments?post=61530"}],"version-history":[{"count":2,"href":"https:\/\/temucotelevision.cl\/web\/wp-json\/wp\/v2\/posts\/61530\/revisions"}],"predecessor-version":[{"id":61535,"href":"https:\/\/temucotelevision.cl\/web\/wp-json\/wp\/v2\/posts\/61530\/revisions\/61535"}],"wp:featuredmedia":[{"embeddable":true,"href":"https:\/\/temucotelevision.cl\/web\/wp-json\/wp\/v2\/media\/61531"}],"wp:attachment":[{"href":"https:\/\/temucotelevision.cl\/web\/wp-json\/wp\/v2\/media?parent=61530"}],"wp:term":[{"taxonomy":"category","embeddable":true,"href":"https:\/\/temucotelevision.cl\/web\/wp-json\/wp\/v2\/categories?post=61530"},{"taxonomy":"post_tag","embeddable":true,"href":"https:\/\/temucotelevision.cl\/web\/wp-json\/wp\/v2\/tags?post=61530"}],"curies":[{"name":"wp","href":"https:\/\/api.w.org\/{rel}","templated":true}]}}