{"id":61520,"date":"2026-03-21T15:38:17","date_gmt":"2026-03-21T18:38:17","guid":{"rendered":"https:\/\/temucotelevision.cl\/web\/?p=61520"},"modified":"2026-03-21T15:43:28","modified_gmt":"2026-03-21T18:43:28","slug":"sede-de-la-escuela-de-negocios-uai-e-icare-presentaron-a-la-ministra-de-energia-informe-con-propuestas-para-el-avance-del-sector","status":"publish","type":"post","link":"https:\/\/temucotelevision.cl\/web\/2026\/03\/21\/sede-de-la-escuela-de-negocios-uai-e-icare-presentaron-a-la-ministra-de-energia-informe-con-propuestas-para-el-avance-del-sector\/","title":{"rendered":"SEDE de la Escuela de Negocios UAI e ICARE presentaron a la ministra de Energ\u00eda informe con propuestas para el avance del sector"},"content":{"rendered":"<div class=\"pvc_clear\"><\/div><p id=\"pvc_stats_61520\" class=\"pvc_stats total_only  \" data-element-id=\"61520\" style=\"\"><i class=\"pvc-stats-icon large\" aria-hidden=\"true\"><svg aria-hidden=\"true\" focusable=\"false\" data-prefix=\"far\" data-icon=\"chart-bar\" role=\"img\" xmlns=\"http:\/\/www.w3.org\/2000\/svg\" viewBox=\"0 0 512 512\" class=\"svg-inline--fa fa-chart-bar fa-w-16 fa-2x\"><path fill=\"currentColor\" d=\"M396.8 352h22.4c6.4 0 12.8-6.4 12.8-12.8V108.8c0-6.4-6.4-12.8-12.8-12.8h-22.4c-6.4 0-12.8 6.4-12.8 12.8v230.4c0 6.4 6.4 12.8 12.8 12.8zm-192 0h22.4c6.4 0 12.8-6.4 12.8-12.8V140.8c0-6.4-6.4-12.8-12.8-12.8h-22.4c-6.4 0-12.8 6.4-12.8 12.8v198.4c0 6.4 6.4 12.8 12.8 12.8zm96 0h22.4c6.4 0 12.8-6.4 12.8-12.8V204.8c0-6.4-6.4-12.8-12.8-12.8h-22.4c-6.4 0-12.8 6.4-12.8 12.8v134.4c0 6.4 6.4 12.8 12.8 12.8zM496 400H48V80c0-8.84-7.16-16-16-16H16C7.16 64 0 71.16 0 80v336c0 17.67 14.33 32 32 32h464c8.84 0 16-7.16 16-16v-16c0-8.84-7.16-16-16-16zm-387.2-48h22.4c6.4 0 12.8-6.4 12.8-12.8v-70.4c0-6.4-6.4-12.8-12.8-12.8h-22.4c-6.4 0-12.8 6.4-12.8 12.8v70.4c0 6.4 6.4 12.8 12.8 12.8z\" class=\"\"><\/path><\/svg><\/i> <img loading=\"lazy\" decoding=\"async\" width=\"16\" height=\"16\" alt=\"Loading\" src=\"https:\/\/temucotelevision.cl\/web\/wp-content\/plugins\/page-views-count\/ajax-loader-2x.gif\" border=0 \/><\/p><div class=\"pvc_clear\"><\/div>\n<ul class=\"wp-block-list\">\n<li>El informe identifica brechas regulatorias y recomienda priorizar la reforma al sector distribuci\u00f3n y la modernizaci\u00f3n institucional.<\/li>\n<\/ul>\n\n\n\n<p><strong>Santiago, 20 de marzo de 2026.<\/strong> Representantes del ciclo \u201cCrecer con Energ\u00eda\u201d se reunieron con la nueva <strong>ministra de Energ\u00eda, Ximena Rinc\u00f3n<\/strong>, para presentar las conclusiones de un trabajo desarrollado por m\u00e1s de veinte l\u00edderes y expertos del sector energ\u00e9tico nacional, que busca aportar a la agenda del sector para el Gobierno de Jos\u00e9 Antonio Kast.<\/p>\n\n\n\n<p>A la instancia asistieron <strong>Juan Carlos Jobet<\/strong>, director del Centro Soluciones Empresariales para el Desarrollo (SEDE) de la Escuela de Negocios de la Universidad Adolfo Ib\u00e1\u00f1ez, <strong>Rodrigo Silva<\/strong>, en representaci\u00f3n de ICARE, junto a <strong>Vivianne Blanlot y Rodrigo Moreno<\/strong>, ambos en representaci\u00f3n de los participantes de las mesas del ciclo.<\/p>\n\n\n\n<p>\u201cLa reuni\u00f3n fue muy productiva y me dieron insumos muy valorados para nuestra gesti\u00f3n. Es importante para m\u00ed conversar con todos los actores que aportan al sector de energ\u00eda, m\u00e1s con un exministro que hizo un incre\u00edble trabajo desde esta cartera. Agradezco a ICARE y a la Universidad Adolfo Ib\u00e1\u00f1ez por este insumo que revisaremos con mi equipo\u201d, afirm\u00f3 la ministra Ximena Rinc\u00f3n.<\/p>\n\n\n\n<p>El ciclo \u201cCrecer con Energ\u00eda\u201d fue desarrollada por SEDE en conjunto con ICARE, con el objetivo de diagnosticar el estado del sistema el\u00e9ctrico y proponer una hoja de ruta para recuperar la energ\u00eda como motor de inversi\u00f3n y desarrollo.&nbsp;<\/p>\n\n\n\n<p>El trabajo convoc\u00f3 a especialistas del sector p\u00fablico, privado y acad\u00e9mico, organizados en cuatro mesas tem\u00e1ticas, que se enfocaron en el diagn\u00f3stico del sistema el\u00e9ctrico, reformas pendientes, agenda clim\u00e1tica y econom\u00eda pol\u00edtica para construir una hoja de ruta. \u201cLa clave est\u00e1 en reunir a actores diversos, discutir con buena evidencia y construir una visi\u00f3n de futuro que permita movilizar las reformas necesarias, aportando insumos concretos para el pr\u00f3ximo gobierno\u201d, asegur\u00f3 Juan Carlos Jobet.&nbsp;<\/p>\n\n\n\n<p>El informe identifica que, pese al liderazgo de Chile en energ\u00edas renovables, el marco regulatorio no ha avanzado al ritmo del cambio tecnol\u00f3gico, lo que ha generado tensiones en la seguridad del sistema y una creciente desconfianza p\u00fablica.<\/p>\n\n\n\n<p>El documento recomienda priorizar dos ejes fundamentales: reforma al sector distribuci\u00f3n y modernizaci\u00f3n institucional.<\/p>\n","protected":false},"excerpt":{"rendered":"<div class=\"pvc_clear\"><\/div>\n<p id=\"pvc_stats_61520\" class=\"pvc_stats total_only  \" data-element-id=\"61520\" style=\"\"><i class=\"pvc-stats-icon large\" aria-hidden=\"true\"><svg aria-hidden=\"true\" focusable=\"false\" data-prefix=\"far\" data-icon=\"chart-bar\" role=\"img\" xmlns=\"http:\/\/www.w3.org\/2000\/svg\" viewBox=\"0 0 512 512\" class=\"svg-inline--fa fa-chart-bar fa-w-16 fa-2x\"><path fill=\"currentColor\" d=\"M396.8 352h22.4c6.4 0 12.8-6.4 12.8-12.8V108.8c0-6.4-6.4-12.8-12.8-12.8h-22.4c-6.4 0-12.8 6.4-12.8 12.8v230.4c0 6.4 6.4 12.8 12.8 12.8zm-192 0h22.4c6.4 0 12.8-6.4 12.8-12.8V140.8c0-6.4-6.4-12.8-12.8-12.8h-22.4c-6.4 0-12.8 6.4-12.8 12.8v198.4c0 6.4 6.4 12.8 12.8 12.8zm96 0h22.4c6.4 0 12.8-6.4 12.8-12.8V204.8c0-6.4-6.4-12.8-12.8-12.8h-22.4c-6.4 0-12.8 6.4-12.8 12.8v134.4c0 6.4 6.4 12.8 12.8 12.8zM496 400H48V80c0-8.84-7.16-16-16-16H16C7.16 64 0 71.16 0 80v336c0 17.67 14.33 32 32 32h464c8.84 0 16-7.16 16-16v-16c0-8.84-7.16-16-16-16zm-387.2-48h22.4c6.4 0 12.8-6.4 12.8-12.8v-70.4c0-6.4-6.4-12.8-12.8-12.8h-22.4c-6.4 0-12.8 6.4-12.8 12.8v70.4c0 6.4 6.4 12.8 12.8 12.8z\" class=\"\"><\/path><\/svg><\/i> <img loading=\"lazy\" decoding=\"async\" width=\"16\" height=\"16\" alt=\"Loading\" src=\"https:\/\/temucotelevision.cl\/web\/wp-content\/plugins\/page-views-count\/ajax-loader-2x.gif\" border=0 \/><\/p>\n<div class=\"pvc_clear\"><\/div>\n<p>Santiago, 20 de marzo de 2026. Representantes del ciclo \u201cCrecer con Energ\u00eda\u201d se reunieron con la nueva ministra de Energ\u00eda,<\/p>\n","protected":false},"author":1,"featured_media":61521,"comment_status":"open","ping_status":"open","sticky":false,"template":"","format":"standard","meta":{"colormag_page_container_layout":"default_layout","colormag_page_sidebar_layout":"default_layout","footnotes":""},"categories":[101],"tags":[730],"class_list":["post-61520","post","type-post","status-publish","format-standard","has-post-thumbnail","hentry","category-actualidad","tag-ministra"],"a3_pvc":{"activated":true,"total_views":911,"today_views":0},"_links":{"self":[{"href":"https:\/\/temucotelevision.cl\/web\/wp-json\/wp\/v2\/posts\/61520","targetHints":{"allow":["GET"]}}],"collection":[{"href":"https:\/\/temucotelevision.cl\/web\/wp-json\/wp\/v2\/posts"}],"about":[{"href":"https:\/\/temucotelevision.cl\/web\/wp-json\/wp\/v2\/types\/post"}],"author":[{"embeddable":true,"href":"https:\/\/temucotelevision.cl\/web\/wp-json\/wp\/v2\/users\/1"}],"replies":[{"embeddable":true,"href":"https:\/\/temucotelevision.cl\/web\/wp-json\/wp\/v2\/comments?post=61520"}],"version-history":[{"count":1,"href":"https:\/\/temucotelevision.cl\/web\/wp-json\/wp\/v2\/posts\/61520\/revisions"}],"predecessor-version":[{"id":61522,"href":"https:\/\/temucotelevision.cl\/web\/wp-json\/wp\/v2\/posts\/61520\/revisions\/61522"}],"wp:featuredmedia":[{"embeddable":true,"href":"https:\/\/temucotelevision.cl\/web\/wp-json\/wp\/v2\/media\/61521"}],"wp:attachment":[{"href":"https:\/\/temucotelevision.cl\/web\/wp-json\/wp\/v2\/media?parent=61520"}],"wp:term":[{"taxonomy":"category","embeddable":true,"href":"https:\/\/temucotelevision.cl\/web\/wp-json\/wp\/v2\/categories?post=61520"},{"taxonomy":"post_tag","embeddable":true,"href":"https:\/\/temucotelevision.cl\/web\/wp-json\/wp\/v2\/tags?post=61520"}],"curies":[{"name":"wp","href":"https:\/\/api.w.org\/{rel}","templated":true}]}}