{"id":61400,"date":"2026-03-17T08:36:46","date_gmt":"2026-03-17T11:36:46","guid":{"rendered":"https:\/\/temucotelevision.cl\/web\/?p=61400"},"modified":"2026-03-17T08:36:48","modified_gmt":"2026-03-17T11:36:48","slug":"nuble-sera-epicentro-de-la-industria-musical-nacional-e-internacional","status":"publish","type":"post","link":"https:\/\/temucotelevision.cl\/web\/2026\/03\/17\/nuble-sera-epicentro-de-la-industria-musical-nacional-e-internacional\/","title":{"rendered":"\u00d1uble ser\u00e1 epicentro de la industria musical nacional e internacional\u00a0"},"content":{"rendered":"<div class=\"pvc_clear\"><\/div><p id=\"pvc_stats_61400\" class=\"pvc_stats total_only  \" data-element-id=\"61400\" style=\"\"><i class=\"pvc-stats-icon large\" aria-hidden=\"true\"><svg aria-hidden=\"true\" focusable=\"false\" data-prefix=\"far\" data-icon=\"chart-bar\" role=\"img\" xmlns=\"http:\/\/www.w3.org\/2000\/svg\" viewBox=\"0 0 512 512\" class=\"svg-inline--fa fa-chart-bar fa-w-16 fa-2x\"><path fill=\"currentColor\" d=\"M396.8 352h22.4c6.4 0 12.8-6.4 12.8-12.8V108.8c0-6.4-6.4-12.8-12.8-12.8h-22.4c-6.4 0-12.8 6.4-12.8 12.8v230.4c0 6.4 6.4 12.8 12.8 12.8zm-192 0h22.4c6.4 0 12.8-6.4 12.8-12.8V140.8c0-6.4-6.4-12.8-12.8-12.8h-22.4c-6.4 0-12.8 6.4-12.8 12.8v198.4c0 6.4 6.4 12.8 12.8 12.8zm96 0h22.4c6.4 0 12.8-6.4 12.8-12.8V204.8c0-6.4-6.4-12.8-12.8-12.8h-22.4c-6.4 0-12.8 6.4-12.8 12.8v134.4c0 6.4 6.4 12.8 12.8 12.8zM496 400H48V80c0-8.84-7.16-16-16-16H16C7.16 64 0 71.16 0 80v336c0 17.67 14.33 32 32 32h464c8.84 0 16-7.16 16-16v-16c0-8.84-7.16-16-16-16zm-387.2-48h22.4c6.4 0 12.8-6.4 12.8-12.8v-70.4c0-6.4-6.4-12.8-12.8-12.8h-22.4c-6.4 0-12.8 6.4-12.8 12.8v70.4c0 6.4 6.4 12.8 12.8 12.8z\" class=\"\"><\/path><\/svg><\/i> <img loading=\"lazy\" decoding=\"async\" width=\"16\" height=\"16\" alt=\"Loading\" src=\"https:\/\/temucotelevision.cl\/web\/wp-content\/plugins\/page-views-count\/ajax-loader-2x.gif\" border=0 \/><\/p><div class=\"pvc_clear\"><\/div>\n<p><strong>Se trata del \u00d1IM,\u00a0Encuentro Nacional e Internacional de la Industria musical, que se desarrollar\u00e1 el 24 y 25 de abril, y reunir\u00e1 a referentes de Chile y Latinoam\u00e9rica, para fortalecer la m\u00fasica como motor de desarrollo creativo, productivo y tur\u00edstico.<\/strong><\/p>\n\n\n\n<p>La Regi\u00f3n de \u00d1uble se convertir\u00e1 en el punto de encuentro de la industria musical nacional e internacional, gracias al \u00d1IM que se realizar\u00e1 el 24 y 25 de abril, una plataforma que buscar\u00e1 articular a m\u00fasicos, emprendedores, gestores culturales, empresarios y actores del sector musical y tur\u00edstico, con el fin de proyectar al territorio como un polo creativo con identidad propia.<\/p>\n\n\n\n<p>El \u00d1IM integrar\u00e1 paneles, talleres, masterclass, sesiones de pitch, showcases y espacios de networking, para generar oportunidades concretas de colaboraci\u00f3n, escalamiento y exportaci\u00f3n para emprendedores y empresas del ecosistema musical y creativo.<\/p>\n\n\n\n<p>Entre los ejes tem\u00e1ticos destacan la m\u00fasica como motor de desarrollo territorial, la identidad musical de \u00d1uble con proyecci\u00f3n hacia Iberoam\u00e9rica, econom\u00eda creativa, sostenibilidad ambiental, equidad de g\u00e9nero y vinculaci\u00f3n entre la m\u00fasica y turismo cultural.<\/p>\n\n\n\n<p>El gobernador regional de \u00d1uble, \u00d3scar Cris\u00f3stomo, valor\u00f3 la realizaci\u00f3n del evento y se\u00f1al\u00f3 que \u201ceste encuentro valida y potencia el talento musical arraigado en nuestra tradici\u00f3n, por lo que es fundamental apoyar iniciativas donde la m\u00fasica se convierte en un motor de desarrollo, uniendo creatividad, emprendimiento e innovaci\u00f3n, proyectando la esencia de \u00d1uble al mundo\u201d.<\/p>\n\n\n\n<p>Uno de los \u00e9nfasis centrales del encuentro ser\u00e1 la relaci\u00f3n entre m\u00fasica y turismo cultural. La programaci\u00f3n abordar\u00e1 c\u00f3mo la circulaci\u00f3n de artistas, festivales y showcases pueden fortalecer destinos, activar econom\u00edas locales y aportar al relato identitario de los territorios, posicionando a \u00d1uble como un referente emergente en turismo creativo.<\/p>\n\n\n\n<p><strong>Los invitados&nbsp;<\/strong><\/p>\n\n\n\n<p>El encuentro contar\u00e1 con invitados de Chile, M\u00e9xico, Ecuador, Argentina y Colombia, vinculados a la creaci\u00f3n art\u00edstica, programaci\u00f3n musical, producci\u00f3n, booking y direcci\u00f3n de festivales.<\/p>\n\n\n\n<p>Desde Chile participar\u00e1n Pascuala Ilabaca, compositora e int\u00e9rprete con trayectoria internacional; Carolina Ozaus, gestora cultural y cofundadora de Femfest; y Germ\u00e1n Estrada, director del espacio cultural Casa de Salud.<\/p>\n\n\n\n<p>A nivel internacional, estar\u00e1n Mario Bustamante (M\u00e9xico), fundador de la agencia Fractal y Head of Booking de TSM; Jorge Asanza (Ecuador), director de Viva Gal\u00e1pagos Music Conference; Charo Bogar\u00edn, Vicepresidenta &#8211; INAMU (Instituto nacional de la M\u00fasica en Argentina) y Adriana Gonz\u00e1lez (Colombia), gestora vinculada a proyectos como Festival Centro y la Bienal de Bogot\u00e1.<\/p>\n\n\n\n<p>El director de Chill\u00e1n Conciertos, Camilo Escobar, manifest\u00f3 que \u201cla m\u00fasica no solo es expresi\u00f3n art\u00edstica, sino tambi\u00e9n una industria capaz de generar desarrollo y oportunidades reales para el territorio\u201d.&nbsp;<\/p>\n\n\n\n<p>En la misma l\u00ednea, Claudia Pereira, programadora del evento, dijo que \u201cesta primera edici\u00f3n busca poner en valor la identidad musical de \u00d1uble, como eje estrat\u00e9gico de desarrollo tur\u00edstico y econ\u00f3mico\u201d.<\/p>\n\n\n\n<p>La iniciativa es impulsada por Chill\u00e1n Conciertos SPA y cuenta con el apoyo del Comit\u00e9 de Desarrollo Productivo Regional (CDPR) de \u00d1uble de Corfo, a trav\u00e9s del programa Viraliza.<\/p>\n\n\n\n<p>El programa detallado y el sistema de inscripci\u00f3n, se dar\u00e1 a conocer a trav\u00e9s de&nbsp;la cuenta de Instagram<strong>@nim.nuble<\/strong><\/p>\n\n\n\n<figure class=\"wp-block-image size-large\"><img loading=\"lazy\" decoding=\"async\" width=\"1000\" height=\"667\" src=\"https:\/\/temucotelevision.cl\/web\/wp-content\/uploads\/2026\/03\/NIM-4-1000x667.webp\" alt=\"\" class=\"wp-image-61402\" srcset=\"https:\/\/temucotelevision.cl\/web\/wp-content\/uploads\/2026\/03\/NIM-4-1000x667.webp 1000w, https:\/\/temucotelevision.cl\/web\/wp-content\/uploads\/2026\/03\/NIM-4-768x512.webp 768w, https:\/\/temucotelevision.cl\/web\/wp-content\/uploads\/2026\/03\/NIM-4.webp 1200w\" sizes=\"auto, (max-width: 1000px) 100vw, 1000px\" \/><\/figure>\n","protected":false},"excerpt":{"rendered":"<div class=\"pvc_clear\"><\/div>\n<p id=\"pvc_stats_61400\" class=\"pvc_stats total_only  \" data-element-id=\"61400\" style=\"\"><i class=\"pvc-stats-icon large\" aria-hidden=\"true\"><svg aria-hidden=\"true\" focusable=\"false\" data-prefix=\"far\" data-icon=\"chart-bar\" role=\"img\" xmlns=\"http:\/\/www.w3.org\/2000\/svg\" viewBox=\"0 0 512 512\" class=\"svg-inline--fa fa-chart-bar fa-w-16 fa-2x\"><path fill=\"currentColor\" d=\"M396.8 352h22.4c6.4 0 12.8-6.4 12.8-12.8V108.8c0-6.4-6.4-12.8-12.8-12.8h-22.4c-6.4 0-12.8 6.4-12.8 12.8v230.4c0 6.4 6.4 12.8 12.8 12.8zm-192 0h22.4c6.4 0 12.8-6.4 12.8-12.8V140.8c0-6.4-6.4-12.8-12.8-12.8h-22.4c-6.4 0-12.8 6.4-12.8 12.8v198.4c0 6.4 6.4 12.8 12.8 12.8zm96 0h22.4c6.4 0 12.8-6.4 12.8-12.8V204.8c0-6.4-6.4-12.8-12.8-12.8h-22.4c-6.4 0-12.8 6.4-12.8 12.8v134.4c0 6.4 6.4 12.8 12.8 12.8zM496 400H48V80c0-8.84-7.16-16-16-16H16C7.16 64 0 71.16 0 80v336c0 17.67 14.33 32 32 32h464c8.84 0 16-7.16 16-16v-16c0-8.84-7.16-16-16-16zm-387.2-48h22.4c6.4 0 12.8-6.4 12.8-12.8v-70.4c0-6.4-6.4-12.8-12.8-12.8h-22.4c-6.4 0-12.8 6.4-12.8 12.8v70.4c0 6.4 6.4 12.8 12.8 12.8z\" class=\"\"><\/path><\/svg><\/i> <img loading=\"lazy\" decoding=\"async\" width=\"16\" height=\"16\" alt=\"Loading\" src=\"https:\/\/temucotelevision.cl\/web\/wp-content\/plugins\/page-views-count\/ajax-loader-2x.gif\" border=0 \/><\/p>\n<div class=\"pvc_clear\"><\/div>\n<p>Se trata del \u00d1IM,\u00a0Encuentro Nacional e Internacional de la Industria musical, que se desarrollar\u00e1 el 24 y 25 de abril,<\/p>\n","protected":false},"author":1,"featured_media":61401,"comment_status":"open","ping_status":"open","sticky":false,"template":"","format":"standard","meta":{"colormag_page_container_layout":"default_layout","colormag_page_sidebar_layout":"default_layout","footnotes":""},"categories":[369],"tags":[6791],"class_list":["post-61400","post","type-post","status-publish","format-standard","has-post-thumbnail","hentry","category-musica","tag-musical"],"a3_pvc":{"activated":true,"total_views":930,"today_views":1},"_links":{"self":[{"href":"https:\/\/temucotelevision.cl\/web\/wp-json\/wp\/v2\/posts\/61400","targetHints":{"allow":["GET"]}}],"collection":[{"href":"https:\/\/temucotelevision.cl\/web\/wp-json\/wp\/v2\/posts"}],"about":[{"href":"https:\/\/temucotelevision.cl\/web\/wp-json\/wp\/v2\/types\/post"}],"author":[{"embeddable":true,"href":"https:\/\/temucotelevision.cl\/web\/wp-json\/wp\/v2\/users\/1"}],"replies":[{"embeddable":true,"href":"https:\/\/temucotelevision.cl\/web\/wp-json\/wp\/v2\/comments?post=61400"}],"version-history":[{"count":1,"href":"https:\/\/temucotelevision.cl\/web\/wp-json\/wp\/v2\/posts\/61400\/revisions"}],"predecessor-version":[{"id":61403,"href":"https:\/\/temucotelevision.cl\/web\/wp-json\/wp\/v2\/posts\/61400\/revisions\/61403"}],"wp:featuredmedia":[{"embeddable":true,"href":"https:\/\/temucotelevision.cl\/web\/wp-json\/wp\/v2\/media\/61401"}],"wp:attachment":[{"href":"https:\/\/temucotelevision.cl\/web\/wp-json\/wp\/v2\/media?parent=61400"}],"wp:term":[{"taxonomy":"category","embeddable":true,"href":"https:\/\/temucotelevision.cl\/web\/wp-json\/wp\/v2\/categories?post=61400"},{"taxonomy":"post_tag","embeddable":true,"href":"https:\/\/temucotelevision.cl\/web\/wp-json\/wp\/v2\/tags?post=61400"}],"curies":[{"name":"wp","href":"https:\/\/api.w.org\/{rel}","templated":true}]}}