{"id":61396,"date":"2026-03-16T22:38:26","date_gmt":"2026-03-17T01:38:26","guid":{"rendered":"https:\/\/temucotelevision.cl\/web\/?p=61396"},"modified":"2026-03-16T22:38:28","modified_gmt":"2026-03-17T01:38:28","slug":"delegado-ljubetic-y-manoli-sostienen-primera-reunion-de-trabajo-con-alcaldes-de-malleco","status":"publish","type":"post","link":"https:\/\/temucotelevision.cl\/web\/2026\/03\/16\/delegado-ljubetic-y-manoli-sostienen-primera-reunion-de-trabajo-con-alcaldes-de-malleco\/","title":{"rendered":"Delegado Ljubetic y Manoli sostienen primera reuni\u00f3n de trabajo con alcaldes de Malleco"},"content":{"rendered":"<div class=\"pvc_clear\"><\/div><p id=\"pvc_stats_61396\" class=\"pvc_stats total_only  \" data-element-id=\"61396\" style=\"\"><i class=\"pvc-stats-icon large\" aria-hidden=\"true\"><svg aria-hidden=\"true\" focusable=\"false\" data-prefix=\"far\" data-icon=\"chart-bar\" role=\"img\" xmlns=\"http:\/\/www.w3.org\/2000\/svg\" viewBox=\"0 0 512 512\" class=\"svg-inline--fa fa-chart-bar fa-w-16 fa-2x\"><path fill=\"currentColor\" d=\"M396.8 352h22.4c6.4 0 12.8-6.4 12.8-12.8V108.8c0-6.4-6.4-12.8-12.8-12.8h-22.4c-6.4 0-12.8 6.4-12.8 12.8v230.4c0 6.4 6.4 12.8 12.8 12.8zm-192 0h22.4c6.4 0 12.8-6.4 12.8-12.8V140.8c0-6.4-6.4-12.8-12.8-12.8h-22.4c-6.4 0-12.8 6.4-12.8 12.8v198.4c0 6.4 6.4 12.8 12.8 12.8zm96 0h22.4c6.4 0 12.8-6.4 12.8-12.8V204.8c0-6.4-6.4-12.8-12.8-12.8h-22.4c-6.4 0-12.8 6.4-12.8 12.8v134.4c0 6.4 6.4 12.8 12.8 12.8zM496 400H48V80c0-8.84-7.16-16-16-16H16C7.16 64 0 71.16 0 80v336c0 17.67 14.33 32 32 32h464c8.84 0 16-7.16 16-16v-16c0-8.84-7.16-16-16-16zm-387.2-48h22.4c6.4 0 12.8-6.4 12.8-12.8v-70.4c0-6.4-6.4-12.8-12.8-12.8h-22.4c-6.4 0-12.8 6.4-12.8 12.8v70.4c0 6.4 6.4 12.8 12.8 12.8z\" class=\"\"><\/path><\/svg><\/i> <img loading=\"lazy\" decoding=\"async\" width=\"16\" height=\"16\" alt=\"Loading\" src=\"https:\/\/temucotelevision.cl\/web\/wp-content\/plugins\/page-views-count\/ajax-loader-2x.gif\" border=0 \/><\/p><div class=\"pvc_clear\"><\/div>\n<p>Con el objetivo de fortalecer el trabajo conjunto entre el Gobierno y los municipios de la provincia de Malleco, el delegado presidencial regional de La Araucan\u00eda, Francisco Ljubetic, junto al delegado presidencial provincial, V\u00edctor Manoli, sostuvieron una reuni\u00f3n con alcaldes de la provincia para presentarse formalmente y conocer de primera fuente las principales necesidades y desaf\u00edos de cada comuna.<\/p>\n\n\n\n<p>Durante el encuentro, las autoridades abordaron las inquietudes de los jefes comunales, quienes expusieron distintas problem\u00e1ticas que afectan as\u00ed como tambi\u00e9n las oportunidades para potenciar el turismo en la zona.<\/p>\n\n\n\n<p>En la instancia, tanto Ljubetic como Manoli reafirmaron su compromiso de trabajar coordinadamente con los municipios, destacando la importancia de generar una agenda com\u00fan que permita avanzar en soluciones concretas para los habitantes de la provincia.<\/p>\n\n\n\n<p>El delegado presidencial regional, Francisco Ljubetic, se\u00f1al\u00f3 que uno de los principales objetivos es fortalecer el desarrollo de Malleco y cambiar la percepci\u00f3n hist\u00f3rica que ha existido en la zona. Por ello, Ljubetic expres\u00f3 que \u201cqueremos dejar atr\u00e1s la idea de que Malleco es el patio trasero de la regi\u00f3n. Esta provincia tiene un enorme potencial productivo, agr\u00edcola y tur\u00edstico que debemos impulsar con decisi\u00f3n, generando oportunidades y desarrollo para sus comunidades\u201d<\/p>\n\n\n\n<p>Por su parte, el delegado provincial V\u00edctor Manoli destac\u00f3 el espacio de di\u00e1logo con los alcaldes, destacando que el trabajo conjunto ser\u00e1 clave para avanzar en soluciones reales para la provincia. \u201cLa coordinaci\u00f3n con los municipios es fundamental. Queremos escuchar a cada alcalde, entender las particularidades de sus comunas y construir un trabajo colaborativo que permita proyectar a Malleco como una provincia con futuro y oportunidades\u201d, afirm\u00f3 Manoli.<\/p>\n\n\n\n<p>Mientras tanto, Enrique Neira, alcalde de Angol y presidente de la Asociaci\u00f3n de Municipalidades de Malleco Norte, valor\u00f3 la instancia y agradeci\u00f3 \u201cla presencia del Delegado Regional, don Francisco y por cierto tambi\u00e9n a nuestro Delegado Provincial, quienes nos han convocado a los once alcaldes de la Provincia de Malleco a una reuni\u00f3n de trabajo en el d\u00eda de hoy. Ha sido muy distendida, sin tope de horario, que es lo que siempre los alcaldes esperamos cuando las autoridades nos convocan a alguna reuni\u00f3n, porque cuando andan muy apurados la verdad es que no alcanzamos a plantear nada. Hoy d\u00eda se ha planteado todo, hemos tenido tiempo incluso para analizar, evaluar algunas de las situaciones circunstanciales que tiene la provincia de Malleco\u201d.<\/p>\n\n\n\n<p>La reuni\u00f3n permiti\u00f3 adem\u00e1s establecer una primera hoja de ruta de trabajo entre el Gobierno y los municipios, con el objetivo de impulsar iniciativas que fortalezcan la actividad productiva, el turismo y la calidad de vida de los habitantes de la provincia de Malleco.<\/p>\n\n\n\n<figure class=\"wp-block-image size-large\"><img loading=\"lazy\" decoding=\"async\" width=\"1000\" height=\"666\" src=\"https:\/\/temucotelevision.cl\/web\/wp-content\/uploads\/2026\/03\/WhatsApp-Image-2026-03-16-at-12.36.59-1000x666.jpeg\" alt=\"\" class=\"wp-image-61398\" srcset=\"https:\/\/temucotelevision.cl\/web\/wp-content\/uploads\/2026\/03\/WhatsApp-Image-2026-03-16-at-12.36.59-1000x666.jpeg 1000w, https:\/\/temucotelevision.cl\/web\/wp-content\/uploads\/2026\/03\/WhatsApp-Image-2026-03-16-at-12.36.59-768x512.jpeg 768w, https:\/\/temucotelevision.cl\/web\/wp-content\/uploads\/2026\/03\/WhatsApp-Image-2026-03-16-at-12.36.59-1536x1023.jpeg 1536w, https:\/\/temucotelevision.cl\/web\/wp-content\/uploads\/2026\/03\/WhatsApp-Image-2026-03-16-at-12.36.59.jpeg 1600w\" sizes=\"auto, (max-width: 1000px) 100vw, 1000px\" \/><\/figure>\n","protected":false},"excerpt":{"rendered":"<div class=\"pvc_clear\"><\/div>\n<p id=\"pvc_stats_61396\" class=\"pvc_stats total_only  \" data-element-id=\"61396\" style=\"\"><i class=\"pvc-stats-icon large\" aria-hidden=\"true\"><svg aria-hidden=\"true\" focusable=\"false\" data-prefix=\"far\" data-icon=\"chart-bar\" role=\"img\" xmlns=\"http:\/\/www.w3.org\/2000\/svg\" viewBox=\"0 0 512 512\" class=\"svg-inline--fa fa-chart-bar fa-w-16 fa-2x\"><path fill=\"currentColor\" d=\"M396.8 352h22.4c6.4 0 12.8-6.4 12.8-12.8V108.8c0-6.4-6.4-12.8-12.8-12.8h-22.4c-6.4 0-12.8 6.4-12.8 12.8v230.4c0 6.4 6.4 12.8 12.8 12.8zm-192 0h22.4c6.4 0 12.8-6.4 12.8-12.8V140.8c0-6.4-6.4-12.8-12.8-12.8h-22.4c-6.4 0-12.8 6.4-12.8 12.8v198.4c0 6.4 6.4 12.8 12.8 12.8zm96 0h22.4c6.4 0 12.8-6.4 12.8-12.8V204.8c0-6.4-6.4-12.8-12.8-12.8h-22.4c-6.4 0-12.8 6.4-12.8 12.8v134.4c0 6.4 6.4 12.8 12.8 12.8zM496 400H48V80c0-8.84-7.16-16-16-16H16C7.16 64 0 71.16 0 80v336c0 17.67 14.33 32 32 32h464c8.84 0 16-7.16 16-16v-16c0-8.84-7.16-16-16-16zm-387.2-48h22.4c6.4 0 12.8-6.4 12.8-12.8v-70.4c0-6.4-6.4-12.8-12.8-12.8h-22.4c-6.4 0-12.8 6.4-12.8 12.8v70.4c0 6.4 6.4 12.8 12.8 12.8z\" class=\"\"><\/path><\/svg><\/i> <img loading=\"lazy\" decoding=\"async\" width=\"16\" height=\"16\" alt=\"Loading\" src=\"https:\/\/temucotelevision.cl\/web\/wp-content\/plugins\/page-views-count\/ajax-loader-2x.gif\" border=0 \/><\/p>\n<div class=\"pvc_clear\"><\/div>\n<p>Con el objetivo de fortalecer el trabajo conjunto entre el Gobierno y los municipios de la provincia de Malleco, el<\/p>\n","protected":false},"author":1,"featured_media":61397,"comment_status":"open","ping_status":"open","sticky":false,"template":"","format":"standard","meta":{"colormag_page_container_layout":"default_layout","colormag_page_sidebar_layout":"default_layout","footnotes":""},"categories":[15],"tags":[891],"class_list":["post-61396","post","type-post","status-publish","format-standard","has-post-thumbnail","hentry","category-la-araucania","tag-reunion"],"a3_pvc":{"activated":true,"total_views":3744,"today_views":0},"_links":{"self":[{"href":"https:\/\/temucotelevision.cl\/web\/wp-json\/wp\/v2\/posts\/61396","targetHints":{"allow":["GET"]}}],"collection":[{"href":"https:\/\/temucotelevision.cl\/web\/wp-json\/wp\/v2\/posts"}],"about":[{"href":"https:\/\/temucotelevision.cl\/web\/wp-json\/wp\/v2\/types\/post"}],"author":[{"embeddable":true,"href":"https:\/\/temucotelevision.cl\/web\/wp-json\/wp\/v2\/users\/1"}],"replies":[{"embeddable":true,"href":"https:\/\/temucotelevision.cl\/web\/wp-json\/wp\/v2\/comments?post=61396"}],"version-history":[{"count":1,"href":"https:\/\/temucotelevision.cl\/web\/wp-json\/wp\/v2\/posts\/61396\/revisions"}],"predecessor-version":[{"id":61399,"href":"https:\/\/temucotelevision.cl\/web\/wp-json\/wp\/v2\/posts\/61396\/revisions\/61399"}],"wp:featuredmedia":[{"embeddable":true,"href":"https:\/\/temucotelevision.cl\/web\/wp-json\/wp\/v2\/media\/61397"}],"wp:attachment":[{"href":"https:\/\/temucotelevision.cl\/web\/wp-json\/wp\/v2\/media?parent=61396"}],"wp:term":[{"taxonomy":"category","embeddable":true,"href":"https:\/\/temucotelevision.cl\/web\/wp-json\/wp\/v2\/categories?post=61396"},{"taxonomy":"post_tag","embeddable":true,"href":"https:\/\/temucotelevision.cl\/web\/wp-json\/wp\/v2\/tags?post=61396"}],"curies":[{"name":"wp","href":"https:\/\/api.w.org\/{rel}","templated":true}]}}