{"id":61377,"date":"2026-03-15T18:20:35","date_gmt":"2026-03-15T21:20:35","guid":{"rendered":"https:\/\/temucotelevision.cl\/web\/?p=61377"},"modified":"2026-03-15T21:26:58","modified_gmt":"2026-03-16T00:26:58","slug":"autoridades-entregan-balance-por-sistema-frontal-y-anuncian-tormentas-electricas-para-este-lunes","status":"publish","type":"post","link":"https:\/\/temucotelevision.cl\/web\/2026\/03\/15\/autoridades-entregan-balance-por-sistema-frontal-y-anuncian-tormentas-electricas-para-este-lunes\/","title":{"rendered":"Autoridades entregan balance por sistema frontal y anuncian tormentas el\u00e9ctricas para este lunes"},"content":{"rendered":"<div class=\"pvc_clear\"><\/div><p id=\"pvc_stats_61377\" class=\"pvc_stats total_only  \" data-element-id=\"61377\" style=\"\"><i class=\"pvc-stats-icon large\" aria-hidden=\"true\"><svg aria-hidden=\"true\" focusable=\"false\" data-prefix=\"far\" data-icon=\"chart-bar\" role=\"img\" xmlns=\"http:\/\/www.w3.org\/2000\/svg\" viewBox=\"0 0 512 512\" class=\"svg-inline--fa fa-chart-bar fa-w-16 fa-2x\"><path fill=\"currentColor\" d=\"M396.8 352h22.4c6.4 0 12.8-6.4 12.8-12.8V108.8c0-6.4-6.4-12.8-12.8-12.8h-22.4c-6.4 0-12.8 6.4-12.8 12.8v230.4c0 6.4 6.4 12.8 12.8 12.8zm-192 0h22.4c6.4 0 12.8-6.4 12.8-12.8V140.8c0-6.4-6.4-12.8-12.8-12.8h-22.4c-6.4 0-12.8 6.4-12.8 12.8v198.4c0 6.4 6.4 12.8 12.8 12.8zm96 0h22.4c6.4 0 12.8-6.4 12.8-12.8V204.8c0-6.4-6.4-12.8-12.8-12.8h-22.4c-6.4 0-12.8 6.4-12.8 12.8v134.4c0 6.4 6.4 12.8 12.8 12.8zM496 400H48V80c0-8.84-7.16-16-16-16H16C7.16 64 0 71.16 0 80v336c0 17.67 14.33 32 32 32h464c8.84 0 16-7.16 16-16v-16c0-8.84-7.16-16-16-16zm-387.2-48h22.4c6.4 0 12.8-6.4 12.8-12.8v-70.4c0-6.4-6.4-12.8-12.8-12.8h-22.4c-6.4 0-12.8 6.4-12.8 12.8v70.4c0 6.4 6.4 12.8 12.8 12.8z\" class=\"\"><\/path><\/svg><\/i> <img loading=\"lazy\" decoding=\"async\" width=\"16\" height=\"16\" alt=\"Loading\" src=\"https:\/\/temucotelevision.cl\/web\/wp-content\/plugins\/page-views-count\/ajax-loader-2x.gif\" border=0 \/><\/p><div class=\"pvc_clear\"><\/div>\n<p>El Delegado Presidencial Regional de La Araucan\u00eda, Francisco Ljubetic, junto al director de Senapred, Ian Gorayeb, realizaron un balance por el evento metereol\u00f3gico pronosticado para este fin de semana en el sur del pa\u00eds.<\/p>\n\n\n\n<p>Las autoridades manifestaron que hubo un permanente monitoreo en la Regi\u00f3n adem\u00e1s de destacar la coordinaci\u00f3n con los municipios, a trav\u00e9s de sus respectivos departamentos de Gesti\u00f3n de Riesgos de Desastres.<\/p>\n\n\n\n<p>En este sentido, Francisco Ljubetic expres\u00f3 que \u201clo que debo resaltar y valorar es c\u00f3mo trabajan y c\u00f3mo responden los equipos y eso es lo que hoy d\u00eda creo que hemos comprobado in situ desde el d\u00eda s\u00e1bado hasta hoy, domingo. Vamos a seguir en esa coordinaci\u00f3n, ahora estamos pr\u00f3ximos a tener una nueva mesa t\u00e9cnica liderada por el Subsecretario del Interior porque esto no ha finalizado ya que tambi\u00e9n se pronostican tormentas el\u00e9ctricas para las pr\u00f3ximas horas\u201d.<\/p>\n\n\n\n<p>Por su parte, Ian Gorayeb, director de Senapred en La Araucan\u00eda, dijo que \u201cen general, las 32 comunas resistieron bastante bien este temporal, salvo algunos casos muy particulares como lo que tuvimos en la ma\u00f1ana en el sector de Las Mariposas en Temuco. Tambi\u00e9n un problema en un vado que est\u00e1 en Curarrehue y ca\u00edda de \u00e1rboles en algunas comunas. Adem\u00e1s, se va a activar una alerta por la tormenta el\u00e9ctrica para ma\u00f1ana; ya ten\u00edamos una alerta temprana preventiva por el evento meteorol\u00f3gico, ahora la estamos ampliando para el d\u00eda de ma\u00f1ana lunes 16, por un evento de tormentas el\u00e9ctricas para el litoral y el valle en toda la Regi\u00f3n\u201d.<\/p>\n\n\n\n<p>Respecto a las emergencias, las autoridades indicaron que se est\u00e1 trabajando, en especial por lo sucedido en el sector Las Mariposas \u201cEstamos justamente en conversaciones para instalar la mesa de trabajo con DOH, con la propia municipalidad, con todos los organismos e incluso si es necesario Sernageomin para hacer un an\u00e1lisis del sector\u201d, expres\u00f3 Gorayeb.<\/p>\n\n\n\n<p>Finalmente, se hizo un llamado a la comunidad a informarse por los canales oficiales y evitar acciones de riesgo que pudieran afectar la integridad de las personas.<\/p>\n","protected":false},"excerpt":{"rendered":"<div class=\"pvc_clear\"><\/div>\n<p id=\"pvc_stats_61377\" class=\"pvc_stats total_only  \" data-element-id=\"61377\" style=\"\"><i class=\"pvc-stats-icon large\" aria-hidden=\"true\"><svg aria-hidden=\"true\" focusable=\"false\" data-prefix=\"far\" data-icon=\"chart-bar\" role=\"img\" xmlns=\"http:\/\/www.w3.org\/2000\/svg\" viewBox=\"0 0 512 512\" class=\"svg-inline--fa fa-chart-bar fa-w-16 fa-2x\"><path fill=\"currentColor\" d=\"M396.8 352h22.4c6.4 0 12.8-6.4 12.8-12.8V108.8c0-6.4-6.4-12.8-12.8-12.8h-22.4c-6.4 0-12.8 6.4-12.8 12.8v230.4c0 6.4 6.4 12.8 12.8 12.8zm-192 0h22.4c6.4 0 12.8-6.4 12.8-12.8V140.8c0-6.4-6.4-12.8-12.8-12.8h-22.4c-6.4 0-12.8 6.4-12.8 12.8v198.4c0 6.4 6.4 12.8 12.8 12.8zm96 0h22.4c6.4 0 12.8-6.4 12.8-12.8V204.8c0-6.4-6.4-12.8-12.8-12.8h-22.4c-6.4 0-12.8 6.4-12.8 12.8v134.4c0 6.4 6.4 12.8 12.8 12.8zM496 400H48V80c0-8.84-7.16-16-16-16H16C7.16 64 0 71.16 0 80v336c0 17.67 14.33 32 32 32h464c8.84 0 16-7.16 16-16v-16c0-8.84-7.16-16-16-16zm-387.2-48h22.4c6.4 0 12.8-6.4 12.8-12.8v-70.4c0-6.4-6.4-12.8-12.8-12.8h-22.4c-6.4 0-12.8 6.4-12.8 12.8v70.4c0 6.4 6.4 12.8 12.8 12.8z\" class=\"\"><\/path><\/svg><\/i> <img loading=\"lazy\" decoding=\"async\" width=\"16\" height=\"16\" alt=\"Loading\" src=\"https:\/\/temucotelevision.cl\/web\/wp-content\/plugins\/page-views-count\/ajax-loader-2x.gif\" border=0 \/><\/p>\n<div class=\"pvc_clear\"><\/div>\n<p>El Delegado Presidencial Regional de La Araucan\u00eda, Francisco Ljubetic, junto al director de Senapred, Ian Gorayeb, realizaron un balance por<\/p>\n","protected":false},"author":1,"featured_media":61391,"comment_status":"open","ping_status":"open","sticky":false,"template":"","format":"standard","meta":{"colormag_page_container_layout":"default_layout","colormag_page_sidebar_layout":"default_layout","footnotes":""},"categories":[14],"tags":[1680],"class_list":["post-61377","post","type-post","status-publish","format-standard","has-post-thumbnail","hentry","category-temuco","tag-tormentas"],"a3_pvc":{"activated":true,"total_views":2944,"today_views":1},"_links":{"self":[{"href":"https:\/\/temucotelevision.cl\/web\/wp-json\/wp\/v2\/posts\/61377","targetHints":{"allow":["GET"]}}],"collection":[{"href":"https:\/\/temucotelevision.cl\/web\/wp-json\/wp\/v2\/posts"}],"about":[{"href":"https:\/\/temucotelevision.cl\/web\/wp-json\/wp\/v2\/types\/post"}],"author":[{"embeddable":true,"href":"https:\/\/temucotelevision.cl\/web\/wp-json\/wp\/v2\/users\/1"}],"replies":[{"embeddable":true,"href":"https:\/\/temucotelevision.cl\/web\/wp-json\/wp\/v2\/comments?post=61377"}],"version-history":[{"count":1,"href":"https:\/\/temucotelevision.cl\/web\/wp-json\/wp\/v2\/posts\/61377\/revisions"}],"predecessor-version":[{"id":61378,"href":"https:\/\/temucotelevision.cl\/web\/wp-json\/wp\/v2\/posts\/61377\/revisions\/61378"}],"wp:featuredmedia":[{"embeddable":true,"href":"https:\/\/temucotelevision.cl\/web\/wp-json\/wp\/v2\/media\/61391"}],"wp:attachment":[{"href":"https:\/\/temucotelevision.cl\/web\/wp-json\/wp\/v2\/media?parent=61377"}],"wp:term":[{"taxonomy":"category","embeddable":true,"href":"https:\/\/temucotelevision.cl\/web\/wp-json\/wp\/v2\/categories?post=61377"},{"taxonomy":"post_tag","embeddable":true,"href":"https:\/\/temucotelevision.cl\/web\/wp-json\/wp\/v2\/tags?post=61377"}],"curies":[{"name":"wp","href":"https:\/\/api.w.org\/{rel}","templated":true}]}}