{"id":61343,"date":"2026-03-14T21:57:06","date_gmt":"2026-03-15T00:57:06","guid":{"rendered":"https:\/\/temucotelevision.cl\/web\/?p=61343"},"modified":"2026-03-14T21:58:09","modified_gmt":"2026-03-15T00:58:09","slug":"en-santiago-alcalde-roberto-neira-y-senador-rodolfo-carter-se-reunen-en-tiempo-record-con-ministra-wulf-para-destrabar-reconstruccion-del-mercado-municipal-temuco","status":"publish","type":"post","link":"https:\/\/temucotelevision.cl\/web\/2026\/03\/14\/en-santiago-alcalde-roberto-neira-y-senador-rodolfo-carter-se-reunen-en-tiempo-record-con-ministra-wulf-para-destrabar-reconstruccion-del-mercado-municipal-temuco\/","title":{"rendered":"En Santiago Alcalde Roberto Neira y Senador Rodolfo Carter se re\u00fanen en tiempo r\u00e9cord con Ministra Wulf para destrabar reconstrucci\u00f3n del Mercado Municipal Temuco"},"content":{"rendered":"<div class=\"pvc_clear\"><\/div><p id=\"pvc_stats_61343\" class=\"pvc_stats total_only  \" data-element-id=\"61343\" style=\"\"><i class=\"pvc-stats-icon large\" aria-hidden=\"true\"><svg aria-hidden=\"true\" focusable=\"false\" data-prefix=\"far\" data-icon=\"chart-bar\" role=\"img\" xmlns=\"http:\/\/www.w3.org\/2000\/svg\" viewBox=\"0 0 512 512\" class=\"svg-inline--fa fa-chart-bar fa-w-16 fa-2x\"><path fill=\"currentColor\" d=\"M396.8 352h22.4c6.4 0 12.8-6.4 12.8-12.8V108.8c0-6.4-6.4-12.8-12.8-12.8h-22.4c-6.4 0-12.8 6.4-12.8 12.8v230.4c0 6.4 6.4 12.8 12.8 12.8zm-192 0h22.4c6.4 0 12.8-6.4 12.8-12.8V140.8c0-6.4-6.4-12.8-12.8-12.8h-22.4c-6.4 0-12.8 6.4-12.8 12.8v198.4c0 6.4 6.4 12.8 12.8 12.8zm96 0h22.4c6.4 0 12.8-6.4 12.8-12.8V204.8c0-6.4-6.4-12.8-12.8-12.8h-22.4c-6.4 0-12.8 6.4-12.8 12.8v134.4c0 6.4 6.4 12.8 12.8 12.8zM496 400H48V80c0-8.84-7.16-16-16-16H16C7.16 64 0 71.16 0 80v336c0 17.67 14.33 32 32 32h464c8.84 0 16-7.16 16-16v-16c0-8.84-7.16-16-16-16zm-387.2-48h22.4c6.4 0 12.8-6.4 12.8-12.8v-70.4c0-6.4-6.4-12.8-12.8-12.8h-22.4c-6.4 0-12.8 6.4-12.8 12.8v70.4c0 6.4 6.4 12.8 12.8 12.8z\" class=\"\"><\/path><\/svg><\/i> <img loading=\"lazy\" decoding=\"async\" width=\"16\" height=\"16\" alt=\"Loading\" src=\"https:\/\/temucotelevision.cl\/web\/wp-content\/plugins\/page-views-count\/ajax-loader-2x.gif\" border=0 \/><\/p><div class=\"pvc_clear\"><\/div>\n<p><strong><em>En una gesti\u00f3n marcada por el sentido de urgencia y la unidad transversal, el alcalde de Temuco, Roberto Neira y el Senador Rodolfo Carter, encabezaron una reuni\u00f3n clave en las dependencias del Ministerio de Desarrollo Social, con el objetivo de reactivar de manera definitiva el proyecto del Mercado Municipal, hito arquitect\u00f3nico y comercial que se encamina a ser la gran obra de los 150 a\u00f1os de la ciudad.&nbsp;<\/em><\/strong><\/p>\n\n\n\n<p>A menos de 24 horas del cambio de mando, el Alcalde Roberto Neira, junto al Senador Rodolfo Carter y representantes de los locatarios, se reunieron con la Ministra de Desarrollo Social para agilizar la evaluaci\u00f3n t\u00e9cnica del proyecto m\u00e1s emblem\u00e1tico de la capital regional.&nbsp;<\/p>\n\n\n\n<p>La audiencia, gestionada de manera prioritaria por el Senador Rodolfo Carter, se realiz\u00f3 apenas en el primer d\u00eda de funciones de las nuevas autoridades gubernamentales. En la cita participaron la Ministra de Desarrollo Social, Mar\u00eda Jos\u00e9 Wulf, el Subsecretario de Evaluaci\u00f3n Social y el presidente de la Asociaci\u00f3n Gremial de Locatarios, Ricardo Fierro, evidenciando una mesa de trabajo que puso el bienestar de Temuco por encima de cualquier diferencia pol\u00edtica.<\/p>\n\n\n\n<p>Tras la presentaci\u00f3n de los antecedentes t\u00e9cnicos que manten\u00edan el proyecto &#8220;entrabado&#8221; en los procesos de evaluaci\u00f3n ministerial, la Ministra Wulf se comprometi\u00f3 a estudiar alternativas t\u00e9cnicas que permitan destrabar el proyecto. &#8220;A solo un d\u00eda de asumir las nuevas autoridades, ya estamos trabajando por nuestro Mercado Municipal. Lo importante es que sea una realidad, es el compromiso que ha asumido la Ministra para darnos noticias prontamente, que es lo que la ciudad espera&#8221;, destac\u00f3 el Alcalde Roberto Neira.<\/p>\n\n\n\n<p>Neira tambi\u00e9n valor\u00f3 el pronto encuentro diciendo que, &#8220;agradecemos la disposici\u00f3n de la Ministra y el Subsecretario, con quienes ya estamos trabajando por el Mercado de Temuco a solo un d\u00eda de haber asumido sus cargos. Tras entregar todos los antecedentes, la autoridad ha solicitado un plazo acotado para estudiar las mejores alternativas de financiamiento. Lo relevante es el acuerdo de avanzar con celeridad, como municipio y como ciudad, esperamos tener noticias concretas prontamente para que el nuevo mercado sea, por fin, una realidad.&#8221;<\/p>\n\n\n\n<p>Por su parte, el Senador Rodolfo Carter enfatiz\u00f3 la importancia de la colaboraci\u00f3n institucional, diciendo que, &#8220;este es el pa\u00eds que quisi\u00e9ramos construir, donde personas que piensan distinto se ponen de acuerdo para recuperar Temuco para su gente. Queremos un centro bonito, pr\u00f3spero y seguro, para que La Araucan\u00eda vuelva a ser la mejor regi\u00f3n de Chile&#8221;.<\/p>\n\n\n\n<p>&#8220;Asumimos nuestro compromiso con la Araucan\u00eda con hechos concretos. Ante la urgencia planteada por el alcalde Neira para rescatar el proyecto del Mercado de Temuco, solicitamos una reuni\u00f3n inmediata con la Ministra de Desarrollo Social en nuestro primer d\u00eda de funciones. Hoy estamos trabajando juntos para destrabar esta iniciativa, nuestra misi\u00f3n es transformar la preocupaci\u00f3n del municipio en avances reales para la ciudad&#8221;, finaliz\u00f3 el Senador.<\/p>\n\n\n\n<p>Para los locatarios, quienes han esperado a\u00f1os por la concreci\u00f3n de este proyecto, la celeridad de esta gesti\u00f3n representa una se\u00f1al de confianza in\u00e9dita. Ricardo Fierro, representante del gremio, manifest\u00f3 retirarse &#8220;esperanzado y muy contento&#8221; tras el compromiso de soluciones en el corto plazo. &#8220;Vinimos a buscar respuestas por el Mercado de Temuco y la Ministra va evaluar nuestra situaci\u00f3n en las pr\u00f3ximas dos semanas. Actualmente el proyecto est\u00e1 entrabado, pero tras esta gesti\u00f3n vemos una luz de esperanza. Estamos contentos con el recibimiento, pero nuestra prioridad sigue siendo la misma, que la reconstrucci\u00f3n del mercado sea, finalmente, una realidad definitiva&#8221;, coment\u00f3.<\/p>\n\n\n\n<p>La reconstrucci\u00f3n del Mercado Municipal trasciende la obra p\u00fablica para consolidarse como el motor del Centro de Todos. Con este hito, la gesti\u00f3n del alcalde reafirma un compromiso hist\u00f3rico y transversal, recibir los 150 a\u00f1os de la ciudad con un recinto revitalizado que no solo es un baluarte cultural, sino tambi\u00e9n el principal impulsor del turismo y la econom\u00eda local. Es, en esencia, la recuperaci\u00f3n de un \u00edcono que vuelve a latir para el desarrollo de toda la regi\u00f3n.<\/p>\n","protected":false},"excerpt":{"rendered":"<div class=\"pvc_clear\"><\/div>\n<p id=\"pvc_stats_61343\" class=\"pvc_stats total_only  \" data-element-id=\"61343\" style=\"\"><i class=\"pvc-stats-icon large\" aria-hidden=\"true\"><svg aria-hidden=\"true\" focusable=\"false\" data-prefix=\"far\" data-icon=\"chart-bar\" role=\"img\" xmlns=\"http:\/\/www.w3.org\/2000\/svg\" viewBox=\"0 0 512 512\" class=\"svg-inline--fa fa-chart-bar fa-w-16 fa-2x\"><path fill=\"currentColor\" d=\"M396.8 352h22.4c6.4 0 12.8-6.4 12.8-12.8V108.8c0-6.4-6.4-12.8-12.8-12.8h-22.4c-6.4 0-12.8 6.4-12.8 12.8v230.4c0 6.4 6.4 12.8 12.8 12.8zm-192 0h22.4c6.4 0 12.8-6.4 12.8-12.8V140.8c0-6.4-6.4-12.8-12.8-12.8h-22.4c-6.4 0-12.8 6.4-12.8 12.8v198.4c0 6.4 6.4 12.8 12.8 12.8zm96 0h22.4c6.4 0 12.8-6.4 12.8-12.8V204.8c0-6.4-6.4-12.8-12.8-12.8h-22.4c-6.4 0-12.8 6.4-12.8 12.8v134.4c0 6.4 6.4 12.8 12.8 12.8zM496 400H48V80c0-8.84-7.16-16-16-16H16C7.16 64 0 71.16 0 80v336c0 17.67 14.33 32 32 32h464c8.84 0 16-7.16 16-16v-16c0-8.84-7.16-16-16-16zm-387.2-48h22.4c6.4 0 12.8-6.4 12.8-12.8v-70.4c0-6.4-6.4-12.8-12.8-12.8h-22.4c-6.4 0-12.8 6.4-12.8 12.8v70.4c0 6.4 6.4 12.8 12.8 12.8z\" class=\"\"><\/path><\/svg><\/i> <img loading=\"lazy\" decoding=\"async\" width=\"16\" height=\"16\" alt=\"Loading\" src=\"https:\/\/temucotelevision.cl\/web\/wp-content\/plugins\/page-views-count\/ajax-loader-2x.gif\" border=0 \/><\/p>\n<div class=\"pvc_clear\"><\/div>\n<p>En una gesti\u00f3n marcada por el sentido de urgencia y la unidad transversal, el alcalde de Temuco, Roberto Neira y<\/p>\n","protected":false},"author":1,"featured_media":61344,"comment_status":"open","ping_status":"open","sticky":false,"template":"","format":"standard","meta":{"colormag_page_container_layout":"default_layout","colormag_page_sidebar_layout":"default_layout","footnotes":""},"categories":[15],"tags":[730],"class_list":["post-61343","post","type-post","status-publish","format-standard","has-post-thumbnail","hentry","category-la-araucania","tag-ministra"],"a3_pvc":{"activated":true,"total_views":2740,"today_views":1},"_links":{"self":[{"href":"https:\/\/temucotelevision.cl\/web\/wp-json\/wp\/v2\/posts\/61343","targetHints":{"allow":["GET"]}}],"collection":[{"href":"https:\/\/temucotelevision.cl\/web\/wp-json\/wp\/v2\/posts"}],"about":[{"href":"https:\/\/temucotelevision.cl\/web\/wp-json\/wp\/v2\/types\/post"}],"author":[{"embeddable":true,"href":"https:\/\/temucotelevision.cl\/web\/wp-json\/wp\/v2\/users\/1"}],"replies":[{"embeddable":true,"href":"https:\/\/temucotelevision.cl\/web\/wp-json\/wp\/v2\/comments?post=61343"}],"version-history":[{"count":1,"href":"https:\/\/temucotelevision.cl\/web\/wp-json\/wp\/v2\/posts\/61343\/revisions"}],"predecessor-version":[{"id":61345,"href":"https:\/\/temucotelevision.cl\/web\/wp-json\/wp\/v2\/posts\/61343\/revisions\/61345"}],"wp:featuredmedia":[{"embeddable":true,"href":"https:\/\/temucotelevision.cl\/web\/wp-json\/wp\/v2\/media\/61344"}],"wp:attachment":[{"href":"https:\/\/temucotelevision.cl\/web\/wp-json\/wp\/v2\/media?parent=61343"}],"wp:term":[{"taxonomy":"category","embeddable":true,"href":"https:\/\/temucotelevision.cl\/web\/wp-json\/wp\/v2\/categories?post=61343"},{"taxonomy":"post_tag","embeddable":true,"href":"https:\/\/temucotelevision.cl\/web\/wp-json\/wp\/v2\/tags?post=61343"}],"curies":[{"name":"wp","href":"https:\/\/api.w.org\/{rel}","templated":true}]}}