{"id":61325,"date":"2026-03-13T10:06:35","date_gmt":"2026-03-13T13:06:35","guid":{"rendered":"https:\/\/temucotelevision.cl\/web\/?p=61325"},"modified":"2026-03-13T10:06:37","modified_gmt":"2026-03-13T13:06:37","slug":"lenovo-presenta-pcs-de-ia-adaptativa-conceptos-modulares-y-el-despliegue-de-lenovo-qira-en-el-mwc-2026","status":"publish","type":"post","link":"https:\/\/temucotelevision.cl\/web\/2026\/03\/13\/lenovo-presenta-pcs-de-ia-adaptativa-conceptos-modulares-y-el-despliegue-de-lenovo-qira-en-el-mwc-2026\/","title":{"rendered":"Lenovo presenta PCs de IA adaptativa, conceptos modulares y el despliegue de Lenovo Qira en el MWC 2026"},"content":{"rendered":"<div class=\"pvc_clear\"><\/div><p id=\"pvc_stats_61325\" class=\"pvc_stats total_only  \" data-element-id=\"61325\" style=\"\"><i class=\"pvc-stats-icon large\" aria-hidden=\"true\"><svg aria-hidden=\"true\" focusable=\"false\" data-prefix=\"far\" data-icon=\"chart-bar\" role=\"img\" xmlns=\"http:\/\/www.w3.org\/2000\/svg\" viewBox=\"0 0 512 512\" class=\"svg-inline--fa fa-chart-bar fa-w-16 fa-2x\"><path fill=\"currentColor\" d=\"M396.8 352h22.4c6.4 0 12.8-6.4 12.8-12.8V108.8c0-6.4-6.4-12.8-12.8-12.8h-22.4c-6.4 0-12.8 6.4-12.8 12.8v230.4c0 6.4 6.4 12.8 12.8 12.8zm-192 0h22.4c6.4 0 12.8-6.4 12.8-12.8V140.8c0-6.4-6.4-12.8-12.8-12.8h-22.4c-6.4 0-12.8 6.4-12.8 12.8v198.4c0 6.4 6.4 12.8 12.8 12.8zm96 0h22.4c6.4 0 12.8-6.4 12.8-12.8V204.8c0-6.4-6.4-12.8-12.8-12.8h-22.4c-6.4 0-12.8 6.4-12.8 12.8v134.4c0 6.4 6.4 12.8 12.8 12.8zM496 400H48V80c0-8.84-7.16-16-16-16H16C7.16 64 0 71.16 0 80v336c0 17.67 14.33 32 32 32h464c8.84 0 16-7.16 16-16v-16c0-8.84-7.16-16-16-16zm-387.2-48h22.4c6.4 0 12.8-6.4 12.8-12.8v-70.4c0-6.4-6.4-12.8-12.8-12.8h-22.4c-6.4 0-12.8 6.4-12.8 12.8v70.4c0 6.4 6.4 12.8 12.8 12.8z\" class=\"\"><\/path><\/svg><\/i> <img loading=\"lazy\" decoding=\"async\" width=\"16\" height=\"16\" alt=\"Loading\" src=\"https:\/\/temucotelevision.cl\/web\/wp-content\/plugins\/page-views-count\/ajax-loader-2x.gif\" border=0 \/><\/p><div class=\"pvc_clear\"><\/div>\n<p><strong>Desde la computaci\u00f3n empresarial modular y el 3D sin gafas hasta los juegos plegables y la IA a nivel de sistema, Lenovo impulsa una IA m\u00e1s inteligente para todos<\/strong><\/p>\n\n\n\n<p>En el MWC\u00ae 2026, Lenovo\u2122 presenta una nueva generaci\u00f3n de dispositivos de IA adaptativa y conceptos innovadores dise\u00f1ados para profesionales empresariales, creadores, estudiantes y jugadores. Encabezada por una nueva arquitectura modular de PC, un concepto de port\u00e1til 3D sin gafas, un dispositivo port\u00e1til plegable para juegos y el lanzamiento inicial de Lenovo Qira, la muestra de Lenovo refleja un cambio m\u00e1s amplio en la computaci\u00f3n personal hacia sistemas que se adaptan de forma inteligente a las personas y sus entornos.<\/p>\n\n\n\n<p>En todo su cat\u00e1logo, Lenovo sigue centrado en ofrecer tecnolog\u00eda m\u00e1s personalizada, proactiva y protegida, mientras construye un ecosistema de IA unificado que funciona de forma natural en todos los dispositivos.<\/p>\n\n\n\n<p>&#8220;La era de la IA no se definir\u00e1 por un solo dispositivo o aplicaci\u00f3n, sino por sistemas inteligentes que funcionen de forma fluida en todo lo que usamos&#8221;, dijo <strong>Luca Rossi, Presidente del Grupo de Dispositivos Inteligentes de Lenovo<\/strong>. &#8220;Estamos demostrando c\u00f3mo Lenovo y Motorola est\u00e1n haciendo realidad esa visi\u00f3n, combinando innovaci\u00f3n en hardware adaptativo con una integraci\u00f3n \u00fanica y unificada de IA a nivel de sistema que funciona de forma natural en PCs, smartphones, tablets, wearables y m\u00e1s all\u00e1. Desde dispositivos m\u00f3viles premium y factores de forma transformadores, hasta el lanzamiento de Lenovo Qira, estamos construyendo el portafolio de IA m\u00e1s amplio que ofrece experiencias de computaci\u00f3n personal m\u00e1s conectadas e intuitivas dise\u00f1adas para las personas.&#8221;<\/p>\n\n\n\n<p><strong>Lenovo Qira: Inteligencia Ambiental Personal<\/strong><\/p>\n\n\n\n<p>Lenovo Qira es una inteligencia ambiental personal construida a nivel de sistema e integrada directamente en dispositivos Lenovo y Motorola, en lugar de incorporarse como una aplicaci\u00f3n independiente. Funcionando en PCs, tabletas, smartphones y dispositivos wearables compatibles, Lenovo Qira est\u00e1 dise\u00f1ado para ayudar a mantener la continuidad entre tareas y dispositivos, al tiempo que asiste seg\u00fan la intenci\u00f3n del usuario.<\/p>\n\n\n\n<p>En las pr\u00f3ximas semanas, Lenovo Qira se desplegar\u00e1 en m\u00e1s de 20 dispositivos dentro de la cartera de PC de Lenovo, abarcando familias de Yoga\u2122, IdeaPad\u2122, Legion\u2122 y ThinkPad\u2122, mediante una combinaci\u00f3n de actualizaciones y precargas por aire. Esto incluye el lanzamiento de la Idea Tab Pro Gen 2 como la primera tablet de Lenovo en ofrecer esta experiencia. El soporte de la primera oleada en PCs incluye seis idiomas en nueve regiones: ingl\u00e9s (EE. UU., Reino Unido, India), espa\u00f1ol (EE.UU.\/Am\u00e9rica Latina, Espa\u00f1a), franc\u00e9s (Francia), italiano (Italia), alem\u00e1n (Alemania) y portugu\u00e9s (Brasil).<\/p>\n\n\n\n<p>Lenovo Qira est\u00e1 dise\u00f1ado para evolucionar continuamente, expandi\u00e9ndose a m\u00e1s dispositivos mientras permite nuevas experiencias y colaboraciones.&nbsp;En 2026, esa evoluci\u00f3n se extender\u00e1 a m\u00e1s lenguajes y dispositivos, incluyendo su debut en smartphones de Motorola, impulsando a\u00fan m\u00e1s un ecosistema unificado de IA entre Lenovo y Motorola.<\/p>\n\n\n\n<figure class=\"wp-block-image size-large\"><img loading=\"lazy\" decoding=\"async\" width=\"1000\" height=\"623\" src=\"https:\/\/temucotelevision.cl\/web\/wp-content\/uploads\/2026\/03\/Captura-de-pantalla-2026-03-13-a-las-10.01.51-1000x623.png\" alt=\"\" class=\"wp-image-61327\" srcset=\"https:\/\/temucotelevision.cl\/web\/wp-content\/uploads\/2026\/03\/Captura-de-pantalla-2026-03-13-a-las-10.01.51-1000x623.png 1000w, https:\/\/temucotelevision.cl\/web\/wp-content\/uploads\/2026\/03\/Captura-de-pantalla-2026-03-13-a-las-10.01.51-768x478.png 768w, https:\/\/temucotelevision.cl\/web\/wp-content\/uploads\/2026\/03\/Captura-de-pantalla-2026-03-13-a-las-10.01.51.png 1230w\" sizes=\"auto, (max-width: 1000px) 100vw, 1000px\" \/><\/figure>\n\n\n\n<p><br><em>ThinkBook\u2122 Modular AI PC Concept<\/em><\/p>\n\n\n\n<p><strong>Conceptos revolucionarios: explorando factores de forma adaptativos<\/strong><\/p>\n\n\n\n<p><strong>ThinkBook<\/strong>\u2122<strong> Modular AI PC Concept<\/strong><\/p>\n\n\n\n<p>Lenovo presenta un concepto modular de PC con IA que explora un enfoque selectivamente modular de la computaci\u00f3n empresarial basado en la idea de &#8220;cargar peque\u00f1o, usar en grande tama\u00f1o&#8221;.<\/p>\n\n\n\n<p>El concepto cuenta con un sistema base ultrafina de 14 pulgadas dise\u00f1ado para soportar configuraciones de pantalla intercambiables, componentes de entrada desmontables y elementos modulares de E\/S. Una pantalla secundaria puede acoplarse en m\u00faltiples orientaciones o reemplazar el teclado, permitiendo la expansi\u00f3n del espacio de trabajo hasta aproximadamente 19 pulgadas manteniendo la portabilidad. El concepto ilustra c\u00f3mo la arquitectura modular podr\u00eda soportar flujos de trabajo en evoluci\u00f3n y ciclos de vida prolongados de los dispositivos en entornos preparados para IA.<\/p>\n\n\n\n<p><strong>Yoga Book Pro 3D Concept<\/strong><\/p>\n\n\n\n<p>Lenovo tambi\u00e9n presenta un concepto de port\u00e1til 3D sin gafas, dise\u00f1ado para permitir a los creadores ver y manipular la profundidad directamente en pantalla.<\/p>\n\n\n\n<p>Al combinar dos pantallas, conversi\u00f3n de 2D a 3D impulsada por IA, interacci\u00f3n gestual y controles creativos intuitivos, el concepto reduce la fricci\u00f3n en la creaci\u00f3n de contenido inmersivo y destaca la exploraci\u00f3n de Lenovo en experiencias de computaci\u00f3n espacial.<\/p>\n\n\n\n<p><strong>Legion Go Fold Concept<\/strong><\/p>\n\n\n\n<p>Un concepto de port\u00e1til plegable para juegos ampl\u00eda a\u00fan m\u00e1s la exploraci\u00f3n de Lenovo sobre hardware adaptable.<\/p>\n\n\n\n<p>El dispositivo pasa de un formato compacto de mano a una pantalla inmersiva m\u00e1s grande y soporta m\u00faltiples modos de uso, incluyendo juego en mano, multitarea en pantalla partida, juegos ampliados con pantalla y interacci\u00f3n de tipo escritorio. El concepto demuestra c\u00f3mo la tecnolog\u00eda de pantalla flexible podr\u00eda permitir experiencias h\u00edbridas de juego y productividad en un solo dispositivo.<\/p>\n\n\n\n<figure class=\"wp-block-image size-large\"><img loading=\"lazy\" decoding=\"async\" width=\"1000\" height=\"566\" src=\"https:\/\/temucotelevision.cl\/web\/wp-content\/uploads\/2026\/03\/Captura-de-pantalla-2026-03-13-a-las-10.02.35-1000x566.png\" alt=\"\" class=\"wp-image-61328\" srcset=\"https:\/\/temucotelevision.cl\/web\/wp-content\/uploads\/2026\/03\/Captura-de-pantalla-2026-03-13-a-las-10.02.35-1000x566.png 1000w, https:\/\/temucotelevision.cl\/web\/wp-content\/uploads\/2026\/03\/Captura-de-pantalla-2026-03-13-a-las-10.02.35-768x434.png 768w, https:\/\/temucotelevision.cl\/web\/wp-content\/uploads\/2026\/03\/Captura-de-pantalla-2026-03-13-a-las-10.02.35.png 1220w\" sizes=\"auto, (max-width: 1000px) 100vw, 1000px\" \/><\/figure>\n\n\n\n<p><em>ThinkPad T-Series \u2013 ThinkPad X13 Desmontable \u2013 ThinkTab X11<\/em><\/p>\n\n\n\n<p><strong>Portafolio Comercial: plataformas listas para IA para trabajos modernos<\/strong><\/p>\n\n\n\n<p>Lenovo sigue evolucionando su cartera comercial de PC para apoyar a las organizaciones que adoptan flujos de trabajo habilitados por IA a gran escala.<\/p>\n\n\n\n<p>La actualizaci\u00f3n de la<strong> serie ThinkPad T<\/strong> introduce mejoras centradas en la facilidad de mantenimiento, usabilidad y preparaci\u00f3n para la IA, con algunos modelos alcanzando puntuaciones de reparabilidad iFixit l\u00edderes en su clase. Estas actualizaciones refuerzan el compromiso de Lenovo con el valor durante el ciclo de vida, la reducci\u00f3n del tiempo de inactividad y la gesti\u00f3n sostenible de la flota.<\/p>\n\n\n\n<p>El <strong>ThinkPad X13 Desmontable<\/strong> ofrece una productividad flexible y m\u00f3vil con soporte integrado para l\u00e1piz y componentes reemplazables en el campo, en un dise\u00f1o ligero adecuado para profesionales de primera l\u00ednea e h\u00edbridos.<\/p>\n\n\n\n<p>Lenovo tambi\u00e9n est\u00e1 expandi\u00e9ndose hacia la movilidad robusta con la introducci\u00f3n de la <strong>ThinkTab X11<\/strong>, una resistente tablet Android dise\u00f1ada para entornos industriales exigentes y de primera l\u00ednea.<\/p>\n\n\n\n<p>Para peque\u00f1as y medianas empresas, el <strong>ThinkBook 14 2-en-1 Gen 6<\/strong> ofrece versatilidad multimodo y funciones de colaboraci\u00f3n habilitadas por IA, mientras que el <strong>monitor port\u00e1til ThinkVision\u2122 M16<\/strong> ofrece una expansi\u00f3n ligera de pantalla para soportar estilos de trabajo flexibles.<\/p>\n\n\n\n<p>En toda su cartera comercial, Lenovo integra servicios de seguridad, gesti\u00f3n y ciclo de vida para ayudar a las organizaciones a adoptar dispositivos habilitados con IA con confianza y control.<\/p>\n\n\n\n<figure class=\"wp-block-image size-large\"><img loading=\"lazy\" decoding=\"async\" width=\"1000\" height=\"694\" src=\"https:\/\/temucotelevision.cl\/web\/wp-content\/uploads\/2026\/03\/Captura-de-pantalla-2026-03-13-a-las-10.03.15-1000x694.png\" alt=\"\" class=\"wp-image-61329\" srcset=\"https:\/\/temucotelevision.cl\/web\/wp-content\/uploads\/2026\/03\/Captura-de-pantalla-2026-03-13-a-las-10.03.15-1000x694.png 1000w, https:\/\/temucotelevision.cl\/web\/wp-content\/uploads\/2026\/03\/Captura-de-pantalla-2026-03-13-a-las-10.03.15-768x533.png 768w, https:\/\/temucotelevision.cl\/web\/wp-content\/uploads\/2026\/03\/Captura-de-pantalla-2026-03-13-a-las-10.03.15-392x272.png 392w, https:\/\/temucotelevision.cl\/web\/wp-content\/uploads\/2026\/03\/Captura-de-pantalla-2026-03-13-a-las-10.03.15-130x90.png 130w, https:\/\/temucotelevision.cl\/web\/wp-content\/uploads\/2026\/03\/Captura-de-pantalla-2026-03-13-a-las-10.03.15.png 1426w\" sizes=\"auto, (max-width: 1000px) 100vw, 1000px\" \/><\/figure>\n\n\n\n<p><em>Yoga 9i 2-en-1 Aura Edition (14&#8243;, 11)<\/em><\/p>\n\n\n\n<p><strong>Portafolio de consumidores y gaming: experiencias inteligentes para el uso diario<\/strong><\/p>\n\n\n\n<p>Para creadores, estudiantes y jugadores, los \u00faltimos dispositivos de Lenovo equilibran rendimiento, portabilidad y funciones inteligentes dise\u00f1adas para simplificar la experiencia cotidiana.<\/p>\n\n\n\n<p>La <strong>Yoga 9i 2-en-1 Aura Edition (14&#8243;, 11)<\/strong> combina un dise\u00f1o de convertible premium con gr\u00e1ficos OLED inmersivos y caracter\u00edsticas inteligentes que agilizan los flujos de trabajo creativos. El <strong>Yoga Pro 7a (15&#8243;, 11)<\/strong> e <strong>IdeaPad Slim 5i Ultra (14&#8243;, 11<\/strong> ampl\u00edan la cartera de port\u00e1tiles con IA de Lenovo, equilibrando rendimiento y portabilidad para la productividad y la creaci\u00f3n de contenido.<\/p>\n\n\n\n<p>En tabletas, la <strong>Idea Tab Pro Gen 2<\/strong> introduce experiencias inteligentes de aprendizaje y productividad en un formato vers\u00e1til y marca la primera tablet de Lenovo en incorporar <strong>Lenovo Qira<\/strong>.<\/p>\n\n\n\n<p>En el \u00e1mbito del gaming, Lenovo ampl\u00eda su gama con el <strong>port\u00e1til gaming Legion 7a (15&#8243;, 11<\/strong>) y la <strong>Legion Tab (8,8&#8243;, 5), <\/strong>una tableta gaming de alto rendimiento con pantalla 3K y refrigeraci\u00f3n avanzada.<\/p>\n\n\n\n<p><strong>Avanzar una IA m\u00e1s inteligente para todos<\/strong><\/p>\n\n\n\n<p>En el MWC 2026, Lenovo subraya una estrategia clara hacia la democratizaci\u00f3n de la IA. Al combinar la exploraci\u00f3n de hardware con visi\u00f3n de futuro con el despliegue de Lenovo Qira, Lenovo sigue moldeando un futuro de computaci\u00f3n m\u00e1s conectado e intuitivo, uno en el que los sistemas inteligentes se adaptan a las personas, y no al rev\u00e9s.<\/p>\n\n\n\n<p><strong>Para m\u00e1s detalles sobre todos los nuevos dispositivos, soluciones y pruebas de concepto de Lenovo anunciados en el MWC 2026, visita el <\/strong><strong>Kit de Prensa del Lenovo MWC 2026<\/strong><strong>:<\/strong><\/p>\n\n\n\n<ul class=\"wp-block-list\">\n<li><s><strong><em>Lenovo escala la computaci\u00f3n empresarial de confianza impulsada por IA mediante innovaci\u00f3n modular y plataformas empresariales<\/em><\/strong><\/s><\/li>\n\n\n\n<li><s><strong><em><a href=\"https:\/\/news.lenovo.com\/pressroom\/press-releases\/consumer-mwc-2026-concepts-tablets-laptops\/\">Lenovo ampl\u00eda la movilidad, creatividad y productividad con nuevos port\u00e1tiles, tabletas y conceptos de IA para consumidores en el MWC 2026<\/a><\/em><\/strong><\/s><\/li>\n<\/ul>\n\n\n\n<p><strong>Acerca de Lenovo<\/strong><\/p>\n\n\n\n<p>Lenovo es una potencia tecnol\u00f3gica global con ingresos de 69.000 millones de d\u00f3lares, clasificada en el puesto #196 en la lista Fortune Global 500 y sirviendo a millones de clientes cada d\u00eda en 180 mercados. Centrado en una visi\u00f3n audaz para ofrecer una tecnolog\u00eda m\u00e1s inteligente para todos, Lenovo ha construido sobre su \u00e9xito como la mayor empresa de PC del mundo con un portafolio full-stack de dispositivos habilitados para IA, preparados para IA y optimizados para IA (PCs, estaciones de trabajo, smartphones, tabletas), infraestructura (servidor, almacenamiento, edge, computaci\u00f3n de alto rendimiento e infraestructura definida por software), software, soluciones y servicios.&nbsp;La inversi\u00f3n continua de Lenovo en innovaci\u00f3n que cambie el mundo est\u00e1 construyendo un futuro m\u00e1s equitativo, fiable e inteligente para todos, en todas partes. Lenovo cotiza en la bolsa de Hong Kong bajo Lenovo Group Limited (HKSE: 992) (ADR: LNVGY). Para saber m\u00e1s, visita https:\/\/www.lenovo.com y lee las \u00faltimas noticias a trav\u00e9s de nuestro StoryHub.&nbsp;<\/p>\n","protected":false},"excerpt":{"rendered":"<div class=\"pvc_clear\"><\/div>\n<p id=\"pvc_stats_61325\" class=\"pvc_stats total_only  \" data-element-id=\"61325\" style=\"\"><i class=\"pvc-stats-icon large\" aria-hidden=\"true\"><svg aria-hidden=\"true\" focusable=\"false\" data-prefix=\"far\" data-icon=\"chart-bar\" role=\"img\" xmlns=\"http:\/\/www.w3.org\/2000\/svg\" viewBox=\"0 0 512 512\" class=\"svg-inline--fa fa-chart-bar fa-w-16 fa-2x\"><path fill=\"currentColor\" d=\"M396.8 352h22.4c6.4 0 12.8-6.4 12.8-12.8V108.8c0-6.4-6.4-12.8-12.8-12.8h-22.4c-6.4 0-12.8 6.4-12.8 12.8v230.4c0 6.4 6.4 12.8 12.8 12.8zm-192 0h22.4c6.4 0 12.8-6.4 12.8-12.8V140.8c0-6.4-6.4-12.8-12.8-12.8h-22.4c-6.4 0-12.8 6.4-12.8 12.8v198.4c0 6.4 6.4 12.8 12.8 12.8zm96 0h22.4c6.4 0 12.8-6.4 12.8-12.8V204.8c0-6.4-6.4-12.8-12.8-12.8h-22.4c-6.4 0-12.8 6.4-12.8 12.8v134.4c0 6.4 6.4 12.8 12.8 12.8zM496 400H48V80c0-8.84-7.16-16-16-16H16C7.16 64 0 71.16 0 80v336c0 17.67 14.33 32 32 32h464c8.84 0 16-7.16 16-16v-16c0-8.84-7.16-16-16-16zm-387.2-48h22.4c6.4 0 12.8-6.4 12.8-12.8v-70.4c0-6.4-6.4-12.8-12.8-12.8h-22.4c-6.4 0-12.8 6.4-12.8 12.8v70.4c0 6.4 6.4 12.8 12.8 12.8z\" class=\"\"><\/path><\/svg><\/i> <img loading=\"lazy\" decoding=\"async\" width=\"16\" height=\"16\" alt=\"Loading\" src=\"https:\/\/temucotelevision.cl\/web\/wp-content\/plugins\/page-views-count\/ajax-loader-2x.gif\" border=0 \/><\/p>\n<div class=\"pvc_clear\"><\/div>\n<p>Desde la computaci\u00f3n empresarial modular y el 3D sin gafas hasta los juegos plegables y la IA a nivel de<\/p>\n","protected":false},"author":1,"featured_media":61326,"comment_status":"open","ping_status":"open","sticky":false,"template":"","format":"standard","meta":{"colormag_page_container_layout":"default_layout","colormag_page_sidebar_layout":"default_layout","footnotes":""},"categories":[6973],"tags":[7339],"class_list":["post-61325","post","type-post","status-publish","format-standard","has-post-thumbnail","hentry","category-tecnologia","tag-lenovo"],"a3_pvc":{"activated":true,"total_views":2916,"today_views":0},"_links":{"self":[{"href":"https:\/\/temucotelevision.cl\/web\/wp-json\/wp\/v2\/posts\/61325","targetHints":{"allow":["GET"]}}],"collection":[{"href":"https:\/\/temucotelevision.cl\/web\/wp-json\/wp\/v2\/posts"}],"about":[{"href":"https:\/\/temucotelevision.cl\/web\/wp-json\/wp\/v2\/types\/post"}],"author":[{"embeddable":true,"href":"https:\/\/temucotelevision.cl\/web\/wp-json\/wp\/v2\/users\/1"}],"replies":[{"embeddable":true,"href":"https:\/\/temucotelevision.cl\/web\/wp-json\/wp\/v2\/comments?post=61325"}],"version-history":[{"count":1,"href":"https:\/\/temucotelevision.cl\/web\/wp-json\/wp\/v2\/posts\/61325\/revisions"}],"predecessor-version":[{"id":61330,"href":"https:\/\/temucotelevision.cl\/web\/wp-json\/wp\/v2\/posts\/61325\/revisions\/61330"}],"wp:featuredmedia":[{"embeddable":true,"href":"https:\/\/temucotelevision.cl\/web\/wp-json\/wp\/v2\/media\/61326"}],"wp:attachment":[{"href":"https:\/\/temucotelevision.cl\/web\/wp-json\/wp\/v2\/media?parent=61325"}],"wp:term":[{"taxonomy":"category","embeddable":true,"href":"https:\/\/temucotelevision.cl\/web\/wp-json\/wp\/v2\/categories?post=61325"},{"taxonomy":"post_tag","embeddable":true,"href":"https:\/\/temucotelevision.cl\/web\/wp-json\/wp\/v2\/tags?post=61325"}],"curies":[{"name":"wp","href":"https:\/\/api.w.org\/{rel}","templated":true}]}}