{"id":61215,"date":"2026-03-09T15:22:19","date_gmt":"2026-03-09T18:22:19","guid":{"rendered":"https:\/\/temucotelevision.cl\/web\/?p=61215"},"modified":"2026-03-09T15:22:20","modified_gmt":"2026-03-09T18:22:20","slug":"diputado-jorge-rathgeb-por-el-dia-internacional-de-la-mujer-este-gobierno-quedo-en-deuda-con-las-mujeres-de-la-araucania","status":"publish","type":"post","link":"https:\/\/temucotelevision.cl\/web\/2026\/03\/09\/diputado-jorge-rathgeb-por-el-dia-internacional-de-la-mujer-este-gobierno-quedo-en-deuda-con-las-mujeres-de-la-araucania\/","title":{"rendered":"Diputado Jorge Rathgeb por el D\u00eda Internacional de la Mujer: \u201cEste Gobierno qued\u00f3 en deuda con las mujeres de La Araucan\u00eda\u201d \u00a0"},"content":{"rendered":"<div class=\"pvc_clear\"><\/div><p id=\"pvc_stats_61215\" class=\"pvc_stats total_only  \" data-element-id=\"61215\" style=\"\"><i class=\"pvc-stats-icon large\" aria-hidden=\"true\"><svg aria-hidden=\"true\" focusable=\"false\" data-prefix=\"far\" data-icon=\"chart-bar\" role=\"img\" xmlns=\"http:\/\/www.w3.org\/2000\/svg\" viewBox=\"0 0 512 512\" class=\"svg-inline--fa fa-chart-bar fa-w-16 fa-2x\"><path fill=\"currentColor\" d=\"M396.8 352h22.4c6.4 0 12.8-6.4 12.8-12.8V108.8c0-6.4-6.4-12.8-12.8-12.8h-22.4c-6.4 0-12.8 6.4-12.8 12.8v230.4c0 6.4 6.4 12.8 12.8 12.8zm-192 0h22.4c6.4 0 12.8-6.4 12.8-12.8V140.8c0-6.4-6.4-12.8-12.8-12.8h-22.4c-6.4 0-12.8 6.4-12.8 12.8v198.4c0 6.4 6.4 12.8 12.8 12.8zm96 0h22.4c6.4 0 12.8-6.4 12.8-12.8V204.8c0-6.4-6.4-12.8-12.8-12.8h-22.4c-6.4 0-12.8 6.4-12.8 12.8v134.4c0 6.4 6.4 12.8 12.8 12.8zM496 400H48V80c0-8.84-7.16-16-16-16H16C7.16 64 0 71.16 0 80v336c0 17.67 14.33 32 32 32h464c8.84 0 16-7.16 16-16v-16c0-8.84-7.16-16-16-16zm-387.2-48h22.4c6.4 0 12.8-6.4 12.8-12.8v-70.4c0-6.4-6.4-12.8-12.8-12.8h-22.4c-6.4 0-12.8 6.4-12.8 12.8v70.4c0 6.4 6.4 12.8 12.8 12.8z\" class=\"\"><\/path><\/svg><\/i> <img loading=\"lazy\" decoding=\"async\" width=\"16\" height=\"16\" alt=\"Loading\" src=\"https:\/\/temucotelevision.cl\/web\/wp-content\/plugins\/page-views-count\/ajax-loader-2x.gif\" border=0 \/><\/p><div class=\"pvc_clear\"><\/div>\n<p><strong>El parlamentario indic\u00f3 que el tinte feminista que tanto pregon\u00f3 el Ejecutivo no fue tal con las mujeres de la regi\u00f3n, sobre todo con las v\u00edctimas de hechos de violencia a las que no se les tom\u00f3 en cuenta.<\/strong><\/p>\n\n\n\n<p>El 8 de marzo se conmemor\u00f3 el D\u00eda Internacional de la Mujer, fecha que, para las mujeres de La Araucan\u00eda en el actual Gobierno, lamentablemente trae m\u00e1s saldo negativo que positivo, como calific\u00f3 el diputado y presidente regional de Renovaci\u00f3n Nacional, Jorge Rathgeb Schifferli.<\/p>\n\n\n\n<p>El parlamentario, indic\u00f3 que el Gobierno del Presidente Gabriel Boric, que se autoproclam\u00f3 como feminista, fue s\u00f3lo en los papeles, porque en la pr\u00e1ctica sobre todo con la regi\u00f3n, no se vio una real ayuda y apoyo.<\/p>\n\n\n\n<p>Rathgeb, puso como ejemplo lo ocurrido con v\u00edctimas de violencia y ataques, que nunca recibieron el apoyo que se requer\u00eda y donde nunca el Gobierno sali\u00f3 al paso a dar ayuda y declaraciones como se esperaba.<\/p>\n\n\n\n<p>El legislador se\u00f1al\u00f3 que desde el primer d\u00eda, cuando se vieron estas situaciones, indic\u00f3 que el Ejecutivo ten\u00eda que apoyar a las mujeres de La Araucan\u00eda, m\u00e1s a\u00fan cuando fue un compromiso de campa\u00f1a y que eso lamentablemente no se vio.<\/p>\n\n\n\n<p>\u201cEl D\u00eda Internacional de la Mujer en La Araucan\u00eda es una fecha que lamentablemente para la regi\u00f3n es triste por las promesas incumplidas del Gobierno, que nunca brindaron apoyo real a las mujeres que fueron v\u00edctimas de hechos de violencia o sufrieron ataques incendiarios, algo que dije desde el primer d\u00eda, porque se\u00f1alaron a los cuatro vientos que iban a tener un tinte feminista, pero era para determinadas situaciones o personas, pero no para todos los casos\u201d, puntualiz\u00f3 el diputado Rathgeb.<\/p>\n\n\n\n<p>El congresista coment\u00f3 que cuando existe un compromiso de fondo que no se reflej\u00f3 en ninguna parte, el sufrimiento de las v\u00edctimas es a\u00fan m\u00e1s grande, como ocurre con La Araucan\u00eda.<\/p>\n","protected":false},"excerpt":{"rendered":"<div class=\"pvc_clear\"><\/div>\n<p id=\"pvc_stats_61215\" class=\"pvc_stats total_only  \" data-element-id=\"61215\" style=\"\"><i class=\"pvc-stats-icon large\" aria-hidden=\"true\"><svg aria-hidden=\"true\" focusable=\"false\" data-prefix=\"far\" data-icon=\"chart-bar\" role=\"img\" xmlns=\"http:\/\/www.w3.org\/2000\/svg\" viewBox=\"0 0 512 512\" class=\"svg-inline--fa fa-chart-bar fa-w-16 fa-2x\"><path fill=\"currentColor\" d=\"M396.8 352h22.4c6.4 0 12.8-6.4 12.8-12.8V108.8c0-6.4-6.4-12.8-12.8-12.8h-22.4c-6.4 0-12.8 6.4-12.8 12.8v230.4c0 6.4 6.4 12.8 12.8 12.8zm-192 0h22.4c6.4 0 12.8-6.4 12.8-12.8V140.8c0-6.4-6.4-12.8-12.8-12.8h-22.4c-6.4 0-12.8 6.4-12.8 12.8v198.4c0 6.4 6.4 12.8 12.8 12.8zm96 0h22.4c6.4 0 12.8-6.4 12.8-12.8V204.8c0-6.4-6.4-12.8-12.8-12.8h-22.4c-6.4 0-12.8 6.4-12.8 12.8v134.4c0 6.4 6.4 12.8 12.8 12.8zM496 400H48V80c0-8.84-7.16-16-16-16H16C7.16 64 0 71.16 0 80v336c0 17.67 14.33 32 32 32h464c8.84 0 16-7.16 16-16v-16c0-8.84-7.16-16-16-16zm-387.2-48h22.4c6.4 0 12.8-6.4 12.8-12.8v-70.4c0-6.4-6.4-12.8-12.8-12.8h-22.4c-6.4 0-12.8 6.4-12.8 12.8v70.4c0 6.4 6.4 12.8 12.8 12.8z\" class=\"\"><\/path><\/svg><\/i> <img loading=\"lazy\" decoding=\"async\" width=\"16\" height=\"16\" alt=\"Loading\" src=\"https:\/\/temucotelevision.cl\/web\/wp-content\/plugins\/page-views-count\/ajax-loader-2x.gif\" border=0 \/><\/p>\n<div class=\"pvc_clear\"><\/div>\n<p>El parlamentario indic\u00f3 que el tinte feminista que tanto pregon\u00f3 el Ejecutivo no fue tal con las mujeres de la<\/p>\n","protected":false},"author":1,"featured_media":60467,"comment_status":"open","ping_status":"open","sticky":false,"template":"","format":"standard","meta":{"colormag_page_container_layout":"default_layout","colormag_page_sidebar_layout":"default_layout","footnotes":""},"categories":[84],"tags":[154],"class_list":["post-61215","post","type-post","status-publish","format-standard","has-post-thumbnail","hentry","category-politica","tag-diputado"],"a3_pvc":{"activated":true,"total_views":1159,"today_views":0},"_links":{"self":[{"href":"https:\/\/temucotelevision.cl\/web\/wp-json\/wp\/v2\/posts\/61215","targetHints":{"allow":["GET"]}}],"collection":[{"href":"https:\/\/temucotelevision.cl\/web\/wp-json\/wp\/v2\/posts"}],"about":[{"href":"https:\/\/temucotelevision.cl\/web\/wp-json\/wp\/v2\/types\/post"}],"author":[{"embeddable":true,"href":"https:\/\/temucotelevision.cl\/web\/wp-json\/wp\/v2\/users\/1"}],"replies":[{"embeddable":true,"href":"https:\/\/temucotelevision.cl\/web\/wp-json\/wp\/v2\/comments?post=61215"}],"version-history":[{"count":1,"href":"https:\/\/temucotelevision.cl\/web\/wp-json\/wp\/v2\/posts\/61215\/revisions"}],"predecessor-version":[{"id":61216,"href":"https:\/\/temucotelevision.cl\/web\/wp-json\/wp\/v2\/posts\/61215\/revisions\/61216"}],"wp:featuredmedia":[{"embeddable":true,"href":"https:\/\/temucotelevision.cl\/web\/wp-json\/wp\/v2\/media\/60467"}],"wp:attachment":[{"href":"https:\/\/temucotelevision.cl\/web\/wp-json\/wp\/v2\/media?parent=61215"}],"wp:term":[{"taxonomy":"category","embeddable":true,"href":"https:\/\/temucotelevision.cl\/web\/wp-json\/wp\/v2\/categories?post=61215"},{"taxonomy":"post_tag","embeddable":true,"href":"https:\/\/temucotelevision.cl\/web\/wp-json\/wp\/v2\/tags?post=61215"}],"curies":[{"name":"wp","href":"https:\/\/api.w.org\/{rel}","templated":true}]}}