{"id":60575,"date":"2026-01-24T21:00:28","date_gmt":"2026-01-25T00:00:28","guid":{"rendered":"https:\/\/temucotelevision.cl\/web\/?p=60575"},"modified":"2026-01-25T16:25:50","modified_gmt":"2026-01-25T19:25:50","slug":"cmpc-mantiene-combate-en-dos-incendios-en-el-biobio-y-la-araucania-y-se-refuerza-llamado-a-denunciar-la-intencionalidad","status":"publish","type":"post","link":"https:\/\/temucotelevision.cl\/web\/2026\/01\/24\/cmpc-mantiene-combate-en-dos-incendios-en-el-biobio-y-la-araucania-y-se-refuerza-llamado-a-denunciar-la-intencionalidad\/","title":{"rendered":"CMPC mantiene combate en dos incendios en el Biob\u00edo y La Araucan\u00eda, y se refuerza llamado a denunciar la intencionalidad"},"content":{"rendered":"<div class=\"pvc_clear\"><\/div><p id=\"pvc_stats_60575\" class=\"pvc_stats total_only  \" data-element-id=\"60575\" style=\"\"><i class=\"pvc-stats-icon large\" aria-hidden=\"true\"><svg aria-hidden=\"true\" focusable=\"false\" data-prefix=\"far\" data-icon=\"chart-bar\" role=\"img\" xmlns=\"http:\/\/www.w3.org\/2000\/svg\" viewBox=\"0 0 512 512\" class=\"svg-inline--fa fa-chart-bar fa-w-16 fa-2x\"><path fill=\"currentColor\" d=\"M396.8 352h22.4c6.4 0 12.8-6.4 12.8-12.8V108.8c0-6.4-6.4-12.8-12.8-12.8h-22.4c-6.4 0-12.8 6.4-12.8 12.8v230.4c0 6.4 6.4 12.8 12.8 12.8zm-192 0h22.4c6.4 0 12.8-6.4 12.8-12.8V140.8c0-6.4-6.4-12.8-12.8-12.8h-22.4c-6.4 0-12.8 6.4-12.8 12.8v198.4c0 6.4 6.4 12.8 12.8 12.8zm96 0h22.4c6.4 0 12.8-6.4 12.8-12.8V204.8c0-6.4-6.4-12.8-12.8-12.8h-22.4c-6.4 0-12.8 6.4-12.8 12.8v134.4c0 6.4 6.4 12.8 12.8 12.8zM496 400H48V80c0-8.84-7.16-16-16-16H16C7.16 64 0 71.16 0 80v336c0 17.67 14.33 32 32 32h464c8.84 0 16-7.16 16-16v-16c0-8.84-7.16-16-16-16zm-387.2-48h22.4c6.4 0 12.8-6.4 12.8-12.8v-70.4c0-6.4-6.4-12.8-12.8-12.8h-22.4c-6.4 0-12.8 6.4-12.8 12.8v70.4c0 6.4 6.4 12.8 12.8 12.8z\" class=\"\"><\/path><\/svg><\/i> <img loading=\"lazy\" decoding=\"async\" width=\"16\" height=\"16\" alt=\"Loading\" src=\"https:\/\/temucotelevision.cl\/web\/wp-content\/plugins\/page-views-count\/ajax-loader-2x.gif\" border=0 \/><\/p><div class=\"pvc_clear\"><\/div>\n<ul class=\"wp-block-list\">\n<li><em>Se trata de los focos en Laja y Nueva Imperial. Hay otros dos declarados ya como contenidos, en Angol y Nacimiento. De momento, hay 165 brigadistas en terreno.<\/em><\/li>\n\n\n\n<li><em>Tambi\u00e9n, seg\u00fan cifras de Conaf, hasta la semana pasada se registraba al menos un 25% de intencionalidad y un 43% de focos surgidos por acciones negligentes.<\/em><\/li>\n<\/ul>\n\n\n\n<p>Pasado el mediod\u00eda de este jueves, CMPC inform\u00f3 un nuevo balance de combate a incendios. En el Biob\u00edo, el&nbsp;<strong>incendio San Ram\u00f3n\u2013Santa Zaira, en la comuna de Laja<\/strong>, se sigue enfrentando, y est\u00e1 sin avance. Durante esta jornada, trabajan en \u00e9l 4 brigadas cisterna, 3 brigadas silv\u00edcolas, 1 brigada mecanizada y 2 brigadas terrestres. En total, se trata de 92 brigadistas en el sector.<\/p>\n\n\n\n<p>En su cuarto d\u00eda de trabajo en el foco, en dicha zona se trabaja en resguardar la interfaz urbano-rural. Los equipos tambi\u00e9n recorren el per\u00edmetro del incendio, monitoreando el viento para no tener escapes. Las \u00faltimas 24 horas el incendio se ha mantenido dentro de per\u00edmetro, pero requiere monitorear todo lo que ocurre dentro, donde existen sectores que no se han quemado como tambi\u00e9n las denominadas \u201cislas\u201d (peque\u00f1os focos dentro del sector), que se revisan especialmente, para que no ocurran escapes por pavesas.<\/p>\n\n\n\n<p>En tanto, en la comuna de&nbsp;<strong>Nueva Imperial, Regi\u00f3n de La Araucan\u00eda,<\/strong>&nbsp;se combate aun el incendio de Santa Olga, donde est\u00e1n 1 avi\u00f3n de coordinaci\u00f3n, 1 helic\u00f3ptero mediano, 1 brigada helitransportada, 4 brigadas terrestres y 2 brigadas cisterna. En este caso, son en total 64 brigadistas. Se espera lograr su contenci\u00f3n dentro de la jornada, si las condiciones clim\u00e1ticas lo permiten.<\/p>\n\n\n\n<p><strong>Entre ambos focos, CMPC mantiene en pleno combate a 156 brigadistas y 2 aeronaves<\/strong>. Por otro lado, el foco de Alboyanco, en Angol, se encuentra contenido, y trabajan a\u00fan ah\u00ed dos brigadas mecanizadas. En tanto, en el Siete \u00c1rboles, en Nacimiento, tambi\u00e9n contenido, tambi\u00e9n con 1 brigada en terreno. As\u00ed, CMPC tiene en terreno hoy a 165 brigadistas en total.<\/p>\n\n\n\n<p><strong>Intencionalidad<\/strong><\/p>\n\n\n\n<p>Otro punto que ha generado extrema preocupaci\u00f3n es la persistencia de episodios de intencionalidad y las negligencias. Seg\u00fan datos de causalidad que hab\u00eda recopilado Conaf hasta la semana pasada, en lo que va de temporada hay al menos un 25% de intencionalidad registrada, como un 43% de incendios surgidos por acciones negligentes. Esto se suma tambi\u00e9n a diversas denunciadas que han surgido desde las propias vecinas y vecinos de distintos sectores.<\/p>\n\n\n\n<p><strong><a>Beatriz C\u00e1rdenas, L\u00edder de Prevenci\u00f3n de Incendios de CMPC<\/a><\/strong>, se\u00f1al\u00f3 que \u201clas condiciones meteorol\u00f3gicas han sido adversas, altas temperaturas y viento. Sin embargo, no son estas condiciones las que provocan los incendios. Por eso, hacemos el llamado a denunciar, a la corresponsabilidad y a la prevenci\u00f3n, pues entre todos debemos seguir controlando estas emergencias\u201d.&nbsp;<strong>Cabe recordar, que el tel\u00e9fono para denunciar intencionalidad es el *4242.<\/strong><\/p>\n","protected":false},"excerpt":{"rendered":"<div class=\"pvc_clear\"><\/div>\n<p id=\"pvc_stats_60575\" class=\"pvc_stats total_only  \" data-element-id=\"60575\" style=\"\"><i class=\"pvc-stats-icon large\" aria-hidden=\"true\"><svg aria-hidden=\"true\" focusable=\"false\" data-prefix=\"far\" data-icon=\"chart-bar\" role=\"img\" xmlns=\"http:\/\/www.w3.org\/2000\/svg\" viewBox=\"0 0 512 512\" class=\"svg-inline--fa fa-chart-bar fa-w-16 fa-2x\"><path fill=\"currentColor\" d=\"M396.8 352h22.4c6.4 0 12.8-6.4 12.8-12.8V108.8c0-6.4-6.4-12.8-12.8-12.8h-22.4c-6.4 0-12.8 6.4-12.8 12.8v230.4c0 6.4 6.4 12.8 12.8 12.8zm-192 0h22.4c6.4 0 12.8-6.4 12.8-12.8V140.8c0-6.4-6.4-12.8-12.8-12.8h-22.4c-6.4 0-12.8 6.4-12.8 12.8v198.4c0 6.4 6.4 12.8 12.8 12.8zm96 0h22.4c6.4 0 12.8-6.4 12.8-12.8V204.8c0-6.4-6.4-12.8-12.8-12.8h-22.4c-6.4 0-12.8 6.4-12.8 12.8v134.4c0 6.4 6.4 12.8 12.8 12.8zM496 400H48V80c0-8.84-7.16-16-16-16H16C7.16 64 0 71.16 0 80v336c0 17.67 14.33 32 32 32h464c8.84 0 16-7.16 16-16v-16c0-8.84-7.16-16-16-16zm-387.2-48h22.4c6.4 0 12.8-6.4 12.8-12.8v-70.4c0-6.4-6.4-12.8-12.8-12.8h-22.4c-6.4 0-12.8 6.4-12.8 12.8v70.4c0 6.4 6.4 12.8 12.8 12.8z\" class=\"\"><\/path><\/svg><\/i> <img loading=\"lazy\" decoding=\"async\" width=\"16\" height=\"16\" alt=\"Loading\" src=\"https:\/\/temucotelevision.cl\/web\/wp-content\/plugins\/page-views-count\/ajax-loader-2x.gif\" border=0 \/><\/p>\n<div class=\"pvc_clear\"><\/div>\n<p>Pasado el mediod\u00eda de este jueves, CMPC inform\u00f3 un nuevo balance de combate a incendios. En el Biob\u00edo, el&nbsp;incendio San<\/p>\n","protected":false},"author":1,"featured_media":60576,"comment_status":"open","ping_status":"open","sticky":false,"template":"","format":"standard","meta":{"colormag_page_container_layout":"default_layout","colormag_page_sidebar_layout":"default_layout","footnotes":""},"categories":[15],"tags":[186,2365,127],"class_list":["post-60575","post","type-post","status-publish","format-standard","has-post-thumbnail","hentry","category-la-araucania","tag-araucania","tag-cmpc","tag-incendios-forestales"],"a3_pvc":{"activated":true,"total_views":2509,"today_views":1},"_links":{"self":[{"href":"https:\/\/temucotelevision.cl\/web\/wp-json\/wp\/v2\/posts\/60575","targetHints":{"allow":["GET"]}}],"collection":[{"href":"https:\/\/temucotelevision.cl\/web\/wp-json\/wp\/v2\/posts"}],"about":[{"href":"https:\/\/temucotelevision.cl\/web\/wp-json\/wp\/v2\/types\/post"}],"author":[{"embeddable":true,"href":"https:\/\/temucotelevision.cl\/web\/wp-json\/wp\/v2\/users\/1"}],"replies":[{"embeddable":true,"href":"https:\/\/temucotelevision.cl\/web\/wp-json\/wp\/v2\/comments?post=60575"}],"version-history":[{"count":1,"href":"https:\/\/temucotelevision.cl\/web\/wp-json\/wp\/v2\/posts\/60575\/revisions"}],"predecessor-version":[{"id":60577,"href":"https:\/\/temucotelevision.cl\/web\/wp-json\/wp\/v2\/posts\/60575\/revisions\/60577"}],"wp:featuredmedia":[{"embeddable":true,"href":"https:\/\/temucotelevision.cl\/web\/wp-json\/wp\/v2\/media\/60576"}],"wp:attachment":[{"href":"https:\/\/temucotelevision.cl\/web\/wp-json\/wp\/v2\/media?parent=60575"}],"wp:term":[{"taxonomy":"category","embeddable":true,"href":"https:\/\/temucotelevision.cl\/web\/wp-json\/wp\/v2\/categories?post=60575"},{"taxonomy":"post_tag","embeddable":true,"href":"https:\/\/temucotelevision.cl\/web\/wp-json\/wp\/v2\/tags?post=60575"}],"curies":[{"name":"wp","href":"https:\/\/api.w.org\/{rel}","templated":true}]}}