{"id":60567,"date":"2026-01-24T20:41:12","date_gmt":"2026-01-24T23:41:12","guid":{"rendered":"https:\/\/temucotelevision.cl\/web\/?p=60567"},"modified":"2026-01-25T16:26:48","modified_gmt":"2026-01-25T19:26:48","slug":"temuco-recibe-la-segunda-edicion-de-la-fiesta-del-coleccionista-en-el-museo-nacional-ferroviario-pablo-neruda","status":"publish","type":"post","link":"https:\/\/temucotelevision.cl\/web\/2026\/01\/24\/temuco-recibe-la-segunda-edicion-de-la-fiesta-del-coleccionista-en-el-museo-nacional-ferroviario-pablo-neruda\/","title":{"rendered":"Temuco recibe la segunda edici\u00f3n de la Fiesta del Coleccionista en el Museo Nacional Ferroviario Pablo Neruda"},"content":{"rendered":"<div class=\"pvc_clear\"><\/div><p id=\"pvc_stats_60567\" class=\"pvc_stats total_only  \" data-element-id=\"60567\" style=\"\"><i class=\"pvc-stats-icon large\" aria-hidden=\"true\"><svg aria-hidden=\"true\" focusable=\"false\" data-prefix=\"far\" data-icon=\"chart-bar\" role=\"img\" xmlns=\"http:\/\/www.w3.org\/2000\/svg\" viewBox=\"0 0 512 512\" class=\"svg-inline--fa fa-chart-bar fa-w-16 fa-2x\"><path fill=\"currentColor\" d=\"M396.8 352h22.4c6.4 0 12.8-6.4 12.8-12.8V108.8c0-6.4-6.4-12.8-12.8-12.8h-22.4c-6.4 0-12.8 6.4-12.8 12.8v230.4c0 6.4 6.4 12.8 12.8 12.8zm-192 0h22.4c6.4 0 12.8-6.4 12.8-12.8V140.8c0-6.4-6.4-12.8-12.8-12.8h-22.4c-6.4 0-12.8 6.4-12.8 12.8v198.4c0 6.4 6.4 12.8 12.8 12.8zm96 0h22.4c6.4 0 12.8-6.4 12.8-12.8V204.8c0-6.4-6.4-12.8-12.8-12.8h-22.4c-6.4 0-12.8 6.4-12.8 12.8v134.4c0 6.4 6.4 12.8 12.8 12.8zM496 400H48V80c0-8.84-7.16-16-16-16H16C7.16 64 0 71.16 0 80v336c0 17.67 14.33 32 32 32h464c8.84 0 16-7.16 16-16v-16c0-8.84-7.16-16-16-16zm-387.2-48h22.4c6.4 0 12.8-6.4 12.8-12.8v-70.4c0-6.4-6.4-12.8-12.8-12.8h-22.4c-6.4 0-12.8 6.4-12.8 12.8v70.4c0 6.4 6.4 12.8 12.8 12.8z\" class=\"\"><\/path><\/svg><\/i> <img loading=\"lazy\" decoding=\"async\" width=\"16\" height=\"16\" alt=\"Loading\" src=\"https:\/\/temucotelevision.cl\/web\/wp-content\/plugins\/page-views-count\/ajax-loader-2x.gif\" border=0 \/><\/p><div class=\"pvc_clear\"><\/div>\n<p><strong><em>El evento cultural se desarrollar\u00e1 entre el 30 de enero y el 1 de febrero de 2026, reuniendo a coleccionistas, emprendedores y amantes del patrimonio en un espacio dedicado a la memoria, la historia y las econom\u00edas creativas.<\/em><\/strong><strong><em><\/em><\/strong><\/p>\n\n\n\n<p>Temuco se prepara para recibir una nueva edici\u00f3n de la Fiesta del Coleccionista, un evento gratuito y abierto a toda la comunidad que reunir\u00e1 a m\u00e1s de 30 coleccionistas e instituciones vinculadas al resguardo patrimonial. La actividad se desarrollar\u00e1 los d\u00edas 30 y 31 de enero, y 1 de febrero de 2026, en el Museo Nacional Ferroviario Pablo Neruda. Organizada por la Fundaci\u00f3n Rememora, en colaboraci\u00f3n con la Direcci\u00f3n de Turismo, Patrimonio y Cultura de la Municipalidad de Temuco y la agrupaci\u00f3n Atesora Araucan\u00eda, la iniciativa se enmarca en las celebraciones del D\u00eda del Patrimonio en verano y del 145\u00b0 aniversario de la capital regional.<\/p>\n\n\n\n<figure class=\"wp-block-image aligncenter size-large is-resized\"><img loading=\"lazy\" decoding=\"async\" width=\"1000\" height=\"667\" src=\"https:\/\/temucotelevision.cl\/web\/wp-content\/uploads\/2026\/01\/WhatsApp-Image-2026-01-20-at-18.10.44-1000x667.jpeg\" alt=\"\" class=\"wp-image-60569\" style=\"width:421px;height:auto\" srcset=\"https:\/\/temucotelevision.cl\/web\/wp-content\/uploads\/2026\/01\/WhatsApp-Image-2026-01-20-at-18.10.44-1000x667.jpeg 1000w, https:\/\/temucotelevision.cl\/web\/wp-content\/uploads\/2026\/01\/WhatsApp-Image-2026-01-20-at-18.10.44-768x512.jpeg 768w, https:\/\/temucotelevision.cl\/web\/wp-content\/uploads\/2026\/01\/WhatsApp-Image-2026-01-20-at-18.10.44-1536x1024.jpeg 1536w, https:\/\/temucotelevision.cl\/web\/wp-content\/uploads\/2026\/01\/WhatsApp-Image-2026-01-20-at-18.10.44.jpeg 1599w\" sizes=\"auto, (max-width: 1000px) 100vw, 1000px\" \/><\/figure>\n\n\n\n<p>El alcalde de Temuco, Roberto Neira, destac\u00f3 la relevancia de que esta iniciativa vuelva a realizarse en un espacio patrimonial de alto valor para la ciudad, se\u00f1alando que \u201cComo municipio, valoramos profundamente este tipo de iniciativas que fortalecen la identidad local, promueven el uso de nuestros espacios patrimoniales y acercan la cultura a las familias de manera gratuita e inclusiva\u201d.<\/p>\n\n\n\n<p>Gino Rodr\u00edguez, presidente Fundaci\u00f3n Atesora, se\u00f1al\u00f3 que, \u201cdurante tres jornadas, el p\u00fablico podr\u00e1 disfrutar de una programaci\u00f3n diversa que incluye <strong>exhibiciones de colecciones privadas<\/strong>, <strong>venta y trueque de objetos antiguos<\/strong>, <strong>presentaciones de libros<\/strong>, <strong>charlas especializadas<\/strong>, <strong>talleres de conservaci\u00f3n patrimonial<\/strong>, as\u00ed como actividades recreativas para ni\u00f1as y ni\u00f1os, torneos de ajedrez y tiro con arco tradicional, clases abiertas de tango y presentaciones musicales\u201d. El evento tambi\u00e9n contar\u00e1 con una variada oferta gastron\u00f3mica mediante food trucks y cafeter\u00edas.<\/p>\n\n\n\n<p>Por su parte, Camila Albarr\u00e1n, directora Fundaci\u00f3n Rememora explic\u00f3 que, \u201cel objetivo de la Fiesta del Coleccionista es <strong>poner en valor el coleccionismo como pr\u00e1ctica cultural<\/strong>, fomentar la educaci\u00f3n patrimonial y visibilizar el trabajo de coleccionistas, investigadores y emprendedores locales. Asimismo, busca ofrecer un espacio inclusivo y accesible para la comunidad, promoviendo la circulaci\u00f3n de saberes y la participaci\u00f3n intergeneracional\u201d.<\/p>\n\n\n\n<p>Entre los hitos destacados del programa se encuentran el conversatorio \u201cEl coleccionismo y el rol de las instituciones p\u00fablicas\u201d, charlas sobre historia ferroviaria, humor gr\u00e1fico mapuche, neurodivergencias y coleccionismo, adem\u00e1s de la realizaci\u00f3n de una <strong>subasta de antig\u00fcedades<\/strong>, abierta al p\u00fablico general.<\/p>\n\n\n\n<p>La Fiesta del Coleccionista funcionar\u00e1 entre las <strong>11:00 y las 20:00 horas<\/strong> en los jardines y salas del Museo Nacional Ferroviario Pablo Neruda, ubicado en <strong>Av. Barros Arana 0565, Temuco<\/strong>. La entrada es gratuita y no requiere inscripci\u00f3n previa.<\/p>\n","protected":false},"excerpt":{"rendered":"<div class=\"pvc_clear\"><\/div>\n<p id=\"pvc_stats_60567\" class=\"pvc_stats total_only  \" data-element-id=\"60567\" style=\"\"><i class=\"pvc-stats-icon large\" aria-hidden=\"true\"><svg aria-hidden=\"true\" focusable=\"false\" data-prefix=\"far\" data-icon=\"chart-bar\" role=\"img\" xmlns=\"http:\/\/www.w3.org\/2000\/svg\" viewBox=\"0 0 512 512\" class=\"svg-inline--fa fa-chart-bar fa-w-16 fa-2x\"><path fill=\"currentColor\" d=\"M396.8 352h22.4c6.4 0 12.8-6.4 12.8-12.8V108.8c0-6.4-6.4-12.8-12.8-12.8h-22.4c-6.4 0-12.8 6.4-12.8 12.8v230.4c0 6.4 6.4 12.8 12.8 12.8zm-192 0h22.4c6.4 0 12.8-6.4 12.8-12.8V140.8c0-6.4-6.4-12.8-12.8-12.8h-22.4c-6.4 0-12.8 6.4-12.8 12.8v198.4c0 6.4 6.4 12.8 12.8 12.8zm96 0h22.4c6.4 0 12.8-6.4 12.8-12.8V204.8c0-6.4-6.4-12.8-12.8-12.8h-22.4c-6.4 0-12.8 6.4-12.8 12.8v134.4c0 6.4 6.4 12.8 12.8 12.8zM496 400H48V80c0-8.84-7.16-16-16-16H16C7.16 64 0 71.16 0 80v336c0 17.67 14.33 32 32 32h464c8.84 0 16-7.16 16-16v-16c0-8.84-7.16-16-16-16zm-387.2-48h22.4c6.4 0 12.8-6.4 12.8-12.8v-70.4c0-6.4-6.4-12.8-12.8-12.8h-22.4c-6.4 0-12.8 6.4-12.8 12.8v70.4c0 6.4 6.4 12.8 12.8 12.8z\" class=\"\"><\/path><\/svg><\/i> <img loading=\"lazy\" decoding=\"async\" width=\"16\" height=\"16\" alt=\"Loading\" src=\"https:\/\/temucotelevision.cl\/web\/wp-content\/plugins\/page-views-count\/ajax-loader-2x.gif\" border=0 \/><\/p>\n<div class=\"pvc_clear\"><\/div>\n<p>El evento cultural se desarrollar\u00e1 entre el 30 de enero y el 1 de febrero de 2026, reuniendo a coleccionistas,<\/p>\n","protected":false},"author":1,"featured_media":60568,"comment_status":"open","ping_status":"open","sticky":false,"template":"","format":"standard","meta":{"colormag_page_container_layout":"default_layout","colormag_page_sidebar_layout":"default_layout","footnotes":""},"categories":[14],"tags":[186,7196,257,78],"class_list":["post-60567","post","type-post","status-publish","format-standard","has-post-thumbnail","hentry","category-temuco","tag-araucania","tag-coleccionista","tag-feria","tag-temuco"],"a3_pvc":{"activated":true,"total_views":4190,"today_views":0},"_links":{"self":[{"href":"https:\/\/temucotelevision.cl\/web\/wp-json\/wp\/v2\/posts\/60567","targetHints":{"allow":["GET"]}}],"collection":[{"href":"https:\/\/temucotelevision.cl\/web\/wp-json\/wp\/v2\/posts"}],"about":[{"href":"https:\/\/temucotelevision.cl\/web\/wp-json\/wp\/v2\/types\/post"}],"author":[{"embeddable":true,"href":"https:\/\/temucotelevision.cl\/web\/wp-json\/wp\/v2\/users\/1"}],"replies":[{"embeddable":true,"href":"https:\/\/temucotelevision.cl\/web\/wp-json\/wp\/v2\/comments?post=60567"}],"version-history":[{"count":2,"href":"https:\/\/temucotelevision.cl\/web\/wp-json\/wp\/v2\/posts\/60567\/revisions"}],"predecessor-version":[{"id":60583,"href":"https:\/\/temucotelevision.cl\/web\/wp-json\/wp\/v2\/posts\/60567\/revisions\/60583"}],"wp:featuredmedia":[{"embeddable":true,"href":"https:\/\/temucotelevision.cl\/web\/wp-json\/wp\/v2\/media\/60568"}],"wp:attachment":[{"href":"https:\/\/temucotelevision.cl\/web\/wp-json\/wp\/v2\/media?parent=60567"}],"wp:term":[{"taxonomy":"category","embeddable":true,"href":"https:\/\/temucotelevision.cl\/web\/wp-json\/wp\/v2\/categories?post=60567"},{"taxonomy":"post_tag","embeddable":true,"href":"https:\/\/temucotelevision.cl\/web\/wp-json\/wp\/v2\/tags?post=60567"}],"curies":[{"name":"wp","href":"https:\/\/api.w.org\/{rel}","templated":true}]}}