{"id":60548,"date":"2026-01-24T20:22:19","date_gmt":"2026-01-24T23:22:19","guid":{"rendered":"https:\/\/temucotelevision.cl\/web\/?p=60548"},"modified":"2026-01-26T09:13:22","modified_gmt":"2026-01-26T12:13:22","slug":"luis-fonsi-y-feid-estrenan-cambiare-una-colaboracion-vibrante-que-celebra-ritmo-raices-y-evolucion","status":"publish","type":"post","link":"https:\/\/temucotelevision.cl\/web\/2026\/01\/24\/luis-fonsi-y-feid-estrenan-cambiare-una-colaboracion-vibrante-que-celebra-ritmo-raices-y-evolucion\/","title":{"rendered":"Luis Fonsi y Feid estrenan \u201cCambiar\u00e9\u201d, una colaboraci\u00f3n vibrante que celebra ritmo, ra\u00edces y evoluci\u00f3n"},"content":{"rendered":"<div class=\"pvc_clear\"><\/div><p id=\"pvc_stats_60548\" class=\"pvc_stats total_only  \" data-element-id=\"60548\" style=\"\"><i class=\"pvc-stats-icon large\" aria-hidden=\"true\"><svg aria-hidden=\"true\" focusable=\"false\" data-prefix=\"far\" data-icon=\"chart-bar\" role=\"img\" xmlns=\"http:\/\/www.w3.org\/2000\/svg\" viewBox=\"0 0 512 512\" class=\"svg-inline--fa fa-chart-bar fa-w-16 fa-2x\"><path fill=\"currentColor\" d=\"M396.8 352h22.4c6.4 0 12.8-6.4 12.8-12.8V108.8c0-6.4-6.4-12.8-12.8-12.8h-22.4c-6.4 0-12.8 6.4-12.8 12.8v230.4c0 6.4 6.4 12.8 12.8 12.8zm-192 0h22.4c6.4 0 12.8-6.4 12.8-12.8V140.8c0-6.4-6.4-12.8-12.8-12.8h-22.4c-6.4 0-12.8 6.4-12.8 12.8v198.4c0 6.4 6.4 12.8 12.8 12.8zm96 0h22.4c6.4 0 12.8-6.4 12.8-12.8V204.8c0-6.4-6.4-12.8-12.8-12.8h-22.4c-6.4 0-12.8 6.4-12.8 12.8v134.4c0 6.4 6.4 12.8 12.8 12.8zM496 400H48V80c0-8.84-7.16-16-16-16H16C7.16 64 0 71.16 0 80v336c0 17.67 14.33 32 32 32h464c8.84 0 16-7.16 16-16v-16c0-8.84-7.16-16-16-16zm-387.2-48h22.4c6.4 0 12.8-6.4 12.8-12.8v-70.4c0-6.4-6.4-12.8-12.8-12.8h-22.4c-6.4 0-12.8 6.4-12.8 12.8v70.4c0 6.4 6.4 12.8 12.8 12.8z\" class=\"\"><\/path><\/svg><\/i> <img loading=\"lazy\" decoding=\"async\" width=\"16\" height=\"16\" alt=\"Loading\" src=\"https:\/\/temucotelevision.cl\/web\/wp-content\/plugins\/page-views-count\/ajax-loader-2x.gif\" border=0 \/><\/p><div class=\"pvc_clear\"><\/div>\n<figure class=\"wp-block-table\"><table class=\"has-fixed-layout\"><tbody><tr><td>En un momento en el que la m\u00fasica se vuelve m\u00e1s necesaria que nunca,&nbsp;<strong>LUIS FONSI&nbsp;<\/strong>arranca el 2026 con una poderosa sorpresa junto a&nbsp;<strong>FEID<\/strong>&nbsp;y estrenan&nbsp;<strong><em>\u201cCambiar\u00e9\u201d<\/em>,&nbsp;<\/strong>una canci\u00f3n que invita a moverse, sentir y reconectar con la alegr\u00eda a trav\u00e9s del ritmo.<br>Reconocido por su versatilidad y su constante evoluci\u00f3n art\u00edstica, FONSI vuelve a sorprender con un tema que celebra sus ra\u00edces culturales desde una mirada fresca en una colaboraci\u00f3n inesperada y emocionante junto al artista colombiano FEID.<br><br><em><strong>\u201cMe hace mucha ilusi\u00f3n escribir e interpretar una canci\u00f3n diferente a lo que llevo haciendo durante estos 27 a\u00f1os de carrera. Siento emoci\u00f3n, nervios, adrenalina; me encanta sentirme as\u00ed. Se siente como empezar de nuevo,\u201d<\/strong>&nbsp;<\/em>explic\u00f3 FONSI.<em>&nbsp;\u201c<strong>Todo nace de un lugar de respeto y de celebrar mis ra\u00edces, mi cultura y esa \u2018clave\u2019 que llevo por dentro. Sin riesgo no hay avance y sin valent\u00eda no hay evoluci\u00f3n.\u201d<\/strong><\/em><br><\/td><\/tr><\/tbody><\/table><\/figure>\n\n\n\n<figure class=\"wp-block-image aligncenter size-large is-resized\"><img loading=\"lazy\" decoding=\"async\" width=\"750\" height=\"1000\" src=\"https:\/\/temucotelevision.cl\/web\/wp-content\/uploads\/2026\/01\/Luis-Fonsi-y3-750x1000.jpg\" alt=\"\" class=\"wp-image-60549\" style=\"width:470px;height:auto\" srcset=\"https:\/\/temucotelevision.cl\/web\/wp-content\/uploads\/2026\/01\/Luis-Fonsi-y3-750x1000.jpg 750w, https:\/\/temucotelevision.cl\/web\/wp-content\/uploads\/2026\/01\/Luis-Fonsi-y3-768x1024.jpg 768w, https:\/\/temucotelevision.cl\/web\/wp-content\/uploads\/2026\/01\/Luis-Fonsi-y3.jpg 1080w\" sizes=\"auto, (max-width: 750px) 100vw, 750px\" \/><\/figure>\n\n\n\n<p><\/p>\n\n\n\n<figure class=\"wp-block-table\"><table class=\"has-fixed-layout\"><tbody><tr><td><br><br><a href=\"https:\/\/cl.umusic-online.com\/c\/AQjSkg4Q5aQ1GJf8_eQBIJvplw0o4vf-FLX3ed_mZgykqTfKbNv6vXM773p3cpmOa-LEljtpzxLv\" target=\"_blank\" rel=\"noreferrer noopener\"><strong>HAZ CLIC AQU\u00cd PARA VER EL VIDEO OFICIAL DE \u201cCAMBIAR\u00c9\u201d<\/strong><\/a><br><br>\u201cCambiar\u00e9&nbsp;naci\u00f3 durante una sesi\u00f3n de composici\u00f3n en Los \u00c1ngeles junto a&nbsp;<strong>ANDR\u00c9S TORRES&nbsp;<\/strong>y&nbsp;<strong>MAURICIO RENGIFO<\/strong>, colaboradores habituales de FONSI.&nbsp;<em>\u201cYa hab\u00edamos escrito muchas canciones, pero esta se me qued\u00f3 dando vueltas en la cabeza. Cada vez que la cantaba, ped\u00eda ritmo y movimiento. Intent\u00e9 llevarla a otro lugar, pero la canci\u00f3n ten\u00eda su propio camino. Cerr\u00e9 los ojos, me dej\u00e9 llevar y estoy muy contento con el resultado,\u201d<\/em>&nbsp;comenta.<br><br><br><br><br>Musicalmente, el tema se apoya en los ritmos y la cadencia de la salsa, reinterpretados desde una producci\u00f3n contempor\u00e1nea que conecta la tradici\u00f3n con una nueva generaci\u00f3n. La canci\u00f3n fue compuesta por&nbsp;<strong>LUIS FONSI y FEID, ANDR\u00c9S TORRES y MAURICIO RENGIFO<\/strong>, quienes tambi\u00e9n estuvieron a cargo de la producci\u00f3n junto a&nbsp;<strong>MARCOS S\u00c1NCHEZ<\/strong>.<br><br><br>La colaboraci\u00f3n con FEID surgi\u00f3 de manera natural durante el proceso creativo.&nbsp;<em>\u201cCuando grab\u00e9 la maqueta supe que quer\u00eda una voz con un color distinto, que aporta otra perspectiva. Quer\u00eda trabajar con alguien fresco, con una energ\u00eda muy actual y con un artista a quien admiro profundamente. Sent\u00ed que era el momento perfecto para que Feid y yo hici\u00e9ramos algo completamente diferente y, a la vez, muy especial para el p\u00fablico,\u201d<\/em>&nbsp;a\u00f1ade FONSI.<br><br><br>Para el video oficial, FONSI vuelve a colaborar con el reconocido director&nbsp;<strong>CARLOS P\u00c9REZ<\/strong>, director creativo de&nbsp;<strong>Elastic People<\/strong>&nbsp;y responsable de ic\u00f3nicos videos como<strong><em>&nbsp;\u201cDespacito\u201d, \u201c\u00c9chame La Culpa\u201d, \u201cImposible\u201d&nbsp;<\/em><\/strong>y<strong><em>&nbsp;\u201cRoma\u201d.<\/em><\/strong>&nbsp;Filmado en Puerto Rico, el video captura la esencia y energ\u00eda de la canci\u00f3n, desarrollando una historia que inicia de forma misteriosa y culmina en una vibrante celebraci\u00f3n en las calles.<br><br><br>Cabe destacar que FONSI y FEID se encontraron en Las&nbsp;<br><strong>Fiestas de la Calle San Sebasti\u00e1n en San Juan, Puerto Rico<\/strong>, donde sorprendieron con un adelanto exclusivo de&nbsp;<br><strong>\u201c<em>Cambiar\u00e9\u201d<\/em><\/strong><br>&nbsp;ante la concurrida multitud reunida en las calles y en cuesti\u00f3n de minutos, los videos comenzaron a circular masivamente en plataformas, convirtiendo la aparici\u00f3n en uno de los momentos m\u00e1s comentados del fin de semana.<\/td><\/tr><\/tbody><\/table><\/figure>\n\n\n\n<p><\/p>\n","protected":false},"excerpt":{"rendered":"<div class=\"pvc_clear\"><\/div>\n<p id=\"pvc_stats_60548\" class=\"pvc_stats total_only  \" data-element-id=\"60548\" style=\"\"><i class=\"pvc-stats-icon large\" aria-hidden=\"true\"><svg aria-hidden=\"true\" focusable=\"false\" data-prefix=\"far\" data-icon=\"chart-bar\" role=\"img\" xmlns=\"http:\/\/www.w3.org\/2000\/svg\" viewBox=\"0 0 512 512\" class=\"svg-inline--fa fa-chart-bar fa-w-16 fa-2x\"><path fill=\"currentColor\" d=\"M396.8 352h22.4c6.4 0 12.8-6.4 12.8-12.8V108.8c0-6.4-6.4-12.8-12.8-12.8h-22.4c-6.4 0-12.8 6.4-12.8 12.8v230.4c0 6.4 6.4 12.8 12.8 12.8zm-192 0h22.4c6.4 0 12.8-6.4 12.8-12.8V140.8c0-6.4-6.4-12.8-12.8-12.8h-22.4c-6.4 0-12.8 6.4-12.8 12.8v198.4c0 6.4 6.4 12.8 12.8 12.8zm96 0h22.4c6.4 0 12.8-6.4 12.8-12.8V204.8c0-6.4-6.4-12.8-12.8-12.8h-22.4c-6.4 0-12.8 6.4-12.8 12.8v134.4c0 6.4 6.4 12.8 12.8 12.8zM496 400H48V80c0-8.84-7.16-16-16-16H16C7.16 64 0 71.16 0 80v336c0 17.67 14.33 32 32 32h464c8.84 0 16-7.16 16-16v-16c0-8.84-7.16-16-16-16zm-387.2-48h22.4c6.4 0 12.8-6.4 12.8-12.8v-70.4c0-6.4-6.4-12.8-12.8-12.8h-22.4c-6.4 0-12.8 6.4-12.8 12.8v70.4c0 6.4 6.4 12.8 12.8 12.8z\" class=\"\"><\/path><\/svg><\/i> <img loading=\"lazy\" decoding=\"async\" width=\"16\" height=\"16\" alt=\"Loading\" src=\"https:\/\/temucotelevision.cl\/web\/wp-content\/plugins\/page-views-count\/ajax-loader-2x.gif\" border=0 \/><\/p>\n<div class=\"pvc_clear\"><\/div>\n<p>En un momento en el que la m\u00fasica se vuelve m\u00e1s necesaria que nunca,&nbsp;LUIS FONSI&nbsp;arranca el 2026 con una poderosa<\/p>\n","protected":false},"author":1,"featured_media":60550,"comment_status":"open","ping_status":"open","sticky":false,"template":"","format":"standard","meta":{"colormag_page_container_layout":"default_layout","colormag_page_sidebar_layout":"default_layout","footnotes":""},"categories":[369],"tags":[7315,4710,6122,5306],"class_list":["post-60548","post","type-post","status-publish","format-standard","has-post-thumbnail","hentry","category-musica","tag-feid","tag-luis-fonsi","tag-musica-2","tag-panoramas"],"a3_pvc":{"activated":true,"total_views":8023,"today_views":1},"_links":{"self":[{"href":"https:\/\/temucotelevision.cl\/web\/wp-json\/wp\/v2\/posts\/60548","targetHints":{"allow":["GET"]}}],"collection":[{"href":"https:\/\/temucotelevision.cl\/web\/wp-json\/wp\/v2\/posts"}],"about":[{"href":"https:\/\/temucotelevision.cl\/web\/wp-json\/wp\/v2\/types\/post"}],"author":[{"embeddable":true,"href":"https:\/\/temucotelevision.cl\/web\/wp-json\/wp\/v2\/users\/1"}],"replies":[{"embeddable":true,"href":"https:\/\/temucotelevision.cl\/web\/wp-json\/wp\/v2\/comments?post=60548"}],"version-history":[{"count":2,"href":"https:\/\/temucotelevision.cl\/web\/wp-json\/wp\/v2\/posts\/60548\/revisions"}],"predecessor-version":[{"id":60587,"href":"https:\/\/temucotelevision.cl\/web\/wp-json\/wp\/v2\/posts\/60548\/revisions\/60587"}],"wp:featuredmedia":[{"embeddable":true,"href":"https:\/\/temucotelevision.cl\/web\/wp-json\/wp\/v2\/media\/60550"}],"wp:attachment":[{"href":"https:\/\/temucotelevision.cl\/web\/wp-json\/wp\/v2\/media?parent=60548"}],"wp:term":[{"taxonomy":"category","embeddable":true,"href":"https:\/\/temucotelevision.cl\/web\/wp-json\/wp\/v2\/categories?post=60548"},{"taxonomy":"post_tag","embeddable":true,"href":"https:\/\/temucotelevision.cl\/web\/wp-json\/wp\/v2\/tags?post=60548"}],"curies":[{"name":"wp","href":"https:\/\/api.w.org\/{rel}","templated":true}]}}