{"id":60136,"date":"2026-01-09T11:54:28","date_gmt":"2026-01-09T14:54:28","guid":{"rendered":"https:\/\/temucotelevision.cl\/web\/?p=60136"},"modified":"2026-01-09T11:54:29","modified_gmt":"2026-01-09T14:54:29","slug":"autoridades-regionales-refuerzan-medidas-preventivas-y-fiscalizacion-ante-altas-temperaturas-en-la-araucania","status":"publish","type":"post","link":"https:\/\/temucotelevision.cl\/web\/2026\/01\/09\/autoridades-regionales-refuerzan-medidas-preventivas-y-fiscalizacion-ante-altas-temperaturas-en-la-araucania\/","title":{"rendered":"Autoridades regionales refuerzan medidas preventivas y fiscalizaci\u00f3n ante altas temperaturas en La Araucan\u00eda"},"content":{"rendered":"<div class=\"pvc_clear\"><\/div><p id=\"pvc_stats_60136\" class=\"pvc_stats total_only  \" data-element-id=\"60136\" style=\"\"><i class=\"pvc-stats-icon large\" aria-hidden=\"true\"><svg aria-hidden=\"true\" focusable=\"false\" data-prefix=\"far\" data-icon=\"chart-bar\" role=\"img\" xmlns=\"http:\/\/www.w3.org\/2000\/svg\" viewBox=\"0 0 512 512\" class=\"svg-inline--fa fa-chart-bar fa-w-16 fa-2x\"><path fill=\"currentColor\" d=\"M396.8 352h22.4c6.4 0 12.8-6.4 12.8-12.8V108.8c0-6.4-6.4-12.8-12.8-12.8h-22.4c-6.4 0-12.8 6.4-12.8 12.8v230.4c0 6.4 6.4 12.8 12.8 12.8zm-192 0h22.4c6.4 0 12.8-6.4 12.8-12.8V140.8c0-6.4-6.4-12.8-12.8-12.8h-22.4c-6.4 0-12.8 6.4-12.8 12.8v198.4c0 6.4 6.4 12.8 12.8 12.8zm96 0h22.4c6.4 0 12.8-6.4 12.8-12.8V204.8c0-6.4-6.4-12.8-12.8-12.8h-22.4c-6.4 0-12.8 6.4-12.8 12.8v134.4c0 6.4 6.4 12.8 12.8 12.8zM496 400H48V80c0-8.84-7.16-16-16-16H16C7.16 64 0 71.16 0 80v336c0 17.67 14.33 32 32 32h464c8.84 0 16-7.16 16-16v-16c0-8.84-7.16-16-16-16zm-387.2-48h22.4c6.4 0 12.8-6.4 12.8-12.8v-70.4c0-6.4-6.4-12.8-12.8-12.8h-22.4c-6.4 0-12.8 6.4-12.8 12.8v70.4c0 6.4 6.4 12.8 12.8 12.8z\" class=\"\"><\/path><\/svg><\/i> <img loading=\"lazy\" decoding=\"async\" width=\"16\" height=\"16\" alt=\"Loading\" src=\"https:\/\/temucotelevision.cl\/web\/wp-content\/plugins\/page-views-count\/ajax-loader-2x.gif\" border=0 \/><\/p><div class=\"pvc_clear\"><\/div>\n<p>En el marco de un punto de prensa preventivo, autoridades regionales encabezadas por el Delegado Presidencial Regional, junto al Seremi del Trabajo y Previsi\u00f3n Social, la Direcci\u00f3n Regional del Trabajo y el Seremi de Agricultura, reforzaron el llamado a empleadores y empresas a cumplir estrictamente con las medidas de protecci\u00f3n de la vida y la salud de las y los trabajadores ante los pron\u00f3sticos de altas temperaturas y temperaturas extremas que afectan a la regi\u00f3n.<\/p>\n\n\n\n<p>Las autoridades recordaron que las altas temperaturas constituyen un riesgo laboral real y grave, especialmente para quienes desarrollan labores a la intemperie, y que la legislaci\u00f3n vigente obliga a los empleadores a informar oportunamente los riesgos, implementar medidas de mitigaci\u00f3n efectivas y, de no ser suficientes, suspender las faenas cuando exista riesgo grave e inminente para la vida o la salud de los trabajadores.<\/p>\n\n\n\n<p>El&nbsp;<strong>Delegado Presidencial Regional, Eduardo Abdala<\/strong>, destac\u00f3.<\/p>\n\n\n\n<p>\u201c<em>Lo que hacemos es generar mejoras para aquellas personas que tengan la obligaci\u00f3n de trabajar, principalmente al aire libre, y espec\u00edficamente en \u00e1reas como la agricultura. Y esperamos que los empleadores puedan entregar a sus trabajadores y trabajadoras las mejores condiciones para que puedan desarrollar su tarea en un \u00e1mbito de seguridad y tambi\u00e9n cumplir con las condiciones que establece la norma\u201d,<\/em>&nbsp;se\u00f1al\u00f3.<\/p>\n\n\n\n<p><strong>Protecci\u00f3n de la vida y fiscalizaci\u00f3n activa<\/strong><\/p>\n\n\n\n<p>El&nbsp;<strong>Seremi del Trabajo y Previsi\u00f3n Social, Edison Sanhueza<\/strong>, subray\u00f3 que la salud de las personas est\u00e1 por sobre cualquier objetivo productivo.<\/p>\n\n\n\n<p>\u201c<em>Ante las altas temperaturas y olas de calor que estamos enfrentando, como Ministerio del Trabajo queremos ser muy claros: la vida y la salud de las personas trabajadoras est\u00e1n por sobre cualquier producci\u00f3n. No se trata de una recomendaci\u00f3n, es un deber legal. Cuando existe riesgo grave e inminente, la faena debe detenerse\u201d,<\/em>&nbsp;enfatiz\u00f3.<\/p>\n\n\n\n<p>En esa l\u00ednea, la&nbsp;<strong>Directora Regional del Trabajo, Carolina Ojeda<\/strong>, inform\u00f3 que entre diciembre de 2025 y febrero de 2026 se est\u00e1 ejecutando un&nbsp;<strong>Programa Nacional de Fiscalizaci\u00f3n<\/strong>, con presencia en terreno y foco especial en sectores de mayor exposici\u00f3n.<em>\u201cNuestro objetivo principal es prevenir riesgos y acompa\u00f1ar a los empleadores en el cumplimiento de la normativa. Sin embargo, cuando se detectan incumplimientos que ponen en riesgo la vida o la salud de las y los trabajadores, se adoptan las medidas que establece la ley\u201d,<\/em>afirm\u00f3.<\/p>\n\n\n\n<p><strong>\u00bfQu\u00e9 fiscalizar\u00e1 la Direcci\u00f3n del Trabajo?<\/strong><\/p>\n\n\n\n<p>Durante este periodo, la Direcci\u00f3n del Trabajo verificar\u00e1 especialmente:<\/p>\n\n\n\n<ul class=\"wp-block-list\">\n<li><strong>Identificaci\u00f3n y comunicaci\u00f3n de alertas meteorol\u00f3gicas<\/strong>\u00a0por altas temperaturas a las y los trabajadores.<\/li>\n\n\n\n<li><strong>Informaci\u00f3n oportuna sobre los riesgos laborales<\/strong>\u00a0asociados a la exposici\u00f3n a altas temperaturas y temperaturas extremas.<\/li>\n\n\n\n<li><strong>Identificaci\u00f3n de peligros y evaluaci\u00f3n de riesgos por tarea y puesto de trabajo<\/strong>, con especial atenci\u00f3n a trabajadores sensibles, como personas mayores de 65 a\u00f1os o con enfermedades cardiovasculares, respiratorias, renales, diabetes u obesidad.<\/li>\n\n\n\n<li><strong>Implementaci\u00f3n de un plan de hidrataci\u00f3n<\/strong>, que asegure al menos\u00a0<strong>3 litros de agua fresca por trabajador al d\u00eda<\/strong>, en cantidad suficiente.<\/li>\n\n\n\n<li><strong>Entrega de recipientes port\u00e1tiles individuales<\/strong>\u00a0que permitan mantener el agua fresca durante la jornada laboral.<\/li>\n\n\n\n<li><strong>Disponibilidad y funcionamiento de servicios higi\u00e9nicos<\/strong>, con agua potable, jab\u00f3n l\u00edquido y sistema de secado de manos.<\/li>\n\n\n\n<li><strong>Existencia de canales de comunicaci\u00f3n y tel\u00e9fonos de emergencia<\/strong>\u00a0visibles y de acceso r\u00e1pido.<\/li>\n<\/ul>\n\n\n\n<p>Las sanciones por infracciones van desde&nbsp;<strong>4 UTM para microempresas hasta 60 UTM para grandes empresas por cada infracci\u00f3n constatada<\/strong>, adem\u00e1s de la suspensi\u00f3n inmediata de labores cuando exista riesgo para la vida y la salud de las y los trabajadores.<\/p>\n\n\n\n<p><strong>Enfoque especial en el sector agr\u00edcola<\/strong><\/p>\n\n\n\n<p>Uno de los rubros con mayor exposici\u00f3n a altas temperaturas es el&nbsp;<strong>sector agr\u00edcola de temporada<\/strong>, raz\u00f3n por la cual se desplegar\u00e1n fiscalizaciones a predios, contratistas, subcontratistas, packings de fruta y buses de transporte de trabajadores agr\u00edcolas.<\/p>\n\n\n\n<p>El&nbsp;<strong>Seremi de Agricultura de La Araucan\u00eda, Carlos Labr\u00edn Olave<\/strong>, relev\u00f3 la preocupaci\u00f3n del Ministerio por la seguridad de los trabajadores agr\u00edcolas, especialmente en la agricultura familiar campesina.<\/p>\n\n\n\n<p>\u201c<em>Nuestra regi\u00f3n, adem\u00e1s de los cereales, tiene una importante producci\u00f3n frut\u00edcola y ah\u00ed tambi\u00e9n est\u00e1 la preocupaci\u00f3n del Ministerio de Agricultura, sobre todo en los integrantes de la agricultura familiar campesina que se dedican al rubro de los ar\u00e1ndanos, frambuesas, frutillas y tambi\u00e9n papas en el sector costero, ya que es en estas labores donde los trabajadores est\u00e1n expuestos a labores agr\u00edcolas en el exterior en estos d\u00edas y el llamado, es a mantener las condiciones necesarias para protegerlos de las altas temperaturas, con ropa adecuada, protector solar, hidrataci\u00f3n y desarrollo de las faenas en los horarios que recomiendan los expertos\u201d,<\/em>&nbsp;plante\u00f3 la autoridad.<\/p>\n\n\n\n<p><strong>Canales de denuncia y consulta<\/strong><\/p>\n\n\n\n<p>Finalmente, la Direcci\u00f3n del Trabajo record\u00f3 que se encuentra habilitado un banner<strong>&nbsp;<\/strong>de denuncias en&nbsp;<a href=\"http:\/\/www.dt.gob.cl\/\"><strong>www.dt.gob.cl<\/strong><\/a>, para que trabajadores y trabajadoras puedan realizar consultas o denuncias cuando no existan condiciones seguras de trabajo.<\/p>\n\n\n\n<p>Las autoridades reiteraron que la prevenci\u00f3n, la fiscalizaci\u00f3n activa y la coordinaci\u00f3n intersectorial son claves para enfrentar los efectos del calor extremo, reafirmando que la vida y la salud de las personas trabajadoras est\u00e1n por sobre cualquier producci\u00f3n.<\/p>\n","protected":false},"excerpt":{"rendered":"<div class=\"pvc_clear\"><\/div>\n<p id=\"pvc_stats_60136\" class=\"pvc_stats total_only  \" data-element-id=\"60136\" style=\"\"><i class=\"pvc-stats-icon large\" aria-hidden=\"true\"><svg aria-hidden=\"true\" focusable=\"false\" data-prefix=\"far\" data-icon=\"chart-bar\" role=\"img\" xmlns=\"http:\/\/www.w3.org\/2000\/svg\" viewBox=\"0 0 512 512\" class=\"svg-inline--fa fa-chart-bar fa-w-16 fa-2x\"><path fill=\"currentColor\" d=\"M396.8 352h22.4c6.4 0 12.8-6.4 12.8-12.8V108.8c0-6.4-6.4-12.8-12.8-12.8h-22.4c-6.4 0-12.8 6.4-12.8 12.8v230.4c0 6.4 6.4 12.8 12.8 12.8zm-192 0h22.4c6.4 0 12.8-6.4 12.8-12.8V140.8c0-6.4-6.4-12.8-12.8-12.8h-22.4c-6.4 0-12.8 6.4-12.8 12.8v198.4c0 6.4 6.4 12.8 12.8 12.8zm96 0h22.4c6.4 0 12.8-6.4 12.8-12.8V204.8c0-6.4-6.4-12.8-12.8-12.8h-22.4c-6.4 0-12.8 6.4-12.8 12.8v134.4c0 6.4 6.4 12.8 12.8 12.8zM496 400H48V80c0-8.84-7.16-16-16-16H16C7.16 64 0 71.16 0 80v336c0 17.67 14.33 32 32 32h464c8.84 0 16-7.16 16-16v-16c0-8.84-7.16-16-16-16zm-387.2-48h22.4c6.4 0 12.8-6.4 12.8-12.8v-70.4c0-6.4-6.4-12.8-12.8-12.8h-22.4c-6.4 0-12.8 6.4-12.8 12.8v70.4c0 6.4 6.4 12.8 12.8 12.8z\" class=\"\"><\/path><\/svg><\/i> <img loading=\"lazy\" decoding=\"async\" width=\"16\" height=\"16\" alt=\"Loading\" src=\"https:\/\/temucotelevision.cl\/web\/wp-content\/plugins\/page-views-count\/ajax-loader-2x.gif\" border=0 \/><\/p>\n<div class=\"pvc_clear\"><\/div>\n<p>En el marco de un punto de prensa preventivo, autoridades regionales encabezadas por el Delegado Presidencial Regional, junto al Seremi<\/p>\n","protected":false},"author":1,"featured_media":60137,"comment_status":"open","ping_status":"open","sticky":false,"template":"","format":"standard","meta":{"colormag_page_container_layout":"default_layout","colormag_page_sidebar_layout":"default_layout","footnotes":""},"categories":[14],"tags":[511],"class_list":["post-60136","post","type-post","status-publish","format-standard","has-post-thumbnail","hentry","category-temuco","tag-temperaturas"],"a3_pvc":{"activated":true,"total_views":2206,"today_views":0},"_links":{"self":[{"href":"https:\/\/temucotelevision.cl\/web\/wp-json\/wp\/v2\/posts\/60136","targetHints":{"allow":["GET"]}}],"collection":[{"href":"https:\/\/temucotelevision.cl\/web\/wp-json\/wp\/v2\/posts"}],"about":[{"href":"https:\/\/temucotelevision.cl\/web\/wp-json\/wp\/v2\/types\/post"}],"author":[{"embeddable":true,"href":"https:\/\/temucotelevision.cl\/web\/wp-json\/wp\/v2\/users\/1"}],"replies":[{"embeddable":true,"href":"https:\/\/temucotelevision.cl\/web\/wp-json\/wp\/v2\/comments?post=60136"}],"version-history":[{"count":1,"href":"https:\/\/temucotelevision.cl\/web\/wp-json\/wp\/v2\/posts\/60136\/revisions"}],"predecessor-version":[{"id":60138,"href":"https:\/\/temucotelevision.cl\/web\/wp-json\/wp\/v2\/posts\/60136\/revisions\/60138"}],"wp:featuredmedia":[{"embeddable":true,"href":"https:\/\/temucotelevision.cl\/web\/wp-json\/wp\/v2\/media\/60137"}],"wp:attachment":[{"href":"https:\/\/temucotelevision.cl\/web\/wp-json\/wp\/v2\/media?parent=60136"}],"wp:term":[{"taxonomy":"category","embeddable":true,"href":"https:\/\/temucotelevision.cl\/web\/wp-json\/wp\/v2\/categories?post=60136"},{"taxonomy":"post_tag","embeddable":true,"href":"https:\/\/temucotelevision.cl\/web\/wp-json\/wp\/v2\/tags?post=60136"}],"curies":[{"name":"wp","href":"https:\/\/api.w.org\/{rel}","templated":true}]}}