{"id":60131,"date":"2026-01-09T11:14:12","date_gmt":"2026-01-09T14:14:12","guid":{"rendered":"https:\/\/temucotelevision.cl\/web\/?p=60131"},"modified":"2026-01-09T11:14:29","modified_gmt":"2026-01-09T14:14:29","slug":"corporacion-defendamos-temuco-califica-de-historico-anuncio-de-recursos-para-la-reconstruccion-del-mercado-municipal","status":"publish","type":"post","link":"https:\/\/temucotelevision.cl\/web\/2026\/01\/09\/corporacion-defendamos-temuco-califica-de-historico-anuncio-de-recursos-para-la-reconstruccion-del-mercado-municipal\/","title":{"rendered":"Corporaci\u00f3n Defendamos Temuco califica de hist\u00f3rico anuncio de recursos para la reconstrucci\u00f3n del Mercado Municipal"},"content":{"rendered":"<div class=\"pvc_clear\"><\/div><p id=\"pvc_stats_60131\" class=\"pvc_stats total_only  \" data-element-id=\"60131\" style=\"\"><i class=\"pvc-stats-icon large\" aria-hidden=\"true\"><svg aria-hidden=\"true\" focusable=\"false\" data-prefix=\"far\" data-icon=\"chart-bar\" role=\"img\" xmlns=\"http:\/\/www.w3.org\/2000\/svg\" viewBox=\"0 0 512 512\" class=\"svg-inline--fa fa-chart-bar fa-w-16 fa-2x\"><path fill=\"currentColor\" d=\"M396.8 352h22.4c6.4 0 12.8-6.4 12.8-12.8V108.8c0-6.4-6.4-12.8-12.8-12.8h-22.4c-6.4 0-12.8 6.4-12.8 12.8v230.4c0 6.4 6.4 12.8 12.8 12.8zm-192 0h22.4c6.4 0 12.8-6.4 12.8-12.8V140.8c0-6.4-6.4-12.8-12.8-12.8h-22.4c-6.4 0-12.8 6.4-12.8 12.8v198.4c0 6.4 6.4 12.8 12.8 12.8zm96 0h22.4c6.4 0 12.8-6.4 12.8-12.8V204.8c0-6.4-6.4-12.8-12.8-12.8h-22.4c-6.4 0-12.8 6.4-12.8 12.8v134.4c0 6.4 6.4 12.8 12.8 12.8zM496 400H48V80c0-8.84-7.16-16-16-16H16C7.16 64 0 71.16 0 80v336c0 17.67 14.33 32 32 32h464c8.84 0 16-7.16 16-16v-16c0-8.84-7.16-16-16-16zm-387.2-48h22.4c6.4 0 12.8-6.4 12.8-12.8v-70.4c0-6.4-6.4-12.8-12.8-12.8h-22.4c-6.4 0-12.8 6.4-12.8 12.8v70.4c0 6.4 6.4 12.8 12.8 12.8z\" class=\"\"><\/path><\/svg><\/i> <img loading=\"lazy\" decoding=\"async\" width=\"16\" height=\"16\" alt=\"Loading\" src=\"https:\/\/temucotelevision.cl\/web\/wp-content\/plugins\/page-views-count\/ajax-loader-2x.gif\" border=0 \/><\/p><div class=\"pvc_clear\"><\/div>\n<p>\u201cEl coraz\u00f3n de Temuco tiene que volver a latir\u201d, afirm\u00f3 la Corporaci\u00f3n Defendamos Temuco al destacar el anuncio del Gobernador Regional de La Araucan\u00eda, quien confirm\u00f3 la decisi\u00f3n de inyectar los recursos presupuestarios faltantes para retomar la reconstrucci\u00f3n del Mercado Municipal. Se trata de una obra estrat\u00e9gica desde el punto de vista urbano y patrimonial, que no s\u00f3lo rescata un edificio emblem\u00e1tico, sino que permite recomponer el tejido hist\u00f3rico, social y econ\u00f3mico del centro de la ciudad.<\/p>\n\n\n\n<p>Desde la organizaci\u00f3n valoraron la articulaci\u00f3n pol\u00edtica y t\u00e9cnica impulsada por el alcalde de Temuco junto a su equipo municipal y la SECPLAN destacando que esta coordinaci\u00f3n ha sido clave para destrabar un proyecto largamente postergado. \u201cAqu\u00ed hubo gesti\u00f3n, voluntad y visi\u00f3n urbana. Cuando las instituciones trabajan con una mirada de ciudad, los proyectos que fortalecen el espacio p\u00fablico y la identidad local finalmente avanzan\u201d, comentaron los dirigentes de Defendamos Temuco.<\/p>\n\n\n\n<p>Asimismo, la corporaci\u00f3n manifest\u00f3 su expectativa de que el Consejo Regional otorgue un respaldo un\u00e1nime a esta solicitud de recursos, entendiendo que la reconstrucci\u00f3n del Mercado Municipal no es solo una obra de infraestructura comunal, sino de car\u00e1cter regional y un acto de justicia patrimonial, econ\u00f3mica y social, que impacta directamente en la revitalizaci\u00f3n del centro hist\u00f3rico y en la calidad de vida de la ciudad.<\/p>\n\n\n\n<p>Defendamos Temuco recalc\u00f3 que la recuperaci\u00f3n del Mercado Municipal permitir\u00e1 revitalizar el coraz\u00f3n urbano de Temuco, dejando atr\u00e1s a\u00f1os de abandono y negligencia de la administraci\u00f3n municipal anterior, y devolviendo a la ciudad un inmueble de enorme valor patrimonial, cultural, gastron\u00f3mico y tur\u00edstico. \u201cEl Mercado no es s\u00f3lo pasado, es futuro, es el patrimonio que heredar\u00e1n las pr\u00f3ximas generaciones y una oportunidad concreta para reactivar el casco hist\u00f3rico y volver a darle vida al centro de Temuco\u201d, concluyeron.<\/p>\n","protected":false},"excerpt":{"rendered":"<div class=\"pvc_clear\"><\/div>\n<p id=\"pvc_stats_60131\" class=\"pvc_stats total_only  \" data-element-id=\"60131\" style=\"\"><i class=\"pvc-stats-icon large\" aria-hidden=\"true\"><svg aria-hidden=\"true\" focusable=\"false\" data-prefix=\"far\" data-icon=\"chart-bar\" role=\"img\" xmlns=\"http:\/\/www.w3.org\/2000\/svg\" viewBox=\"0 0 512 512\" class=\"svg-inline--fa fa-chart-bar fa-w-16 fa-2x\"><path fill=\"currentColor\" d=\"M396.8 352h22.4c6.4 0 12.8-6.4 12.8-12.8V108.8c0-6.4-6.4-12.8-12.8-12.8h-22.4c-6.4 0-12.8 6.4-12.8 12.8v230.4c0 6.4 6.4 12.8 12.8 12.8zm-192 0h22.4c6.4 0 12.8-6.4 12.8-12.8V140.8c0-6.4-6.4-12.8-12.8-12.8h-22.4c-6.4 0-12.8 6.4-12.8 12.8v198.4c0 6.4 6.4 12.8 12.8 12.8zm96 0h22.4c6.4 0 12.8-6.4 12.8-12.8V204.8c0-6.4-6.4-12.8-12.8-12.8h-22.4c-6.4 0-12.8 6.4-12.8 12.8v134.4c0 6.4 6.4 12.8 12.8 12.8zM496 400H48V80c0-8.84-7.16-16-16-16H16C7.16 64 0 71.16 0 80v336c0 17.67 14.33 32 32 32h464c8.84 0 16-7.16 16-16v-16c0-8.84-7.16-16-16-16zm-387.2-48h22.4c6.4 0 12.8-6.4 12.8-12.8v-70.4c0-6.4-6.4-12.8-12.8-12.8h-22.4c-6.4 0-12.8 6.4-12.8 12.8v70.4c0 6.4 6.4 12.8 12.8 12.8z\" class=\"\"><\/path><\/svg><\/i> <img loading=\"lazy\" decoding=\"async\" width=\"16\" height=\"16\" alt=\"Loading\" src=\"https:\/\/temucotelevision.cl\/web\/wp-content\/plugins\/page-views-count\/ajax-loader-2x.gif\" border=0 \/><\/p>\n<div class=\"pvc_clear\"><\/div>\n<p>\u201cEl coraz\u00f3n de Temuco tiene que volver a latir\u201d, afirm\u00f3 la Corporaci\u00f3n Defendamos Temuco al destacar el anuncio del Gobernador<\/p>\n","protected":false},"author":1,"featured_media":54771,"comment_status":"open","ping_status":"open","sticky":false,"template":"","format":"standard","meta":{"colormag_page_container_layout":"default_layout","colormag_page_sidebar_layout":"default_layout","footnotes":""},"categories":[15],"tags":[527],"class_list":["post-60131","post","type-post","status-publish","format-standard","has-post-thumbnail","hentry","category-la-araucania","tag-mercado"],"a3_pvc":{"activated":true,"total_views":31,"today_views":0},"_links":{"self":[{"href":"https:\/\/temucotelevision.cl\/web\/wp-json\/wp\/v2\/posts\/60131","targetHints":{"allow":["GET"]}}],"collection":[{"href":"https:\/\/temucotelevision.cl\/web\/wp-json\/wp\/v2\/posts"}],"about":[{"href":"https:\/\/temucotelevision.cl\/web\/wp-json\/wp\/v2\/types\/post"}],"author":[{"embeddable":true,"href":"https:\/\/temucotelevision.cl\/web\/wp-json\/wp\/v2\/users\/1"}],"replies":[{"embeddable":true,"href":"https:\/\/temucotelevision.cl\/web\/wp-json\/wp\/v2\/comments?post=60131"}],"version-history":[{"count":1,"href":"https:\/\/temucotelevision.cl\/web\/wp-json\/wp\/v2\/posts\/60131\/revisions"}],"predecessor-version":[{"id":60132,"href":"https:\/\/temucotelevision.cl\/web\/wp-json\/wp\/v2\/posts\/60131\/revisions\/60132"}],"wp:featuredmedia":[{"embeddable":true,"href":"https:\/\/temucotelevision.cl\/web\/wp-json\/wp\/v2\/media\/54771"}],"wp:attachment":[{"href":"https:\/\/temucotelevision.cl\/web\/wp-json\/wp\/v2\/media?parent=60131"}],"wp:term":[{"taxonomy":"category","embeddable":true,"href":"https:\/\/temucotelevision.cl\/web\/wp-json\/wp\/v2\/categories?post=60131"},{"taxonomy":"post_tag","embeddable":true,"href":"https:\/\/temucotelevision.cl\/web\/wp-json\/wp\/v2\/tags?post=60131"}],"curies":[{"name":"wp","href":"https:\/\/api.w.org\/{rel}","templated":true}]}}