{"id":60089,"date":"2026-01-05T12:58:25","date_gmt":"2026-01-05T15:58:25","guid":{"rendered":"https:\/\/temucotelevision.cl\/web\/?p=60089"},"modified":"2026-01-05T12:58:26","modified_gmt":"2026-01-05T15:58:26","slug":"sergio-arau-regresa-al-teatro-de-la-ciudad-con-tocada-y-fuga-un-cabaret-musical-irreverente","status":"publish","type":"post","link":"https:\/\/temucotelevision.cl\/web\/2026\/01\/05\/sergio-arau-regresa-al-teatro-de-la-ciudad-con-tocada-y-fuga-un-cabaret-musical-irreverente\/","title":{"rendered":"Sergio Arau regresa al Teatro de la Ciudad con \u201cTocada y Fuga\u201d, un cabaret musical irreverente"},"content":{"rendered":"<div class=\"pvc_clear\"><\/div><p id=\"pvc_stats_60089\" class=\"pvc_stats total_only  \" data-element-id=\"60089\" style=\"\"><i class=\"pvc-stats-icon large\" aria-hidden=\"true\"><svg aria-hidden=\"true\" focusable=\"false\" data-prefix=\"far\" data-icon=\"chart-bar\" role=\"img\" xmlns=\"http:\/\/www.w3.org\/2000\/svg\" viewBox=\"0 0 512 512\" class=\"svg-inline--fa fa-chart-bar fa-w-16 fa-2x\"><path fill=\"currentColor\" d=\"M396.8 352h22.4c6.4 0 12.8-6.4 12.8-12.8V108.8c0-6.4-6.4-12.8-12.8-12.8h-22.4c-6.4 0-12.8 6.4-12.8 12.8v230.4c0 6.4 6.4 12.8 12.8 12.8zm-192 0h22.4c6.4 0 12.8-6.4 12.8-12.8V140.8c0-6.4-6.4-12.8-12.8-12.8h-22.4c-6.4 0-12.8 6.4-12.8 12.8v198.4c0 6.4 6.4 12.8 12.8 12.8zm96 0h22.4c6.4 0 12.8-6.4 12.8-12.8V204.8c0-6.4-6.4-12.8-12.8-12.8h-22.4c-6.4 0-12.8 6.4-12.8 12.8v134.4c0 6.4 6.4 12.8 12.8 12.8zM496 400H48V80c0-8.84-7.16-16-16-16H16C7.16 64 0 71.16 0 80v336c0 17.67 14.33 32 32 32h464c8.84 0 16-7.16 16-16v-16c0-8.84-7.16-16-16-16zm-387.2-48h22.4c6.4 0 12.8-6.4 12.8-12.8v-70.4c0-6.4-6.4-12.8-12.8-12.8h-22.4c-6.4 0-12.8 6.4-12.8 12.8v70.4c0 6.4 6.4 12.8 12.8 12.8z\" class=\"\"><\/path><\/svg><\/i> <img loading=\"lazy\" decoding=\"async\" width=\"16\" height=\"16\" alt=\"Loading\" src=\"https:\/\/temucotelevision.cl\/web\/wp-content\/plugins\/page-views-count\/ajax-loader-2x.gif\" border=0 \/><\/p><div class=\"pvc_clear\"><\/div>\n<p>Lazlo de la Vega Morris Balam Klaus Vitelli y Pav\u00f3n, hoy conocido como Sergio Arau, quien por un \u201cerror divino\u201d est\u00e1 cumpliendo 345 a\u00f1os, es el autor de las letras de las m\u00e1s famosas piezas de m\u00fasica cl\u00e1sica; la fuerza creativa detr\u00e1s de los grandes genios\u2026 \u00bfSab\u00eda usted que la famosa Tocada y Fuga es una cumbia compuesta por Sergio Arau y Juan Sebasti\u00e1n Bach? \u00bfY que despu\u00e9s de escucharla, muerto de envidia, Strauss le exigi\u00f3 a Arau que colaborar\u00e1 con \u00e9l en Danubio Blues?&#8230;<\/p>\n\n\n\n<p>\u00c9sta y muchas verdades m\u00e1s, saldr\u00e1n a la luz durante el concierto que el artista ofrecer\u00e1 en el&nbsp;<strong>Teatro de la Ciudad el viernes 20 de febrero a las 20:00 horas.<\/strong>&nbsp;Lo interesante es verlo en vivo y que mejor que en el bell\u00edsimo e hist\u00f3rico recinto que alberga los espect\u00e1culos de m\u00e1s alto nivel de las artes esc\u00e9nicas en pleno coraz\u00f3n de la Ciudad de M\u00e9xico, un espacio id\u00f3neo para escuchar m\u00fasica cl\u00e1sica tra\u00edda al Siglo XXI con el peculiar sello, estilo y creatividad de Sergio Arau y su Alter Ego Lazlo de la Vega.<\/p>\n\n\n\n<p><strong>\u201c<\/strong><strong>Tocada y Fuga\u201d<\/strong>&nbsp;no es simplemente un espect\u00e1culo musical, es un cabaret contempor\u00e1neo,&nbsp;arriesgado, mordaz e ingenioso, en el que el Sergio Arau comparte escenario con un elenco talentoso que da vida a un espect\u00e1culo que combina m\u00fasica, teatro, cr\u00edtica social y humor en una experiencia esc\u00e9nica fuera de lo convencional.<\/p>\n\n\n\n<p>El grupo de m\u00fasicos y actores que acompa\u00f1ar\u00e1n esa noche a Sergio\/Lazlo, est\u00e1 encabezado por&nbsp;Yareli Arizmendi (cantante y coautora), Olinka (cantante), Enrique&nbsp;Sesma (bajo), Oscar M\u00e9ndez (teclado), Emir Bucio (guitarra) y Eduardo Barrera (bater\u00eda),&nbsp;acompa\u00f1ados por la video-artista Tihui Arau, la dise\u00f1adora Tania Mart\u00ednez-Baca y la maquillista Miah M\u00e9ndez.<\/p>\n\n\n\n<p>Por tratarse de un escenario de prestigio y una noche muy especial, en esta ocasi\u00f3n el espect\u00e1culo&nbsp;<strong><u>\u201cTOCADA Y FUGA\u201d EN SU GRAN REGRESO A LA CIUDAD DE M\u00c9XICO<\/u>,<\/strong>&nbsp;contar\u00e1 con la participaci\u00f3n de diversos invitados especiales, el primer nombre en dar a conocer es&nbsp;<strong>SALVADOR MORENO<\/strong><strong>&nbsp;(l\u00edder de La Casta\u00f1eda)<\/strong>\u2026 poco a poco se develar\u00e1n m\u00e1s m\u00fasicos importantes.<\/p>\n\n\n\n<p>Apoyado por todas estas figuras, ese d\u00eda Sergio Arau, o mejor dicho, Lazlo de la Vega Morris Balam Klaus Vitelli y Pav\u00f3n, nos revelar\u00e1 la \u201cverdadera historia\u201d detr\u00e1s de cada canci\u00f3n que, hasta ahora, hab\u00edamos cre\u00eddo era la original. Descubre y disfruta grandes cl\u00e1sicos \u201crevitalizados\u201d como \u201cPozole M\u00edo\u201d, \u201cDanubio Blues\u201d, \u201cLa Cuarentona de Mozart\u201d, \u201cSobre las Solas del Bar\u201d, \u201cLa Hago de los Bisnes\u201d, \u201cCarmen de Ca\u00f1\u00f3n\u201d, \u201cApertura del Guille Motel\u201d y muchas m\u00e1s\u2026 te aseguramos valdr\u00e1 la pena.<\/p>\n\n\n\n<p>Es importante se\u00f1alar que a finales del 2023 Sergio Arau lanz\u00f3 el \u00e1lbum&nbsp;<strong>\u201cTocada y Fuga\u201d<\/strong>&nbsp;basado en el mismo concepto, con diversas figuras de la m\u00fasica y la cultura de M\u00e9xico, Espa\u00f1a y Latinoam\u00e9rica. Entre los artistas que grabaron a d\u00fao con Sergio se encuentran: Rub\u00e9n Albarr\u00e1n, Horacio Franco, Jos\u00e9 Fors, Andrea Echeverri, Piro, Lino Nava (QEPD), Javier Gurruchaga, DJ Rayo, Cecilia Noel, Carina Ricco y Yareli Arizmendi, entre otros.<\/p>\n\n\n\n<p><strong><u>BREVE SEMBLANZA DE SERGIO ARAU:<\/u><\/strong><strong>&nbsp;<\/strong>Reconocido m\u00fasico, cineasta y pintor. Artista multi-indisciplinario. Naci\u00f3 en la Ciudad de M\u00e9xico. En 1983 form\u00f3&nbsp;<strong>Botellita de Jerez<\/strong>, el grupo m\u00e1s influyente en el rock mexicano; una banda que incluy\u00f3 el humor y la m\u00fasica tradicional mexicana combinada con el sonido del rock contempor\u00e1neo.Botellita fue definitivamente un parteaguas, cambi\u00f3 la forma de hacer rock en M\u00e9xico. Grupos como Molotov, Caf\u00e9 Tacvba y El Gran Silencio entre otros, reconocen a Botellita de Jerez como una de sus mayores influencias.<\/p>\n\n\n\n<p>Vale la pena agregar que Sergio Arau fue Director\/Escritor\/Productor\/ del exitoso film&nbsp;<strong>\u201cUn d\u00eda sin mexicanos\u201d,<\/strong>&nbsp;estrenado en 2004. El controversial filme atrajo la atenci\u00f3n por el tema y por la imaginativa campa\u00f1a de marketing. Ese mismo a\u00f1o, en M\u00e9xico, fue la pel\u00edcula m\u00e1s taquillera y hasta la fecha ha vendido m\u00e1s de 500 mil DVD\u2019s en Estados Unidos.&nbsp;<strong>\u201cUn d\u00eda sin mexicanos\u201d<\/strong>&nbsp;sirvi\u00f3 de bandera al Movimiento Pro Inmigrantes del 2006. Ante la llegada de Trump a la Presidencia, volvi\u00f3 a cobrar auge en muchos eventos Pro Inmigrantes.<\/p>\n\n\n\n<p>Ganador del&nbsp;<strong>Coral de Plata<\/strong>&nbsp;en el Festival de Cine de la Habana con su corto de animaci\u00f3n&nbsp;<strong>\u201cEl Muro\u201d.<\/strong>&nbsp;En 1984 lanz\u00f3 su propuesta de&nbsp;<strong>ArtNac\u00f3,<\/strong>&nbsp;una especie de Pop Art basado en la cultura popular mexicana, integrando a la pintura iconogr\u00e1fica de la lucha libre y otras manifestaciones culturales como los altares callejeros.<\/p>\n\n\n\n<p>En 2009 Sergio fue comisionado para decorar el&nbsp;<strong>Conga Room en el L.A. Live<\/strong>, un club de Jennifer L\u00f3pez y Jimmy Smits. Sus murales, dibujos y esculturas ahora adornan el lugar.<\/p>\n\n\n\n<p>En 1998 Sergio gan\u00f3 el&nbsp;<strong>MTV Award<\/strong>&nbsp;por el video de Caf\u00e9 Tacvba \u201cAlarmala de Tos\u201d. En 2010 dirigi\u00f3 \u201cNaco es Chido\u201d: La verdadera historia de Botellita de Jerez basada en hechos m\u00e1s o menos reales; falso documental que se estren\u00f3 en el prestigiado Festival de Cine de Guadalajara. Tambi\u00e9n ha dirigido videos para Los Tigres del Norte, Pepe Aguilar y El Gran Silencio entre otros.<\/p>\n\n\n\n<p>A finales de 2017 edit\u00f3 su \u00e1lbum&nbsp;<strong>&#8220;RUDO&#8221;<\/strong>&nbsp;cuyo tema &#8220;Quiero ser Presidente&#8221; se coloc\u00f3 en los primeros lugares en plataformas digitales. En 2018, adem\u00e1s de promocionar este disco, se lanz\u00f3 como&nbsp;<strong>CANDIDATO INDEPENDIENTE A LA PRESIDENCIA DE M\u00c9XICO,<\/strong>&nbsp;su campa\u00f1a fue rese\u00f1ada por medios nacionales y extranjeros, obteniendo millones de adeptos a su causa.<\/p>\n\n\n\n<p>Sergio Arau es egresado del Centro Universitario de Estudios Cinematogr\u00e1ficos (CUEC).<\/p>\n\n\n\n<p><strong><u>DISCOGRAF\u00cdA:<\/u><\/strong><\/p>\n\n\n\n<p><strong>Con Botellita de Jerez<\/strong><\/p>\n\n\n\n<p>&#8211;&nbsp;<em>Botellita de Jerez<\/em>&nbsp;(<a href=\"https:\/\/es.wikipedia.org\/wiki\/1984\" target=\"_blank\" rel=\"noreferrer noopener\">1984<\/a>)<\/p>\n\n\n\n<p>&#8211;&nbsp;<em>La Venganza del Hijo del Guacarock<\/em>&nbsp;(<a href=\"https:\/\/es.wikipedia.org\/wiki\/1985\" target=\"_blank\" rel=\"noreferrer noopener\">1985<\/a>)<\/p>\n\n\n\n<p>&#8211;&nbsp;&nbsp;<a href=\"https:\/\/es.wikipedia.org\/wiki\/Naco_es_chido\" target=\"_blank\" rel=\"noreferrer noopener\"><em>Naco es chido<\/em><\/a>&nbsp;(<a href=\"https:\/\/es.wikipedia.org\/wiki\/1987\" target=\"_blank\" rel=\"noreferrer noopener\">1987<\/a>)<\/p>\n\n\n\n<p><strong>Con Los Mism\u00edsimos \u00c1ngeles<\/strong><\/p>\n\n\n\n<p>&#8211;&nbsp;<em>Sergio Arau y los Mism\u00edsimos \u00c1ngeles<\/em>&nbsp;(1989)<\/p>\n\n\n\n<p><strong>Con La Venganza de la Moctezuma<\/strong><\/p>\n\n\n\n<p>&#8211;&nbsp;&nbsp;<em>Mi Frida sufrida<\/em>&nbsp;(1992)<\/p>\n\n\n\n<p><strong>Con Sergio Arau &amp; Los Heavy Mex<\/strong><\/p>\n\n\n\n<p>&#8211; &nbsp;<em>Rudo<\/em>&nbsp;(Sencillos \u201cQuiero ser Presidente\u201d, \u201cUna chaqueta por la paz\u201d, \u201cFlor de asfalto\u201d,&nbsp; \u201cBuenos para nada\u201d, \u201cNo me olvides\u201d, \u201cViva la lucha\u201d).<\/p>\n\n\n\n<p>***&nbsp;<strong>En solitario e incluyendo duetos \u201cTOCADA Y FUGA\u201d (su m\u00e1s reciente \u00e1lbum, actualmente disponible en todas las plataformas digitales).<\/strong><strong><\/strong><\/p>\n\n\n\n<p><strong><u>FILMOGRAF\u00cdA:<\/u><\/strong><\/p>\n\n\n\n<p>&#8211;&nbsp;<em>Un d\u00eda sin mexicanos<\/em>&nbsp;(2004)<\/p>\n\n\n\n<p>&#8211;&nbsp;<em>Naco es chido<\/em>&nbsp;(2007)<\/p>\n\n\n\n<p>&#8211;&nbsp;<em>El Muro (Corto animado 1999)<\/em><\/p>\n\n\n\n<p><strong><u>PREMIOS:<\/u><\/strong><\/p>\n\n\n\n<p>&#8211;&nbsp;Coral de Plata del Festival de La Habana por&nbsp;<em>El muro<\/em><\/p>\n\n\n\n<p>&#8211;&nbsp;Premio al Mejor Cortometraje en el Festival de Cine de San Juan por el cortometraje&nbsp;<em>Un d\u00eda sin mexicanos<\/em><\/p>\n\n\n\n<p>&#8211;&nbsp;Mejor Gui\u00f3n en el Festival de Cartagena por el largometraje&nbsp;<em>Un d\u00eda sin mexicanos.<\/em><\/p>\n\n\n\n<p>&#8211;&nbsp;Premio del P\u00fablico del Festival de Cine de Guadalajara por&nbsp;<em>Un d\u00eda sin mexicanos.<\/em><\/p>\n\n\n\n<p>&#8211;&nbsp;Mejor Pel\u00edcula en el Festival de Gramado (Brasil) por&nbsp;<em>Un d\u00eda sin mexicanos.<\/em><\/p>\n\n\n\n<figure class=\"wp-block-image aligncenter size-full\"><img loading=\"lazy\" decoding=\"async\" width=\"627\" height=\"627\" src=\"https:\/\/temucotelevision.cl\/web\/wp-content\/uploads\/2026\/01\/POSTER-MUY-LIMPIO.jpg\" alt=\"\" class=\"wp-image-60091\" srcset=\"https:\/\/temucotelevision.cl\/web\/wp-content\/uploads\/2026\/01\/POSTER-MUY-LIMPIO.jpg 627w, https:\/\/temucotelevision.cl\/web\/wp-content\/uploads\/2026\/01\/POSTER-MUY-LIMPIO-150x150.jpg 150w\" sizes=\"auto, (max-width: 627px) 100vw, 627px\" \/><\/figure>\n","protected":false},"excerpt":{"rendered":"<div class=\"pvc_clear\"><\/div>\n<p id=\"pvc_stats_60089\" class=\"pvc_stats total_only  \" data-element-id=\"60089\" style=\"\"><i class=\"pvc-stats-icon large\" aria-hidden=\"true\"><svg aria-hidden=\"true\" focusable=\"false\" data-prefix=\"far\" data-icon=\"chart-bar\" role=\"img\" xmlns=\"http:\/\/www.w3.org\/2000\/svg\" viewBox=\"0 0 512 512\" class=\"svg-inline--fa fa-chart-bar fa-w-16 fa-2x\"><path fill=\"currentColor\" d=\"M396.8 352h22.4c6.4 0 12.8-6.4 12.8-12.8V108.8c0-6.4-6.4-12.8-12.8-12.8h-22.4c-6.4 0-12.8 6.4-12.8 12.8v230.4c0 6.4 6.4 12.8 12.8 12.8zm-192 0h22.4c6.4 0 12.8-6.4 12.8-12.8V140.8c0-6.4-6.4-12.8-12.8-12.8h-22.4c-6.4 0-12.8 6.4-12.8 12.8v198.4c0 6.4 6.4 12.8 12.8 12.8zm96 0h22.4c6.4 0 12.8-6.4 12.8-12.8V204.8c0-6.4-6.4-12.8-12.8-12.8h-22.4c-6.4 0-12.8 6.4-12.8 12.8v134.4c0 6.4 6.4 12.8 12.8 12.8zM496 400H48V80c0-8.84-7.16-16-16-16H16C7.16 64 0 71.16 0 80v336c0 17.67 14.33 32 32 32h464c8.84 0 16-7.16 16-16v-16c0-8.84-7.16-16-16-16zm-387.2-48h22.4c6.4 0 12.8-6.4 12.8-12.8v-70.4c0-6.4-6.4-12.8-12.8-12.8h-22.4c-6.4 0-12.8 6.4-12.8 12.8v70.4c0 6.4 6.4 12.8 12.8 12.8z\" class=\"\"><\/path><\/svg><\/i> <img loading=\"lazy\" decoding=\"async\" width=\"16\" height=\"16\" alt=\"Loading\" src=\"https:\/\/temucotelevision.cl\/web\/wp-content\/plugins\/page-views-count\/ajax-loader-2x.gif\" border=0 \/><\/p>\n<div class=\"pvc_clear\"><\/div>\n<p>Lazlo de la Vega Morris Balam Klaus Vitelli y Pav\u00f3n, hoy conocido como Sergio Arau, quien por un \u201cerror divino\u201d<\/p>\n","protected":false},"author":1,"featured_media":60090,"comment_status":"open","ping_status":"open","sticky":false,"template":"","format":"standard","meta":{"colormag_page_container_layout":"default_layout","colormag_page_sidebar_layout":"default_layout","footnotes":""},"categories":[369],"tags":[283],"class_list":["post-60089","post","type-post","status-publish","format-standard","has-post-thumbnail","hentry","category-musica","tag-teatro"],"a3_pvc":{"activated":true,"total_views":6041,"today_views":0},"_links":{"self":[{"href":"https:\/\/temucotelevision.cl\/web\/wp-json\/wp\/v2\/posts\/60089","targetHints":{"allow":["GET"]}}],"collection":[{"href":"https:\/\/temucotelevision.cl\/web\/wp-json\/wp\/v2\/posts"}],"about":[{"href":"https:\/\/temucotelevision.cl\/web\/wp-json\/wp\/v2\/types\/post"}],"author":[{"embeddable":true,"href":"https:\/\/temucotelevision.cl\/web\/wp-json\/wp\/v2\/users\/1"}],"replies":[{"embeddable":true,"href":"https:\/\/temucotelevision.cl\/web\/wp-json\/wp\/v2\/comments?post=60089"}],"version-history":[{"count":1,"href":"https:\/\/temucotelevision.cl\/web\/wp-json\/wp\/v2\/posts\/60089\/revisions"}],"predecessor-version":[{"id":60092,"href":"https:\/\/temucotelevision.cl\/web\/wp-json\/wp\/v2\/posts\/60089\/revisions\/60092"}],"wp:featuredmedia":[{"embeddable":true,"href":"https:\/\/temucotelevision.cl\/web\/wp-json\/wp\/v2\/media\/60090"}],"wp:attachment":[{"href":"https:\/\/temucotelevision.cl\/web\/wp-json\/wp\/v2\/media?parent=60089"}],"wp:term":[{"taxonomy":"category","embeddable":true,"href":"https:\/\/temucotelevision.cl\/web\/wp-json\/wp\/v2\/categories?post=60089"},{"taxonomy":"post_tag","embeddable":true,"href":"https:\/\/temucotelevision.cl\/web\/wp-json\/wp\/v2\/tags?post=60089"}],"curies":[{"name":"wp","href":"https:\/\/api.w.org\/{rel}","templated":true}]}}