{"id":60083,"date":"2026-01-04T19:18:45","date_gmt":"2026-01-04T22:18:45","guid":{"rendered":"https:\/\/temucotelevision.cl\/web\/?p=60083"},"modified":"2026-01-04T19:18:47","modified_gmt":"2026-01-04T22:18:47","slug":"expositor-pedagogico-con-forma-de-araucaria-fortalece-la-educacion-intercultural-en-establecimientos-de-la-araucania","status":"publish","type":"post","link":"https:\/\/temucotelevision.cl\/web\/2026\/01\/04\/expositor-pedagogico-con-forma-de-araucaria-fortalece-la-educacion-intercultural-en-establecimientos-de-la-araucania\/","title":{"rendered":"Expositor pedag\u00f3gico con forma de araucaria fortalece la educaci\u00f3n intercultural en establecimientos de La Araucan\u00eda"},"content":{"rendered":"<div class=\"pvc_clear\"><\/div><p id=\"pvc_stats_60083\" class=\"pvc_stats total_only  \" data-element-id=\"60083\" style=\"\"><i class=\"pvc-stats-icon large\" aria-hidden=\"true\"><svg aria-hidden=\"true\" focusable=\"false\" data-prefix=\"far\" data-icon=\"chart-bar\" role=\"img\" xmlns=\"http:\/\/www.w3.org\/2000\/svg\" viewBox=\"0 0 512 512\" class=\"svg-inline--fa fa-chart-bar fa-w-16 fa-2x\"><path fill=\"currentColor\" d=\"M396.8 352h22.4c6.4 0 12.8-6.4 12.8-12.8V108.8c0-6.4-6.4-12.8-12.8-12.8h-22.4c-6.4 0-12.8 6.4-12.8 12.8v230.4c0 6.4 6.4 12.8 12.8 12.8zm-192 0h22.4c6.4 0 12.8-6.4 12.8-12.8V140.8c0-6.4-6.4-12.8-12.8-12.8h-22.4c-6.4 0-12.8 6.4-12.8 12.8v198.4c0 6.4 6.4 12.8 12.8 12.8zm96 0h22.4c6.4 0 12.8-6.4 12.8-12.8V204.8c0-6.4-6.4-12.8-12.8-12.8h-22.4c-6.4 0-12.8 6.4-12.8 12.8v134.4c0 6.4 6.4 12.8 12.8 12.8zM496 400H48V80c0-8.84-7.16-16-16-16H16C7.16 64 0 71.16 0 80v336c0 17.67 14.33 32 32 32h464c8.84 0 16-7.16 16-16v-16c0-8.84-7.16-16-16-16zm-387.2-48h22.4c6.4 0 12.8-6.4 12.8-12.8v-70.4c0-6.4-6.4-12.8-12.8-12.8h-22.4c-6.4 0-12.8 6.4-12.8 12.8v70.4c0 6.4 6.4 12.8 12.8 12.8z\" class=\"\"><\/path><\/svg><\/i> <img loading=\"lazy\" decoding=\"async\" width=\"16\" height=\"16\" alt=\"Loading\" src=\"https:\/\/temucotelevision.cl\/web\/wp-content\/plugins\/page-views-count\/ajax-loader-2x.gif\" border=0 \/><\/p><div class=\"pvc_clear\"><\/div>\n<p>El proyecto fue implementado en jardines y escuelas de Temuco, Padre Las Casas, Perquenco y Gorbea. Adem\u00e1s, se puede descargar el material de forma gratuita en<a href=\"http:\/\/epewtun.cl\/\" target=\"_blank\" rel=\"noreferrer noopener\">&nbsp;<\/a><a href=\"http:\/\/www.epewtun.cl\/\" target=\"_blank\" rel=\"noreferrer noopener\">www.epewtun.cl<\/a>&nbsp;gracias al financiamiento del Fondo Nacional de Desarrollo Cultural y las Artes, Fondart Regional de La Araucan\u00eda, l\u00ednea Difusi\u00f3n, convocatoria 2025.<\/p>\n\n\n\n<p><strong>EDUCACI\u00d3N.-<\/strong>&nbsp;En distintas comunas de la Regi\u00f3n de La Araucan\u00eda se llev\u00f3 a cabo la implementaci\u00f3n del proyecto Azkintuwe, una iniciativa educativa con enfoque intercultural que busca fortalecer los procesos de ense\u00f1anza y aprendizaje desde una perspectiva territorial, incorporando saberes del pueblo mapuche en contextos escolares y de educaci\u00f3n inicial.<\/p>\n\n\n\n<p>Azkintuwe consiste en un expositor pedag\u00f3gico f\u00edsico, dise\u00f1ado como una estructura educativa con forma de araucaria, que permite la exhibici\u00f3n, resguardo y circulaci\u00f3n de contenidos vinculados a la educaci\u00f3n intercultural. Este dispositivo fue concebido como una herramienta did\u00e1ctica que articula conocimientos ancestrales mapuche con metodolog\u00edas educativas contempor\u00e1neas, promoviendo experiencias de aprendizaje significativas, inclusivas y culturalmente pertinentes para ni\u00f1as, ni\u00f1os y comunidades educativas. Adem\u00e1s, la estructura est\u00e1 complementada con pilwas, bolsas tejidas con fibras vegetales a cargo de Yesica Huent\u00e9n Catrileo, zamife (tejedora) lafkenche. Esta iniciativa ha sido financiada por el Fondo Nacional de Desarrollo Cultural y las Artes, Fondart Regional de La Araucan\u00eda, l\u00ednea Difusi\u00f3n, convocatoria 2025.<\/p>\n\n\n\n<p>El proyecto es impulsado por Portal Epewtun, plataforma de contenidos educativos interculturales que desarrolla recursos pedag\u00f3gicos orientados a la valoraci\u00f3n del territorio, la identidad cultural y el di\u00e1logo de saberes. En este marco, Azkintuwe se proyecta no s\u00f3lo como un objeto educativo, sino tambi\u00e9n como un hito simb\u00f3lico dentro de los espacios escolares, que invita a reflexionar sobre la diversidad cultural presente en el Wallmapu y la importancia de una educaci\u00f3n situada.<\/p>\n\n\n\n<p>La implementaci\u00f3n del proyecto se realiz\u00f3 en cinco establecimientos educacionales de la Regi\u00f3n de La Araucan\u00eda: la Escuela Eduardo Frei Montalva de Perquenco; Rapa Maquehue de Padre Las Casas; la Escuela Intercultural Tra\u00f1i Tra\u00f1i de Temuco; el Jard\u00edn Infantil Amancay, perteneciente a JUNJI Araucan\u00eda y ubicado en Temuco; y la Escuela Nuestra Se\u00f1ora del Carmen de Lastarria, comuna de Gorbea. En cada uno de estos espacios, el expositor AZKINTUWE fue integrado a las din\u00e1micas educativas, permitiendo el acceso a materiales pedag\u00f3gicos que fortalecen el reconocimiento de la interculturalidad desde la primera infancia y la educaci\u00f3n b\u00e1sica.<\/p>\n\n\n\n<p>Leticia Waiki, educadora e integrante del equipo Epewtun destaca la colaboraci\u00f3n y disposici\u00f3n de las comunidades educativas que participaron en la implementaci\u00f3n, \u201centendiendo este proceso como una construcci\u00f3n colectiva que releva el rol de las escuelas y jardines infantiles en la transmisi\u00f3n de conocimientos, identidades y memorias culturales. Adem\u00e1s. proyectamos esta iniciativa como una experiencia replicable en otros territorios, aportando al fortalecimiento de una educaci\u00f3n m\u00e1s inclusiva, pertinente y coherente con la realidad sociocultural de La Araucan\u00eda\u201d, detall\u00f3.<\/p>\n\n\n\n<p>A trav\u00e9s de esta iniciativa, el proyecto contribuye a visibilizar la educaci\u00f3n intercultural como un eje fundamental para el desarrollo educativo de la regi\u00f3n, fomentando el respeto, la valoraci\u00f3n de la diversidad y el v\u00ednculo con el territorio. Para m\u00e1s informaci\u00f3n sobre el proyecto Azkintuwe y otros contenidos educativos interculturales de uso y descarga gratuita, se puede visitar el sitio web&nbsp;<a href=\"http:\/\/www.epewtun.cl\/\" target=\"_blank\" rel=\"noreferrer noopener\">www.epewtun.cl<\/a>.<\/p>\n","protected":false},"excerpt":{"rendered":"<div class=\"pvc_clear\"><\/div>\n<p id=\"pvc_stats_60083\" class=\"pvc_stats total_only  \" data-element-id=\"60083\" style=\"\"><i class=\"pvc-stats-icon large\" aria-hidden=\"true\"><svg aria-hidden=\"true\" focusable=\"false\" data-prefix=\"far\" data-icon=\"chart-bar\" role=\"img\" xmlns=\"http:\/\/www.w3.org\/2000\/svg\" viewBox=\"0 0 512 512\" class=\"svg-inline--fa fa-chart-bar fa-w-16 fa-2x\"><path fill=\"currentColor\" d=\"M396.8 352h22.4c6.4 0 12.8-6.4 12.8-12.8V108.8c0-6.4-6.4-12.8-12.8-12.8h-22.4c-6.4 0-12.8 6.4-12.8 12.8v230.4c0 6.4 6.4 12.8 12.8 12.8zm-192 0h22.4c6.4 0 12.8-6.4 12.8-12.8V140.8c0-6.4-6.4-12.8-12.8-12.8h-22.4c-6.4 0-12.8 6.4-12.8 12.8v198.4c0 6.4 6.4 12.8 12.8 12.8zm96 0h22.4c6.4 0 12.8-6.4 12.8-12.8V204.8c0-6.4-6.4-12.8-12.8-12.8h-22.4c-6.4 0-12.8 6.4-12.8 12.8v134.4c0 6.4 6.4 12.8 12.8 12.8zM496 400H48V80c0-8.84-7.16-16-16-16H16C7.16 64 0 71.16 0 80v336c0 17.67 14.33 32 32 32h464c8.84 0 16-7.16 16-16v-16c0-8.84-7.16-16-16-16zm-387.2-48h22.4c6.4 0 12.8-6.4 12.8-12.8v-70.4c0-6.4-6.4-12.8-12.8-12.8h-22.4c-6.4 0-12.8 6.4-12.8 12.8v70.4c0 6.4 6.4 12.8 12.8 12.8z\" class=\"\"><\/path><\/svg><\/i> <img loading=\"lazy\" decoding=\"async\" width=\"16\" height=\"16\" alt=\"Loading\" src=\"https:\/\/temucotelevision.cl\/web\/wp-content\/plugins\/page-views-count\/ajax-loader-2x.gif\" border=0 \/><\/p>\n<div class=\"pvc_clear\"><\/div>\n<p>El proyecto fue implementado en jardines y escuelas de Temuco, Padre Las Casas, Perquenco y Gorbea. Adem\u00e1s, se puede descargar<\/p>\n","protected":false},"author":1,"featured_media":60084,"comment_status":"open","ping_status":"open","sticky":false,"template":"","format":"standard","meta":{"colormag_page_container_layout":"default_layout","colormag_page_sidebar_layout":"default_layout","footnotes":""},"categories":[14],"tags":[7293],"class_list":["post-60083","post","type-post","status-publish","format-standard","has-post-thumbnail","hentry","category-temuco","tag-expositor"],"a3_pvc":{"activated":true,"total_views":825,"today_views":0},"_links":{"self":[{"href":"https:\/\/temucotelevision.cl\/web\/wp-json\/wp\/v2\/posts\/60083","targetHints":{"allow":["GET"]}}],"collection":[{"href":"https:\/\/temucotelevision.cl\/web\/wp-json\/wp\/v2\/posts"}],"about":[{"href":"https:\/\/temucotelevision.cl\/web\/wp-json\/wp\/v2\/types\/post"}],"author":[{"embeddable":true,"href":"https:\/\/temucotelevision.cl\/web\/wp-json\/wp\/v2\/users\/1"}],"replies":[{"embeddable":true,"href":"https:\/\/temucotelevision.cl\/web\/wp-json\/wp\/v2\/comments?post=60083"}],"version-history":[{"count":1,"href":"https:\/\/temucotelevision.cl\/web\/wp-json\/wp\/v2\/posts\/60083\/revisions"}],"predecessor-version":[{"id":60085,"href":"https:\/\/temucotelevision.cl\/web\/wp-json\/wp\/v2\/posts\/60083\/revisions\/60085"}],"wp:featuredmedia":[{"embeddable":true,"href":"https:\/\/temucotelevision.cl\/web\/wp-json\/wp\/v2\/media\/60084"}],"wp:attachment":[{"href":"https:\/\/temucotelevision.cl\/web\/wp-json\/wp\/v2\/media?parent=60083"}],"wp:term":[{"taxonomy":"category","embeddable":true,"href":"https:\/\/temucotelevision.cl\/web\/wp-json\/wp\/v2\/categories?post=60083"},{"taxonomy":"post_tag","embeddable":true,"href":"https:\/\/temucotelevision.cl\/web\/wp-json\/wp\/v2\/tags?post=60083"}],"curies":[{"name":"wp","href":"https:\/\/api.w.org\/{rel}","templated":true}]}}