{"id":60081,"date":"2026-01-04T19:13:23","date_gmt":"2026-01-04T22:13:23","guid":{"rendered":"https:\/\/temucotelevision.cl\/web\/?p=60081"},"modified":"2026-01-04T19:13:23","modified_gmt":"2026-01-04T22:13:23","slug":"regionalistas-verdes-cuestionan-a-vanessa-kaiser-por-insistir-en-un-posible-golpe-de-estado-contra-gobierno-de-kast","status":"publish","type":"post","link":"https:\/\/temucotelevision.cl\/web\/2026\/01\/04\/regionalistas-verdes-cuestionan-a-vanessa-kaiser-por-insistir-en-un-posible-golpe-de-estado-contra-gobierno-de-kast\/","title":{"rendered":"Regionalistas Verdes cuestionan a Vanessa Kaiser por insistir en un posible golpe de estado contra gobierno de Kast"},"content":{"rendered":"<div class=\"pvc_clear\"><\/div><p id=\"pvc_stats_60081\" class=\"pvc_stats total_only  \" data-element-id=\"60081\" style=\"\"><i class=\"pvc-stats-icon large\" aria-hidden=\"true\"><svg aria-hidden=\"true\" focusable=\"false\" data-prefix=\"far\" data-icon=\"chart-bar\" role=\"img\" xmlns=\"http:\/\/www.w3.org\/2000\/svg\" viewBox=\"0 0 512 512\" class=\"svg-inline--fa fa-chart-bar fa-w-16 fa-2x\"><path fill=\"currentColor\" d=\"M396.8 352h22.4c6.4 0 12.8-6.4 12.8-12.8V108.8c0-6.4-6.4-12.8-12.8-12.8h-22.4c-6.4 0-12.8 6.4-12.8 12.8v230.4c0 6.4 6.4 12.8 12.8 12.8zm-192 0h22.4c6.4 0 12.8-6.4 12.8-12.8V140.8c0-6.4-6.4-12.8-12.8-12.8h-22.4c-6.4 0-12.8 6.4-12.8 12.8v198.4c0 6.4 6.4 12.8 12.8 12.8zm96 0h22.4c6.4 0 12.8-6.4 12.8-12.8V204.8c0-6.4-6.4-12.8-12.8-12.8h-22.4c-6.4 0-12.8 6.4-12.8 12.8v134.4c0 6.4 6.4 12.8 12.8 12.8zM496 400H48V80c0-8.84-7.16-16-16-16H16C7.16 64 0 71.16 0 80v336c0 17.67 14.33 32 32 32h464c8.84 0 16-7.16 16-16v-16c0-8.84-7.16-16-16-16zm-387.2-48h22.4c6.4 0 12.8-6.4 12.8-12.8v-70.4c0-6.4-6.4-12.8-12.8-12.8h-22.4c-6.4 0-12.8 6.4-12.8 12.8v70.4c0 6.4 6.4 12.8 12.8 12.8z\" class=\"\"><\/path><\/svg><\/i> <img loading=\"lazy\" decoding=\"async\" width=\"16\" height=\"16\" alt=\"Loading\" src=\"https:\/\/temucotelevision.cl\/web\/wp-content\/plugins\/page-views-count\/ajax-loader-2x.gif\" border=0 \/><\/p><div class=\"pvc_clear\"><\/div>\n<p><strong><em>Llaman a frenar discursos del miedo que da\u00f1an la democracia<\/em><\/strong><em><\/em><\/p>\n\n\n\n<p>El partido regionalista verde en La Araucan\u00eda expres\u00f3 su m\u00e1s categ\u00f3rico rechazo a las declaraciones de la senadora electa por La Araucan\u00eda, Vanessa Kaiser, quien ha insistido en instalar la idea de un eventual golpe de Estado en el gobierno de Jos\u00e9 Antonio Kast. \u201cLa ultraderecha vuelve a normalizar el imaginario golpista como herramienta pol\u00edtica. No es un lapsus ni una exageraci\u00f3n, es coherencia hist\u00f3rica\u201d, afirm\u00f3 el vocero Daniel Sandoval.<\/p>\n\n\n\n<p>El dirigente subray\u00f3 que quienes ejercen liderazgo pol\u00edtico tienen la obligaci\u00f3n de expresarse con&nbsp;<strong>datos, evidencias y seriedad<\/strong><strong>,<\/strong>&nbsp;especialmente en una regi\u00f3n como La Araucan\u00eda, que enfrenta desaf\u00edos complejos y urgentes. \u201cNuestra regi\u00f3n requiere di\u00e1logo, encuentro pol\u00edtico y construcci\u00f3n de confianza. Instalar discursos sin sustento solo profundiza la polarizaci\u00f3n y aleja las soluciones que la ciudadan\u00eda espera\u201d, se\u00f1al\u00f3.<\/p>\n\n\n\n<p>Desde los Regionalistas Verdes recalcaron que promover escenarios de quiebre institucional de manera liviana constituye una forma de desinformaci\u00f3n pol\u00edtica que genera temor e incertidumbre. \u201cEl debate pol\u00edtico debe darse con ideas y propuestas, no con insinuaciones de salidas antidemocr\u00e1ticas ni con el uso del miedo como herramienta pol\u00edtica\u201d, agreg\u00f3 Daniel Sandoval.<\/p>\n\n\n\n<p>Finalmente, la colectividad reafirm\u00f3 su compromiso con la democracia, el Estado de Derecho y el fortalecimiento de las regiones desde una pol\u00edtica responsable y descentralizadora. \u201cChile y La Araucan\u00eda necesitan m\u00e1s di\u00e1logo, m\u00e1s democracia y una pol\u00edtica a la altura de sus desaf\u00edos, no discursos que reabre heridas y da\u00f1an la convivencia social\u201d.<\/p>\n","protected":false},"excerpt":{"rendered":"<div class=\"pvc_clear\"><\/div>\n<p id=\"pvc_stats_60081\" class=\"pvc_stats total_only  \" data-element-id=\"60081\" style=\"\"><i class=\"pvc-stats-icon large\" aria-hidden=\"true\"><svg aria-hidden=\"true\" focusable=\"false\" data-prefix=\"far\" data-icon=\"chart-bar\" role=\"img\" xmlns=\"http:\/\/www.w3.org\/2000\/svg\" viewBox=\"0 0 512 512\" class=\"svg-inline--fa fa-chart-bar fa-w-16 fa-2x\"><path fill=\"currentColor\" d=\"M396.8 352h22.4c6.4 0 12.8-6.4 12.8-12.8V108.8c0-6.4-6.4-12.8-12.8-12.8h-22.4c-6.4 0-12.8 6.4-12.8 12.8v230.4c0 6.4 6.4 12.8 12.8 12.8zm-192 0h22.4c6.4 0 12.8-6.4 12.8-12.8V140.8c0-6.4-6.4-12.8-12.8-12.8h-22.4c-6.4 0-12.8 6.4-12.8 12.8v198.4c0 6.4 6.4 12.8 12.8 12.8zm96 0h22.4c6.4 0 12.8-6.4 12.8-12.8V204.8c0-6.4-6.4-12.8-12.8-12.8h-22.4c-6.4 0-12.8 6.4-12.8 12.8v134.4c0 6.4 6.4 12.8 12.8 12.8zM496 400H48V80c0-8.84-7.16-16-16-16H16C7.16 64 0 71.16 0 80v336c0 17.67 14.33 32 32 32h464c8.84 0 16-7.16 16-16v-16c0-8.84-7.16-16-16-16zm-387.2-48h22.4c6.4 0 12.8-6.4 12.8-12.8v-70.4c0-6.4-6.4-12.8-12.8-12.8h-22.4c-6.4 0-12.8 6.4-12.8 12.8v70.4c0 6.4 6.4 12.8 12.8 12.8z\" class=\"\"><\/path><\/svg><\/i> <img loading=\"lazy\" decoding=\"async\" width=\"16\" height=\"16\" alt=\"Loading\" src=\"https:\/\/temucotelevision.cl\/web\/wp-content\/plugins\/page-views-count\/ajax-loader-2x.gif\" border=0 \/><\/p>\n<div class=\"pvc_clear\"><\/div>\n<p>Llaman a frenar discursos del miedo que da\u00f1an la democracia El partido regionalista verde en La Araucan\u00eda expres\u00f3 su m\u00e1s<\/p>\n","protected":false},"author":1,"featured_media":12827,"comment_status":"open","ping_status":"open","sticky":false,"template":"","format":"standard","meta":{"colormag_page_container_layout":"default_layout","colormag_page_sidebar_layout":"default_layout","footnotes":""},"categories":[84],"tags":[2502],"class_list":["post-60081","post","type-post","status-publish","format-standard","has-post-thumbnail","hentry","category-politica","tag-politica"],"a3_pvc":{"activated":true,"total_views":988,"today_views":0},"_links":{"self":[{"href":"https:\/\/temucotelevision.cl\/web\/wp-json\/wp\/v2\/posts\/60081","targetHints":{"allow":["GET"]}}],"collection":[{"href":"https:\/\/temucotelevision.cl\/web\/wp-json\/wp\/v2\/posts"}],"about":[{"href":"https:\/\/temucotelevision.cl\/web\/wp-json\/wp\/v2\/types\/post"}],"author":[{"embeddable":true,"href":"https:\/\/temucotelevision.cl\/web\/wp-json\/wp\/v2\/users\/1"}],"replies":[{"embeddable":true,"href":"https:\/\/temucotelevision.cl\/web\/wp-json\/wp\/v2\/comments?post=60081"}],"version-history":[{"count":1,"href":"https:\/\/temucotelevision.cl\/web\/wp-json\/wp\/v2\/posts\/60081\/revisions"}],"predecessor-version":[{"id":60082,"href":"https:\/\/temucotelevision.cl\/web\/wp-json\/wp\/v2\/posts\/60081\/revisions\/60082"}],"wp:featuredmedia":[{"embeddable":true,"href":"https:\/\/temucotelevision.cl\/web\/wp-json\/wp\/v2\/media\/12827"}],"wp:attachment":[{"href":"https:\/\/temucotelevision.cl\/web\/wp-json\/wp\/v2\/media?parent=60081"}],"wp:term":[{"taxonomy":"category","embeddable":true,"href":"https:\/\/temucotelevision.cl\/web\/wp-json\/wp\/v2\/categories?post=60081"},{"taxonomy":"post_tag","embeddable":true,"href":"https:\/\/temucotelevision.cl\/web\/wp-json\/wp\/v2\/tags?post=60081"}],"curies":[{"name":"wp","href":"https:\/\/api.w.org\/{rel}","templated":true}]}}