{"id":60056,"date":"2026-01-04T12:45:37","date_gmt":"2026-01-04T15:45:37","guid":{"rendered":"https:\/\/temucotelevision.cl\/web\/?p=60056"},"modified":"2026-01-04T12:45:38","modified_gmt":"2026-01-04T15:45:38","slug":"con-torta-de-73-metros-pitrufquen-festejo-su-aniversario-127-en-la-expo-dulce-2025","status":"publish","type":"post","link":"https:\/\/temucotelevision.cl\/web\/2026\/01\/04\/con-torta-de-73-metros-pitrufquen-festejo-su-aniversario-127-en-la-expo-dulce-2025\/","title":{"rendered":"Con torta de 73 metros, Pitrufqu\u00e9n festej\u00f3 su aniversario 127 en la Expo Dulce 2025"},"content":{"rendered":"<div class=\"pvc_clear\"><\/div><p id=\"pvc_stats_60056\" class=\"pvc_stats total_only  \" data-element-id=\"60056\" style=\"\"><i class=\"pvc-stats-icon large\" aria-hidden=\"true\"><svg aria-hidden=\"true\" focusable=\"false\" data-prefix=\"far\" data-icon=\"chart-bar\" role=\"img\" xmlns=\"http:\/\/www.w3.org\/2000\/svg\" viewBox=\"0 0 512 512\" class=\"svg-inline--fa fa-chart-bar fa-w-16 fa-2x\"><path fill=\"currentColor\" d=\"M396.8 352h22.4c6.4 0 12.8-6.4 12.8-12.8V108.8c0-6.4-6.4-12.8-12.8-12.8h-22.4c-6.4 0-12.8 6.4-12.8 12.8v230.4c0 6.4 6.4 12.8 12.8 12.8zm-192 0h22.4c6.4 0 12.8-6.4 12.8-12.8V140.8c0-6.4-6.4-12.8-12.8-12.8h-22.4c-6.4 0-12.8 6.4-12.8 12.8v198.4c0 6.4 6.4 12.8 12.8 12.8zm96 0h22.4c6.4 0 12.8-6.4 12.8-12.8V204.8c0-6.4-6.4-12.8-12.8-12.8h-22.4c-6.4 0-12.8 6.4-12.8 12.8v134.4c0 6.4 6.4 12.8 12.8 12.8zM496 400H48V80c0-8.84-7.16-16-16-16H16C7.16 64 0 71.16 0 80v336c0 17.67 14.33 32 32 32h464c8.84 0 16-7.16 16-16v-16c0-8.84-7.16-16-16-16zm-387.2-48h22.4c6.4 0 12.8-6.4 12.8-12.8v-70.4c0-6.4-6.4-12.8-12.8-12.8h-22.4c-6.4 0-12.8 6.4-12.8 12.8v70.4c0 6.4 6.4 12.8 12.8 12.8z\" class=\"\"><\/path><\/svg><\/i> <img loading=\"lazy\" decoding=\"async\" width=\"16\" height=\"16\" alt=\"Loading\" src=\"https:\/\/temucotelevision.cl\/web\/wp-content\/plugins\/page-views-count\/ajax-loader-2x.gif\" border=0 \/><\/p><div class=\"pvc_clear\"><\/div>\n<p>Un r\u00e9cord regional logr\u00f3 la Municipalidad de Pitrufqu\u00e9n, en el marco de la actividad Cuarta Expo Dulce 2025 y la celebraci\u00f3n de su aniversario 127, con la elaboraci\u00f3n y reparto de la torta m\u00e1s larga de La Araucan\u00eda con 73 metros de largo.<\/p>\n\n\n\n<p>La haza\u00f1a comenz\u00f3 temprano, a las 11 horas de este s\u00e1bado, con la instalaci\u00f3n de los bizcochos, dando paso a los procesos de relleno con frutillas y frambuesas de la zona y la aplicaci\u00f3n de su cobertura de crema. Cerca de siete horas llev\u00f3 la preparaci\u00f3n de esta torta que se instal\u00f3 en el frontis de la Municipalidad y cuya r\u00fabrica tuvo a cargo de la alcaldesa Jacqueline Romero con el trabajo del decorado final y posterior medici\u00f3n.&nbsp;<br><br>En total, 73 metros. Todo un logro que amplia en m\u00e1s de 10 metros la longitud de la torta del a\u00f1o anterior.<\/p>\n\n\n\n<p>La alcaldesa Jacqueline Romero dijo estar feliz por esta celebraci\u00f3n que, a diferencia de otros a\u00f1os, quiso relevar el talento y esfuerzo regional con un show plagado por artistas locales y la coronaci\u00f3n de la reina y rey de la comuna, lo cual no ocurr\u00eda desde hace una d\u00e9cada. &#8220;Estoy muy feliz por este nuevo aniversario de la comuna, y porque esto es lo que queremos, que la gente se una a trav\u00e9s de una torta, se una y se divierta con nuestros artistas locales y que la comunidad vele y trabaje por el bien de todos en Pitrufqu\u00e9n. Creo que ese es el mensaje que quisimos entregar con estas actividades y celebraciones&#8221;, la jefa comunal<\/p>\n\n\n\n<p><strong>COMENSALES<\/strong><br><br>Los asistentes que disfrutaron de la torta como del show aniversario fue multitudinaria, convocando a habitantes de Pitrufqu\u00e9n, Freire, Gorbea, Temuco y Padre Las Casas, adem\u00e1s de visitantes de otras regiones, que motivados por las redes sociales no se perdieron la degustaci\u00f3n de esta verdadera exquisitez.<br><br>Tamara Salvo, vecina de Pitrufqu\u00e9n, se\u00f1al\u00f3: \u201cencuentro que todo esto es algo bonito para el Pueblo, para que nos unamos y sigamos adelante. Vine con una amiga y estamos muy felices\u201d.&nbsp;<br><br>En tanto, Dora Gajardo, agreg\u00f3 que \u201cesta iniciativa es muy linda, con mi familia estuvimos toda la tarde en la Plaza viendo c\u00f3mo la hac\u00edan y la probamos y estaba muy rica, esperamos que sigan haciendo esta actividad en otros aniversarios\u201d<\/p>\n\n\n\n<p><strong>SHOW Y CORONACI\u00d3N<\/strong><br><br>La fiesta culmin\u00f3 con el Show aniversario y la presencia de artistas y grupos locales como \u201cSanta Cecilia\u201d, \u201cLa Previa\u201d, \u201cEl llanerito de Comuy\u201d, \u201cSaul Ignacio\u201d, \u201cCatrina\u201d, \u201cEl Flaco y sus parientes\u201d y las agrupaciones folcl\u00f3ricas \u201cBrisa Araucana\u201d y \u201cBallet Municipal de Pitrufqu\u00e9n\u201d.&nbsp; Uno de los puntos altos de la noche fue la coronaci\u00f3n de la Reina y Rey de Pitrufqu\u00e9n, una tradici\u00f3n que no se hac\u00eda desde hace m\u00e1s de una d\u00e9cada. En esta ocasi\u00f3n, la responsabilidad recay\u00f3 en los representantes del sector Cordillera de la comuna: Cristina Rojas Oviedo y David Mardones Pincheira, quienes junto a su alianza Verde lograron el mayor puntaje de la competencia. &nbsp;<\/p>\n\n\n\n<figure class=\"wp-block-image size-large\"><img loading=\"lazy\" decoding=\"async\" width=\"1000\" height=\"750\" src=\"https:\/\/temucotelevision.cl\/web\/wp-content\/uploads\/2026\/01\/IMG_8593-1000x750.jpg\" alt=\"\" class=\"wp-image-60058\" srcset=\"https:\/\/temucotelevision.cl\/web\/wp-content\/uploads\/2026\/01\/IMG_8593-1000x750.jpg 1000w, https:\/\/temucotelevision.cl\/web\/wp-content\/uploads\/2026\/01\/IMG_8593-768x576.jpg 768w, https:\/\/temucotelevision.cl\/web\/wp-content\/uploads\/2026\/01\/IMG_8593-1536x1152.jpg 1536w, https:\/\/temucotelevision.cl\/web\/wp-content\/uploads\/2026\/01\/IMG_8593-2048x1536.jpg 2048w\" sizes=\"auto, (max-width: 1000px) 100vw, 1000px\" \/><\/figure>\n","protected":false},"excerpt":{"rendered":"<div class=\"pvc_clear\"><\/div>\n<p id=\"pvc_stats_60056\" class=\"pvc_stats total_only  \" data-element-id=\"60056\" style=\"\"><i class=\"pvc-stats-icon large\" aria-hidden=\"true\"><svg aria-hidden=\"true\" focusable=\"false\" data-prefix=\"far\" data-icon=\"chart-bar\" role=\"img\" xmlns=\"http:\/\/www.w3.org\/2000\/svg\" viewBox=\"0 0 512 512\" class=\"svg-inline--fa fa-chart-bar fa-w-16 fa-2x\"><path fill=\"currentColor\" d=\"M396.8 352h22.4c6.4 0 12.8-6.4 12.8-12.8V108.8c0-6.4-6.4-12.8-12.8-12.8h-22.4c-6.4 0-12.8 6.4-12.8 12.8v230.4c0 6.4 6.4 12.8 12.8 12.8zm-192 0h22.4c6.4 0 12.8-6.4 12.8-12.8V140.8c0-6.4-6.4-12.8-12.8-12.8h-22.4c-6.4 0-12.8 6.4-12.8 12.8v198.4c0 6.4 6.4 12.8 12.8 12.8zm96 0h22.4c6.4 0 12.8-6.4 12.8-12.8V204.8c0-6.4-6.4-12.8-12.8-12.8h-22.4c-6.4 0-12.8 6.4-12.8 12.8v134.4c0 6.4 6.4 12.8 12.8 12.8zM496 400H48V80c0-8.84-7.16-16-16-16H16C7.16 64 0 71.16 0 80v336c0 17.67 14.33 32 32 32h464c8.84 0 16-7.16 16-16v-16c0-8.84-7.16-16-16-16zm-387.2-48h22.4c6.4 0 12.8-6.4 12.8-12.8v-70.4c0-6.4-6.4-12.8-12.8-12.8h-22.4c-6.4 0-12.8 6.4-12.8 12.8v70.4c0 6.4 6.4 12.8 12.8 12.8z\" class=\"\"><\/path><\/svg><\/i> <img loading=\"lazy\" decoding=\"async\" width=\"16\" height=\"16\" alt=\"Loading\" src=\"https:\/\/temucotelevision.cl\/web\/wp-content\/plugins\/page-views-count\/ajax-loader-2x.gif\" border=0 \/><\/p>\n<div class=\"pvc_clear\"><\/div>\n<p>Un r\u00e9cord regional logr\u00f3 la Municipalidad de Pitrufqu\u00e9n, en el marco de la actividad Cuarta Expo Dulce 2025 y la<\/p>\n","protected":false},"author":1,"featured_media":60057,"comment_status":"open","ping_status":"open","sticky":false,"template":"","format":"standard","meta":{"colormag_page_container_layout":"default_layout","colormag_page_sidebar_layout":"default_layout","footnotes":""},"categories":[86],"tags":[6865],"class_list":["post-60056","post","type-post","status-publish","format-standard","has-post-thumbnail","hentry","category-panoramas","tag-torta"],"a3_pvc":{"activated":true,"total_views":1840,"today_views":0},"_links":{"self":[{"href":"https:\/\/temucotelevision.cl\/web\/wp-json\/wp\/v2\/posts\/60056","targetHints":{"allow":["GET"]}}],"collection":[{"href":"https:\/\/temucotelevision.cl\/web\/wp-json\/wp\/v2\/posts"}],"about":[{"href":"https:\/\/temucotelevision.cl\/web\/wp-json\/wp\/v2\/types\/post"}],"author":[{"embeddable":true,"href":"https:\/\/temucotelevision.cl\/web\/wp-json\/wp\/v2\/users\/1"}],"replies":[{"embeddable":true,"href":"https:\/\/temucotelevision.cl\/web\/wp-json\/wp\/v2\/comments?post=60056"}],"version-history":[{"count":1,"href":"https:\/\/temucotelevision.cl\/web\/wp-json\/wp\/v2\/posts\/60056\/revisions"}],"predecessor-version":[{"id":60059,"href":"https:\/\/temucotelevision.cl\/web\/wp-json\/wp\/v2\/posts\/60056\/revisions\/60059"}],"wp:featuredmedia":[{"embeddable":true,"href":"https:\/\/temucotelevision.cl\/web\/wp-json\/wp\/v2\/media\/60057"}],"wp:attachment":[{"href":"https:\/\/temucotelevision.cl\/web\/wp-json\/wp\/v2\/media?parent=60056"}],"wp:term":[{"taxonomy":"category","embeddable":true,"href":"https:\/\/temucotelevision.cl\/web\/wp-json\/wp\/v2\/categories?post=60056"},{"taxonomy":"post_tag","embeddable":true,"href":"https:\/\/temucotelevision.cl\/web\/wp-json\/wp\/v2\/tags?post=60056"}],"curies":[{"name":"wp","href":"https:\/\/api.w.org\/{rel}","templated":true}]}}