{"id":60053,"date":"2026-01-04T12:38:53","date_gmt":"2026-01-04T15:38:53","guid":{"rendered":"https:\/\/temucotelevision.cl\/web\/?p=60053"},"modified":"2026-01-04T12:38:55","modified_gmt":"2026-01-04T15:38:55","slug":"desempleo-en-chile-se-mantiene-sobre-el-8-por-casi-tres-anos-y-confirma-debilidad-del-mercado-laboral","status":"publish","type":"post","link":"https:\/\/temucotelevision.cl\/web\/2026\/01\/04\/desempleo-en-chile-se-mantiene-sobre-el-8-por-casi-tres-anos-y-confirma-debilidad-del-mercado-laboral\/","title":{"rendered":"Desempleo en Chile se mantiene sobre el 8% por casi tres a\u00f1os y confirma debilidad del mercado laboral"},"content":{"rendered":"<div class=\"pvc_clear\"><\/div><p id=\"pvc_stats_60053\" class=\"pvc_stats total_only  \" data-element-id=\"60053\" style=\"\"><i class=\"pvc-stats-icon large\" aria-hidden=\"true\"><svg aria-hidden=\"true\" focusable=\"false\" data-prefix=\"far\" data-icon=\"chart-bar\" role=\"img\" xmlns=\"http:\/\/www.w3.org\/2000\/svg\" viewBox=\"0 0 512 512\" class=\"svg-inline--fa fa-chart-bar fa-w-16 fa-2x\"><path fill=\"currentColor\" d=\"M396.8 352h22.4c6.4 0 12.8-6.4 12.8-12.8V108.8c0-6.4-6.4-12.8-12.8-12.8h-22.4c-6.4 0-12.8 6.4-12.8 12.8v230.4c0 6.4 6.4 12.8 12.8 12.8zm-192 0h22.4c6.4 0 12.8-6.4 12.8-12.8V140.8c0-6.4-6.4-12.8-12.8-12.8h-22.4c-6.4 0-12.8 6.4-12.8 12.8v198.4c0 6.4 6.4 12.8 12.8 12.8zm96 0h22.4c6.4 0 12.8-6.4 12.8-12.8V204.8c0-6.4-6.4-12.8-12.8-12.8h-22.4c-6.4 0-12.8 6.4-12.8 12.8v134.4c0 6.4 6.4 12.8 12.8 12.8zM496 400H48V80c0-8.84-7.16-16-16-16H16C7.16 64 0 71.16 0 80v336c0 17.67 14.33 32 32 32h464c8.84 0 16-7.16 16-16v-16c0-8.84-7.16-16-16-16zm-387.2-48h22.4c6.4 0 12.8-6.4 12.8-12.8v-70.4c0-6.4-6.4-12.8-12.8-12.8h-22.4c-6.4 0-12.8 6.4-12.8 12.8v70.4c0 6.4 6.4 12.8 12.8 12.8z\" class=\"\"><\/path><\/svg><\/i> <img loading=\"lazy\" decoding=\"async\" width=\"16\" height=\"16\" alt=\"Loading\" src=\"https:\/\/temucotelevision.cl\/web\/wp-content\/plugins\/page-views-count\/ajax-loader-2x.gif\" border=0 \/><\/p><div class=\"pvc_clear\"><\/div>\n<p>El mercado laboral chileno contin\u00faa mostrando se\u00f1ales de estancamiento. De acuerdo con el \u00faltimo informe correspondiente al trimestre m\u00f3vil&nbsp;<strong>septiembre\u2013noviembre de 2025<\/strong>, la&nbsp;<strong>tasa de desocupaci\u00f3n alcanz\u00f3 un 8,4%<\/strong>, registrando un aumento de&nbsp;<strong>0,2 puntos porcentuales en doce meses<\/strong>. Con este resultado, el desempleo acumula&nbsp;<strong>34 meses consecutivos por sobre el 8%<\/strong>, reflejando una persistente fragilidad en la generaci\u00f3n de empleo.<\/p>\n\n\n\n<p>En t\u00e9rminos desestacionalizados, la tasa de desempleo se ubic\u00f3 en&nbsp;<strong>8,6%<\/strong>, tambi\u00e9n con un incremento de&nbsp;<strong>0,2 pp.<\/strong>&nbsp;respecto del trimestre anterior. Este aumento responde a una&nbsp;<strong>d\u00e9bil creaci\u00f3n neta de empleo<\/strong>, insuficiente para absorber el crecimiento de la fuerza laboral, que retom\u00f3 impulso con una expansi\u00f3n interanual de&nbsp;<strong>1,5%<\/strong>.<\/p>\n\n\n\n<p>Durante el per\u00edodo analizado se crearon&nbsp;<strong>116 mil empleos en doce meses<\/strong>, cifra que representa una&nbsp;<strong>desaceleraci\u00f3n frente a trimestres previos<\/strong>&nbsp;y constituye el menor registro para un trimestre septiembre\u2013noviembre desde&nbsp;<strong>2010<\/strong>, excluyendo el a\u00f1o 2020. A ello se suma que, con ajuste estacional, se&nbsp;<strong>destruyeron 15 mil puestos de trabajo<\/strong>, manteni\u00e9ndose en 2025 un promedio de apenas&nbsp;<strong>10 mil empleos mensuales<\/strong>, lo que confirma el bajo dinamismo del mercado laboral.<\/p>\n\n\n\n<p>Otro elemento preocupante es el aumento de la&nbsp;<strong>desocupaci\u00f3n de larga duraci\u00f3n<\/strong>. Las personas que llevan un a\u00f1o o m\u00e1s buscando empleo alcanzaron un&nbsp;<strong>16,8%<\/strong>, mientras que su media m\u00f3vil anual lleg\u00f3 a&nbsp;<strong>16,6%<\/strong>, el nivel m\u00e1s alto desde fines de 2022, evidenciando crecientes dificultades para la reinserci\u00f3n laboral.<\/p>\n\n\n\n<p>En el sector privado, la demanda por trabajadores contin\u00faa debilit\u00e1ndose. El&nbsp;<strong>\u00cdndice de Avisos Laborales (IALI)<\/strong>&nbsp;cay\u00f3 a&nbsp;<strong>64,2 puntos<\/strong>, su nivel m\u00e1s bajo para un mes de noviembre desde que existe la serie. En paralelo, el&nbsp;<strong>empleo asalariado privado formal permanece estancado<\/strong>, sin variaci\u00f3n interanual, mientras que el&nbsp;<strong>empleo asalariado informal crece con fuerza<\/strong>, dando cuenta de que la expansi\u00f3n del empleo privado se sostiene principalmente en la informalidad.<\/p>\n\n\n\n<p>Los registros administrativos refuerzan este diagn\u00f3stico, mostrando que la&nbsp;<strong>creaci\u00f3n neta de empleo formal sigue pr\u00e1cticamente detenida<\/strong>, consolidando un patr\u00f3n de bajo dinamismo laboral.<\/p>\n\n\n\n<p>De cara al futuro, el escenario sigue siendo desafiante. Si bien la actividad econ\u00f3mica muestra una recuperaci\u00f3n gradual,&nbsp;<strong>no existe a\u00fan la capacidad suficiente para impulsar una generaci\u00f3n s\u00f3lida de empleo formal<\/strong>. En este contexto, se vuelve clave avanzar en una&nbsp;<strong>agenda procrecimiento con un plan de acci\u00f3n pro-empleo<\/strong>, orientado a reducir los costos de contrataci\u00f3n, reactivar la inversi\u00f3n y fortalecer la creaci\u00f3n de puestos de trabajo formales y de calidad.<\/p>\n\n\n\n<div data-wp-interactive=\"core\/file\" class=\"wp-block-file\"><object data-wp-bind--hidden=\"!state.hasPdfPreview\" hidden class=\"wp-block-file__embed\" data=\"https:\/\/temucotelevision.cl\/web\/wp-content\/uploads\/2026\/01\/10-Minuta-empleo-Clapes-UC-sep-nov-2025.pdf\" type=\"application\/pdf\" style=\"width:100%;height:600px\" aria-label=\"Incrustado de 10 Minuta empleo Clapes UC sep-nov 2025.\"><\/object><a id=\"wp-block-file--media-bcae7a78-edb3-4073-85c4-fecc0b6d1fb8\" href=\"https:\/\/temucotelevision.cl\/web\/wp-content\/uploads\/2026\/01\/10-Minuta-empleo-Clapes-UC-sep-nov-2025.pdf\">10 Minuta empleo Clapes UC sep-nov 2025<\/a><a href=\"https:\/\/temucotelevision.cl\/web\/wp-content\/uploads\/2026\/01\/10-Minuta-empleo-Clapes-UC-sep-nov-2025.pdf\" class=\"wp-block-file__button wp-element-button\" download aria-describedby=\"wp-block-file--media-bcae7a78-edb3-4073-85c4-fecc0b6d1fb8\">Descargar<\/a><\/div>\n","protected":false},"excerpt":{"rendered":"<div class=\"pvc_clear\"><\/div>\n<p id=\"pvc_stats_60053\" class=\"pvc_stats total_only  \" data-element-id=\"60053\" style=\"\"><i class=\"pvc-stats-icon large\" aria-hidden=\"true\"><svg aria-hidden=\"true\" focusable=\"false\" data-prefix=\"far\" data-icon=\"chart-bar\" role=\"img\" xmlns=\"http:\/\/www.w3.org\/2000\/svg\" viewBox=\"0 0 512 512\" class=\"svg-inline--fa fa-chart-bar fa-w-16 fa-2x\"><path fill=\"currentColor\" d=\"M396.8 352h22.4c6.4 0 12.8-6.4 12.8-12.8V108.8c0-6.4-6.4-12.8-12.8-12.8h-22.4c-6.4 0-12.8 6.4-12.8 12.8v230.4c0 6.4 6.4 12.8 12.8 12.8zm-192 0h22.4c6.4 0 12.8-6.4 12.8-12.8V140.8c0-6.4-6.4-12.8-12.8-12.8h-22.4c-6.4 0-12.8 6.4-12.8 12.8v198.4c0 6.4 6.4 12.8 12.8 12.8zm96 0h22.4c6.4 0 12.8-6.4 12.8-12.8V204.8c0-6.4-6.4-12.8-12.8-12.8h-22.4c-6.4 0-12.8 6.4-12.8 12.8v134.4c0 6.4 6.4 12.8 12.8 12.8zM496 400H48V80c0-8.84-7.16-16-16-16H16C7.16 64 0 71.16 0 80v336c0 17.67 14.33 32 32 32h464c8.84 0 16-7.16 16-16v-16c0-8.84-7.16-16-16-16zm-387.2-48h22.4c6.4 0 12.8-6.4 12.8-12.8v-70.4c0-6.4-6.4-12.8-12.8-12.8h-22.4c-6.4 0-12.8 6.4-12.8 12.8v70.4c0 6.4 6.4 12.8 12.8 12.8z\" class=\"\"><\/path><\/svg><\/i> <img loading=\"lazy\" decoding=\"async\" width=\"16\" height=\"16\" alt=\"Loading\" src=\"https:\/\/temucotelevision.cl\/web\/wp-content\/plugins\/page-views-count\/ajax-loader-2x.gif\" border=0 \/><\/p>\n<div class=\"pvc_clear\"><\/div>\n<p>El mercado laboral chileno contin\u00faa mostrando se\u00f1ales de estancamiento. De acuerdo con el \u00faltimo informe correspondiente al trimestre m\u00f3vil&nbsp;septiembre\u2013noviembre de<\/p>\n","protected":false},"author":1,"featured_media":1074,"comment_status":"open","ping_status":"open","sticky":false,"template":"","format":"standard","meta":{"colormag_page_container_layout":"default_layout","colormag_page_sidebar_layout":"default_layout","footnotes":""},"categories":[14],"tags":[343],"class_list":["post-60053","post","type-post","status-publish","format-standard","has-post-thumbnail","hentry","category-temuco","tag-desempleo"],"a3_pvc":{"activated":true,"total_views":3941,"today_views":0},"_links":{"self":[{"href":"https:\/\/temucotelevision.cl\/web\/wp-json\/wp\/v2\/posts\/60053","targetHints":{"allow":["GET"]}}],"collection":[{"href":"https:\/\/temucotelevision.cl\/web\/wp-json\/wp\/v2\/posts"}],"about":[{"href":"https:\/\/temucotelevision.cl\/web\/wp-json\/wp\/v2\/types\/post"}],"author":[{"embeddable":true,"href":"https:\/\/temucotelevision.cl\/web\/wp-json\/wp\/v2\/users\/1"}],"replies":[{"embeddable":true,"href":"https:\/\/temucotelevision.cl\/web\/wp-json\/wp\/v2\/comments?post=60053"}],"version-history":[{"count":1,"href":"https:\/\/temucotelevision.cl\/web\/wp-json\/wp\/v2\/posts\/60053\/revisions"}],"predecessor-version":[{"id":60055,"href":"https:\/\/temucotelevision.cl\/web\/wp-json\/wp\/v2\/posts\/60053\/revisions\/60055"}],"wp:featuredmedia":[{"embeddable":true,"href":"https:\/\/temucotelevision.cl\/web\/wp-json\/wp\/v2\/media\/1074"}],"wp:attachment":[{"href":"https:\/\/temucotelevision.cl\/web\/wp-json\/wp\/v2\/media?parent=60053"}],"wp:term":[{"taxonomy":"category","embeddable":true,"href":"https:\/\/temucotelevision.cl\/web\/wp-json\/wp\/v2\/categories?post=60053"},{"taxonomy":"post_tag","embeddable":true,"href":"https:\/\/temucotelevision.cl\/web\/wp-json\/wp\/v2\/tags?post=60053"}],"curies":[{"name":"wp","href":"https:\/\/api.w.org\/{rel}","templated":true}]}}