{"id":60050,"date":"2026-01-04T12:20:52","date_gmt":"2026-01-04T15:20:52","guid":{"rendered":"https:\/\/temucotelevision.cl\/web\/?p=60050"},"modified":"2026-01-04T12:21:46","modified_gmt":"2026-01-04T15:21:46","slug":"diputada-joanna-perez-y-vecinos-de-isla-mocha-denuncian-suspension-de-vuelos-por-deudas-del-ministerio-de-transportes","status":"publish","type":"post","link":"https:\/\/temucotelevision.cl\/web\/2026\/01\/04\/diputada-joanna-perez-y-vecinos-de-isla-mocha-denuncian-suspension-de-vuelos-por-deudas-del-ministerio-de-transportes\/","title":{"rendered":"Diputada Joanna P\u00e9rez y vecinos de Isla Mocha denuncian suspensi\u00f3n de vuelos por deudas del Ministerio de Transportes"},"content":{"rendered":"<div class=\"pvc_clear\"><\/div><p id=\"pvc_stats_60050\" class=\"pvc_stats total_only  \" data-element-id=\"60050\" style=\"\"><i class=\"pvc-stats-icon large\" aria-hidden=\"true\"><svg aria-hidden=\"true\" focusable=\"false\" data-prefix=\"far\" data-icon=\"chart-bar\" role=\"img\" xmlns=\"http:\/\/www.w3.org\/2000\/svg\" viewBox=\"0 0 512 512\" class=\"svg-inline--fa fa-chart-bar fa-w-16 fa-2x\"><path fill=\"currentColor\" d=\"M396.8 352h22.4c6.4 0 12.8-6.4 12.8-12.8V108.8c0-6.4-6.4-12.8-12.8-12.8h-22.4c-6.4 0-12.8 6.4-12.8 12.8v230.4c0 6.4 6.4 12.8 12.8 12.8zm-192 0h22.4c6.4 0 12.8-6.4 12.8-12.8V140.8c0-6.4-6.4-12.8-12.8-12.8h-22.4c-6.4 0-12.8 6.4-12.8 12.8v198.4c0 6.4 6.4 12.8 12.8 12.8zm96 0h22.4c6.4 0 12.8-6.4 12.8-12.8V204.8c0-6.4-6.4-12.8-12.8-12.8h-22.4c-6.4 0-12.8 6.4-12.8 12.8v134.4c0 6.4 6.4 12.8 12.8 12.8zM496 400H48V80c0-8.84-7.16-16-16-16H16C7.16 64 0 71.16 0 80v336c0 17.67 14.33 32 32 32h464c8.84 0 16-7.16 16-16v-16c0-8.84-7.16-16-16-16zm-387.2-48h22.4c6.4 0 12.8-6.4 12.8-12.8v-70.4c0-6.4-6.4-12.8-12.8-12.8h-22.4c-6.4 0-12.8 6.4-12.8 12.8v70.4c0 6.4 6.4 12.8 12.8 12.8z\" class=\"\"><\/path><\/svg><\/i> <img loading=\"lazy\" decoding=\"async\" width=\"16\" height=\"16\" alt=\"Loading\" src=\"https:\/\/temucotelevision.cl\/web\/wp-content\/plugins\/page-views-count\/ajax-loader-2x.gif\" border=0 \/><\/p><div class=\"pvc_clear\"><\/div>\n<p><em>Totalmente aislados quedaron los vecinos de Isla Mocha, producto de una deuda del Ministerio de Transportes con la empresa Aerocord, lo que oblig\u00f3 a suspender todos los vuelos hacia la isla.<\/em><\/p>\n\n\n\n<p>Los y las isle\u00f1as se reunieron junto a la diputada Joanna P\u00e9rez durante este martes 30 de diciembre, tanto en la isla como en el continente, para manifestar su descontento por el total abandono que est\u00e1n sufriendo por parte de las autoridades, lo que los ha dejado completamente aislados, sin poder realizar viajes a\u00e9reos desde la isla al continente y viceversa.<\/p>\n\n\n\n<p>\u201cUna vez m\u00e1s vemos la indolencia del Estado con nuestros mochanos y mochanas de la Regi\u00f3n del Biob\u00edo. Hace cinco meses se adeuda un importante monto de dinero, establecido en un contrato, lo que provoca que la empresa no est\u00e9 prestando servicios a\u00e9reos para Isla Mocha desde el 23 de diciembre\u201d, se\u00f1al\u00f3 la parlamentaria.<\/p>\n\n\n\n<p>\u201cLe hemos pedido a las autoridades, desde ministros hacia abajo, que puedan agilizar esta compleja situaci\u00f3n, y hoy d\u00eda la toma de raz\u00f3n depende de la Contralor\u00eda\u201d.<\/p>\n\n\n\n<p>\u201cSin embargo, tenemos que buscar la f\u00f3rmula para poder prestar este servicio a los mochanos, y hago un llamado al Gobierno a que solicite a Carabineros o a las instituciones que disponen de aeronaves que presten un servicio de urgencia y humanitario, porque lo necesitamos ahora ya\u201d, exigi\u00f3.<\/p>\n\n\n\n<p>Finalmente, P\u00e9rez emplaz\u00f3 al Gobierno: \u201cNo podemos tener esta pasividad con nuestra gente en la isla, as\u00ed que toda nuestra fuerza est\u00e1 con ellos, porque lamentablemente este gobierno parece querer cerrar la cortina antes del 11 de marzo y no ejercer el rol que le corresponde, prestando servicios constantes y continuos para los mochanos\u201d.<\/p>\n","protected":false},"excerpt":{"rendered":"<div class=\"pvc_clear\"><\/div>\n<p id=\"pvc_stats_60050\" class=\"pvc_stats total_only  \" data-element-id=\"60050\" style=\"\"><i class=\"pvc-stats-icon large\" aria-hidden=\"true\"><svg aria-hidden=\"true\" focusable=\"false\" data-prefix=\"far\" data-icon=\"chart-bar\" role=\"img\" xmlns=\"http:\/\/www.w3.org\/2000\/svg\" viewBox=\"0 0 512 512\" class=\"svg-inline--fa fa-chart-bar fa-w-16 fa-2x\"><path fill=\"currentColor\" d=\"M396.8 352h22.4c6.4 0 12.8-6.4 12.8-12.8V108.8c0-6.4-6.4-12.8-12.8-12.8h-22.4c-6.4 0-12.8 6.4-12.8 12.8v230.4c0 6.4 6.4 12.8 12.8 12.8zm-192 0h22.4c6.4 0 12.8-6.4 12.8-12.8V140.8c0-6.4-6.4-12.8-12.8-12.8h-22.4c-6.4 0-12.8 6.4-12.8 12.8v198.4c0 6.4 6.4 12.8 12.8 12.8zm96 0h22.4c6.4 0 12.8-6.4 12.8-12.8V204.8c0-6.4-6.4-12.8-12.8-12.8h-22.4c-6.4 0-12.8 6.4-12.8 12.8v134.4c0 6.4 6.4 12.8 12.8 12.8zM496 400H48V80c0-8.84-7.16-16-16-16H16C7.16 64 0 71.16 0 80v336c0 17.67 14.33 32 32 32h464c8.84 0 16-7.16 16-16v-16c0-8.84-7.16-16-16-16zm-387.2-48h22.4c6.4 0 12.8-6.4 12.8-12.8v-70.4c0-6.4-6.4-12.8-12.8-12.8h-22.4c-6.4 0-12.8 6.4-12.8 12.8v70.4c0 6.4 6.4 12.8 12.8 12.8z\" class=\"\"><\/path><\/svg><\/i> <img loading=\"lazy\" decoding=\"async\" width=\"16\" height=\"16\" alt=\"Loading\" src=\"https:\/\/temucotelevision.cl\/web\/wp-content\/plugins\/page-views-count\/ajax-loader-2x.gif\" border=0 \/><\/p>\n<div class=\"pvc_clear\"><\/div>\n<p>Totalmente aislados quedaron los vecinos de Isla Mocha, producto de una deuda del Ministerio de Transportes con la empresa Aerocord,<\/p>\n","protected":false},"author":1,"featured_media":40770,"comment_status":"open","ping_status":"open","sticky":false,"template":"","format":"standard","meta":{"colormag_page_container_layout":"default_layout","colormag_page_sidebar_layout":"default_layout","footnotes":""},"categories":[15,18,84],"tags":[360],"class_list":["post-60050","post","type-post","status-publish","format-standard","has-post-thumbnail","hentry","category-la-araucania","category-nacional","category-politica","tag-isla"],"a3_pvc":{"activated":true,"total_views":2184,"today_views":0},"_links":{"self":[{"href":"https:\/\/temucotelevision.cl\/web\/wp-json\/wp\/v2\/posts\/60050","targetHints":{"allow":["GET"]}}],"collection":[{"href":"https:\/\/temucotelevision.cl\/web\/wp-json\/wp\/v2\/posts"}],"about":[{"href":"https:\/\/temucotelevision.cl\/web\/wp-json\/wp\/v2\/types\/post"}],"author":[{"embeddable":true,"href":"https:\/\/temucotelevision.cl\/web\/wp-json\/wp\/v2\/users\/1"}],"replies":[{"embeddable":true,"href":"https:\/\/temucotelevision.cl\/web\/wp-json\/wp\/v2\/comments?post=60050"}],"version-history":[{"count":1,"href":"https:\/\/temucotelevision.cl\/web\/wp-json\/wp\/v2\/posts\/60050\/revisions"}],"predecessor-version":[{"id":60051,"href":"https:\/\/temucotelevision.cl\/web\/wp-json\/wp\/v2\/posts\/60050\/revisions\/60051"}],"wp:featuredmedia":[{"embeddable":true,"href":"https:\/\/temucotelevision.cl\/web\/wp-json\/wp\/v2\/media\/40770"}],"wp:attachment":[{"href":"https:\/\/temucotelevision.cl\/web\/wp-json\/wp\/v2\/media?parent=60050"}],"wp:term":[{"taxonomy":"category","embeddable":true,"href":"https:\/\/temucotelevision.cl\/web\/wp-json\/wp\/v2\/categories?post=60050"},{"taxonomy":"post_tag","embeddable":true,"href":"https:\/\/temucotelevision.cl\/web\/wp-json\/wp\/v2\/tags?post=60050"}],"curies":[{"name":"wp","href":"https:\/\/api.w.org\/{rel}","templated":true}]}}