{"id":60047,"date":"2026-01-03T14:39:51","date_gmt":"2026-01-03T17:39:51","guid":{"rendered":"https:\/\/temucotelevision.cl\/web\/?p=60047"},"modified":"2026-01-03T14:39:52","modified_gmt":"2026-01-03T17:39:52","slug":"teatro-municipal-de-temuco-cerro-el-ano-junto-a-sus-elencos-estables-en-una-jornada-artistica-al-aire-libre-que-reunio-a-mas-de-mil-personas","status":"publish","type":"post","link":"https:\/\/temucotelevision.cl\/web\/2026\/01\/03\/teatro-municipal-de-temuco-cerro-el-ano-junto-a-sus-elencos-estables-en-una-jornada-artistica-al-aire-libre-que-reunio-a-mas-de-mil-personas\/","title":{"rendered":"Teatro Municipal de Temuco cerr\u00f3 el a\u00f1o junto a sus elencos estables en una jornada art\u00edstica al aire libre\u00a0que reuni\u00f3 a m\u00e1s de mil personas"},"content":{"rendered":"<div class=\"pvc_clear\"><\/div><p id=\"pvc_stats_60047\" class=\"pvc_stats total_only  \" data-element-id=\"60047\" style=\"\"><i class=\"pvc-stats-icon large\" aria-hidden=\"true\"><svg aria-hidden=\"true\" focusable=\"false\" data-prefix=\"far\" data-icon=\"chart-bar\" role=\"img\" xmlns=\"http:\/\/www.w3.org\/2000\/svg\" viewBox=\"0 0 512 512\" class=\"svg-inline--fa fa-chart-bar fa-w-16 fa-2x\"><path fill=\"currentColor\" d=\"M396.8 352h22.4c6.4 0 12.8-6.4 12.8-12.8V108.8c0-6.4-6.4-12.8-12.8-12.8h-22.4c-6.4 0-12.8 6.4-12.8 12.8v230.4c0 6.4 6.4 12.8 12.8 12.8zm-192 0h22.4c6.4 0 12.8-6.4 12.8-12.8V140.8c0-6.4-6.4-12.8-12.8-12.8h-22.4c-6.4 0-12.8 6.4-12.8 12.8v198.4c0 6.4 6.4 12.8 12.8 12.8zm96 0h22.4c6.4 0 12.8-6.4 12.8-12.8V204.8c0-6.4-6.4-12.8-12.8-12.8h-22.4c-6.4 0-12.8 6.4-12.8 12.8v134.4c0 6.4 6.4 12.8 12.8 12.8zM496 400H48V80c0-8.84-7.16-16-16-16H16C7.16 64 0 71.16 0 80v336c0 17.67 14.33 32 32 32h464c8.84 0 16-7.16 16-16v-16c0-8.84-7.16-16-16-16zm-387.2-48h22.4c6.4 0 12.8-6.4 12.8-12.8v-70.4c0-6.4-6.4-12.8-12.8-12.8h-22.4c-6.4 0-12.8 6.4-12.8 12.8v70.4c0 6.4 6.4 12.8 12.8 12.8z\" class=\"\"><\/path><\/svg><\/i> <img loading=\"lazy\" decoding=\"async\" width=\"16\" height=\"16\" alt=\"Loading\" src=\"https:\/\/temucotelevision.cl\/web\/wp-content\/plugins\/page-views-count\/ajax-loader-2x.gif\" border=0 \/><\/p><div class=\"pvc_clear\"><\/div>\n<p>Con una convocatoria que super\u00f3 las mil personas a lo largo de la jornada, el Teatro Municipal de Temuco \u201cCamilo Salvo\u201d realiz\u00f3 con \u00e9xito&nbsp;<em>TMT al Aire Libre<\/em>, una instancia pensada para cerrar la temporada 2025 junto a la comunidad, compartiendo en un espacio abierto el trabajo desarrollado durante el a\u00f1o por sus elencos estables.<\/p>\n\n\n\n<p>La actividad se desarroll\u00f3 con una rotaci\u00f3n constante de p\u00fablico, comenzando el recorrido art\u00edstico con la Compa\u00f1\u00eda de T\u00edteres Titerike, seguida por el Coro Infantil del Teatro Municipal de Temuco y la Orquesta Infantil Juvenil, cuyos integrantes compartieron parte de su proceso formativo. M\u00e1s tarde, Bafotito y Bafote desplegaron su trabajo esc\u00e9nico, para dar paso al Coro del Teatro Municipal de Temuco, que present\u00f3 un repertorio de zarzuela, y finalmente a la Orquesta Filarm\u00f3nica de Temuco, que cerr\u00f3 la jornada con un programa de valses, polkas y marchas de la familia Strauss.<\/p>\n\n\n\n<p>Paralelamente, el p\u00fablico recorri\u00f3 los jardines del teatro, donde se instalaron stands de artesan\u00eda y exposiciones de arte visual, con la participaci\u00f3n de la Mesa de Artesanos de Temuco y las agrupaciones Folil, Emai y Arteria, todas parte del programa Cultura en el Barrio de la Corporaci\u00f3n Cultural. A ello se sumaron foodtrucks y emprendimientos gastron\u00f3micos del sector Avenida Pablo Neruda, vecinos del entorno del teatro, quienes forman parte de una mesa de desarrollo impulsada para fortalecer la econom\u00eda local y el comercio en actividades de alta convocatoria.<\/p>\n\n\n\n<p>Durante la jornada, el p\u00fablico respondi\u00f3 con entusiasmo a cada una de las presentaciones, compartiendo en familia en un lugar de encuentro abierto y cercano. La alta participaci\u00f3n y el ambiente festivo marcaron una tarde donde la m\u00fasica, el arte y la comunidad fueron protagonistas.<\/p>\n\n\n\n<p>En ese contexto, la gerente y directora del Teatro Municipal de Temuco, Carolina Castillo, valor\u00f3 la instancia como un hito de cierre de a\u00f1o, se\u00f1alando que<br>\u201c<em>TMT al Aire Libre nace desde la convicci\u00f3n de que el teatro debe abrirse a su comunidad, generar v\u00ednculos y compartir lo que hacemos durante todo el a\u00f1o. Ver a tantas personas recorriendo el espacio y disfrutando juntas confirma que el teatro es un lugar vivo, construido con y para la comunidad<\/em>\u201d.<\/p>\n\n\n\n<p>Posteriormente, los directores de los elencos compartieron palabras desde el escenario, agradeciendo el acompa\u00f1amiento del p\u00fablico y destacando la experiencia de presentarse en un formato abierto y cercano.<\/p>\n\n\n\n<p>El director de la Orquesta Filarm\u00f3nica de Temuco, David Ayma, agradeci\u00f3 el cari\u00f1o del p\u00fablico durante la temporada y destac\u00f3 que \u201c<em>este cierre es tambi\u00e9n una forma de agradecer el apoyo del p\u00fablico durante todo el a\u00f1o. Compartir un repertorio de valses, polkas y marchas de la familia Strauss en un espacio abierto y junto a la comunidad fue una experiencia profundamente significativa<\/em>\u201d.<\/p>\n\n\n\n<p>Por su parte, la directora del Coro Infantil, Ivoshka Tello, se\u00f1al\u00f3 que<br>\u201c<em>vivir esta experiencia junto a las familias y la comunidad refleja el compromiso de ni\u00f1as, ni\u00f1os y apoderados, y el valor de la m\u00fasica como herramienta de encuentro<\/em>\u201d, mientras que el director de la Orquesta Infantil Juvenil, Marcelo Jara, indic\u00f3 que \u201cestamos muy felices de ser parte de este cierre de a\u00f1o, porque nos permite mostrar a la comunidad el trabajo que realizamos y el talento de las y los j\u00f3venes que integran la orquesta\u201d.<\/p>\n\n\n\n<p>A su vez, el director del Coro del Teatro Municipal, Daniel Far\u00edas, valor\u00f3 la respuesta del p\u00fablico durante la presentaci\u00f3n de zarzuela, se\u00f1alando que<br>\u201c<em>es muy emocionante compartir este repertorio con un p\u00fablico tan cercano y participativo, que hizo de esta experiencia algo muy especial<\/em>\u201d.<\/p>\n\n\n\n<p>Finalmente, el director de Bafote y Bafotito, Marcelo Alvarado, destac\u00f3 que<br>\u201c<em>presentarse en un contexto abierto y comunitario fortalece el proceso formativo de la danza y genera v\u00ednculos que trascienden el escenario<\/em>\u201d.<\/p>\n\n\n\n<p>La jornada cerr\u00f3 con familias disfrutando del entorno, sentadas sobre mantas, compartiendo picnic y celebrando un espacio de encuentro al aire libre, reflejo de una comunidad que valora el arte, la convivencia y la vida cultural compartida. As\u00ed,&nbsp;<em>TMT al Aire Libre<\/em>&nbsp;se consolid\u00f3 como un cierre de a\u00f1o cercano, participativo y profundamente significativo para el Teatro Municipal de Temuco y toda la comunidad.<\/p>\n","protected":false},"excerpt":{"rendered":"<div class=\"pvc_clear\"><\/div>\n<p id=\"pvc_stats_60047\" class=\"pvc_stats total_only  \" data-element-id=\"60047\" style=\"\"><i class=\"pvc-stats-icon large\" aria-hidden=\"true\"><svg aria-hidden=\"true\" focusable=\"false\" data-prefix=\"far\" data-icon=\"chart-bar\" role=\"img\" xmlns=\"http:\/\/www.w3.org\/2000\/svg\" viewBox=\"0 0 512 512\" class=\"svg-inline--fa fa-chart-bar fa-w-16 fa-2x\"><path fill=\"currentColor\" d=\"M396.8 352h22.4c6.4 0 12.8-6.4 12.8-12.8V108.8c0-6.4-6.4-12.8-12.8-12.8h-22.4c-6.4 0-12.8 6.4-12.8 12.8v230.4c0 6.4 6.4 12.8 12.8 12.8zm-192 0h22.4c6.4 0 12.8-6.4 12.8-12.8V140.8c0-6.4-6.4-12.8-12.8-12.8h-22.4c-6.4 0-12.8 6.4-12.8 12.8v198.4c0 6.4 6.4 12.8 12.8 12.8zm96 0h22.4c6.4 0 12.8-6.4 12.8-12.8V204.8c0-6.4-6.4-12.8-12.8-12.8h-22.4c-6.4 0-12.8 6.4-12.8 12.8v134.4c0 6.4 6.4 12.8 12.8 12.8zM496 400H48V80c0-8.84-7.16-16-16-16H16C7.16 64 0 71.16 0 80v336c0 17.67 14.33 32 32 32h464c8.84 0 16-7.16 16-16v-16c0-8.84-7.16-16-16-16zm-387.2-48h22.4c6.4 0 12.8-6.4 12.8-12.8v-70.4c0-6.4-6.4-12.8-12.8-12.8h-22.4c-6.4 0-12.8 6.4-12.8 12.8v70.4c0 6.4 6.4 12.8 12.8 12.8z\" class=\"\"><\/path><\/svg><\/i> <img loading=\"lazy\" decoding=\"async\" width=\"16\" height=\"16\" alt=\"Loading\" src=\"https:\/\/temucotelevision.cl\/web\/wp-content\/plugins\/page-views-count\/ajax-loader-2x.gif\" border=0 \/><\/p>\n<div class=\"pvc_clear\"><\/div>\n<p>Con una convocatoria que super\u00f3 las mil personas a lo largo de la jornada, el Teatro Municipal de Temuco \u201cCamilo<\/p>\n","protected":false},"author":1,"featured_media":60048,"comment_status":"open","ping_status":"open","sticky":false,"template":"","format":"standard","meta":{"colormag_page_container_layout":"default_layout","colormag_page_sidebar_layout":"default_layout","footnotes":""},"categories":[86],"tags":[283],"class_list":["post-60047","post","type-post","status-publish","format-standard","has-post-thumbnail","hentry","category-panoramas","tag-teatro"],"a3_pvc":{"activated":true,"total_views":987,"today_views":0},"_links":{"self":[{"href":"https:\/\/temucotelevision.cl\/web\/wp-json\/wp\/v2\/posts\/60047","targetHints":{"allow":["GET"]}}],"collection":[{"href":"https:\/\/temucotelevision.cl\/web\/wp-json\/wp\/v2\/posts"}],"about":[{"href":"https:\/\/temucotelevision.cl\/web\/wp-json\/wp\/v2\/types\/post"}],"author":[{"embeddable":true,"href":"https:\/\/temucotelevision.cl\/web\/wp-json\/wp\/v2\/users\/1"}],"replies":[{"embeddable":true,"href":"https:\/\/temucotelevision.cl\/web\/wp-json\/wp\/v2\/comments?post=60047"}],"version-history":[{"count":1,"href":"https:\/\/temucotelevision.cl\/web\/wp-json\/wp\/v2\/posts\/60047\/revisions"}],"predecessor-version":[{"id":60049,"href":"https:\/\/temucotelevision.cl\/web\/wp-json\/wp\/v2\/posts\/60047\/revisions\/60049"}],"wp:featuredmedia":[{"embeddable":true,"href":"https:\/\/temucotelevision.cl\/web\/wp-json\/wp\/v2\/media\/60048"}],"wp:attachment":[{"href":"https:\/\/temucotelevision.cl\/web\/wp-json\/wp\/v2\/media?parent=60047"}],"wp:term":[{"taxonomy":"category","embeddable":true,"href":"https:\/\/temucotelevision.cl\/web\/wp-json\/wp\/v2\/categories?post=60047"},{"taxonomy":"post_tag","embeddable":true,"href":"https:\/\/temucotelevision.cl\/web\/wp-json\/wp\/v2\/tags?post=60047"}],"curies":[{"name":"wp","href":"https:\/\/api.w.org\/{rel}","templated":true}]}}