{"id":60044,"date":"2026-01-03T12:02:23","date_gmt":"2026-01-03T15:02:23","guid":{"rendered":"https:\/\/temucotelevision.cl\/web\/?p=60044"},"modified":"2026-01-03T12:02:24","modified_gmt":"2026-01-03T15:02:24","slug":"temuco-releva-escudo-preventivo-de-121-km-de-cortafuegos-y-apela-al-compromiso-ciudadano-para-evitar-incendios-en-fin-de-ano","status":"publish","type":"post","link":"https:\/\/temucotelevision.cl\/web\/2026\/01\/03\/temuco-releva-escudo-preventivo-de-121-km-de-cortafuegos-y-apela-al-compromiso-ciudadano-para-evitar-incendios-en-fin-de-ano\/","title":{"rendered":"Temuco releva \u201cescudo preventivo\u201d de 121 km de cortafuegos y apela al compromiso ciudadano para evitar incendios en fin de a\u00f1o"},"content":{"rendered":"<div class=\"pvc_clear\"><\/div><p id=\"pvc_stats_60044\" class=\"pvc_stats total_only  \" data-element-id=\"60044\" style=\"\"><i class=\"pvc-stats-icon large\" aria-hidden=\"true\"><svg aria-hidden=\"true\" focusable=\"false\" data-prefix=\"far\" data-icon=\"chart-bar\" role=\"img\" xmlns=\"http:\/\/www.w3.org\/2000\/svg\" viewBox=\"0 0 512 512\" class=\"svg-inline--fa fa-chart-bar fa-w-16 fa-2x\"><path fill=\"currentColor\" d=\"M396.8 352h22.4c6.4 0 12.8-6.4 12.8-12.8V108.8c0-6.4-6.4-12.8-12.8-12.8h-22.4c-6.4 0-12.8 6.4-12.8 12.8v230.4c0 6.4 6.4 12.8 12.8 12.8zm-192 0h22.4c6.4 0 12.8-6.4 12.8-12.8V140.8c0-6.4-6.4-12.8-12.8-12.8h-22.4c-6.4 0-12.8 6.4-12.8 12.8v198.4c0 6.4 6.4 12.8 12.8 12.8zm96 0h22.4c6.4 0 12.8-6.4 12.8-12.8V204.8c0-6.4-6.4-12.8-12.8-12.8h-22.4c-6.4 0-12.8 6.4-12.8 12.8v134.4c0 6.4 6.4 12.8 12.8 12.8zM496 400H48V80c0-8.84-7.16-16-16-16H16C7.16 64 0 71.16 0 80v336c0 17.67 14.33 32 32 32h464c8.84 0 16-7.16 16-16v-16c0-8.84-7.16-16-16-16zm-387.2-48h22.4c6.4 0 12.8-6.4 12.8-12.8v-70.4c0-6.4-6.4-12.8-12.8-12.8h-22.4c-6.4 0-12.8 6.4-12.8 12.8v70.4c0 6.4 6.4 12.8 12.8 12.8z\" class=\"\"><\/path><\/svg><\/i> <img loading=\"lazy\" decoding=\"async\" width=\"16\" height=\"16\" alt=\"Loading\" src=\"https:\/\/temucotelevision.cl\/web\/wp-content\/plugins\/page-views-count\/ajax-loader-2x.gif\" border=0 \/><\/p><div class=\"pvc_clear\"><\/div>\n<p><em><strong>Ante el pron\u00f3stico de una ola de calor que coincidir\u00e1 con las celebraciones de fin de a\u00f1o, la Municipalidad de Temuco, a trav\u00e9s de su Direcci\u00f3n de Gesti\u00f3n de Riesgos y Desastres (DGRD), ha desplegado un robusto plan operativo para proteger a la comunidad, haciendo un llamado urgente a la prevenci\u00f3n y a la corresponsabilidad.<\/strong><\/em><\/p>\n\n\n\n<p>En el marco del Plan Verano 2025, la administraci\u00f3n municipal destac\u00f3 que la capital de La Araucan\u00eda ya cuenta con un &#8220;escudo preventivo&#8221; consolidado. Gracias al despliegue temprano de maquinaria municipal, se ha alcanzado la cifra de 121 kil\u00f3metros de cortafuegos ejecutados en sectores cr\u00edticos de la interfaz urbano-rural, como el Cerro \u00d1ielol, Labranza, Fundo El Carmen y el camino a Chol Chol.<\/p>\n\n\n\n<p>A pesar de la inversi\u00f3n t\u00e9cnica y el trabajo en terreno, alcalde Roberto Neira, enfatiz\u00f3 que el \u00e9xito de estas medidas depende directamente de la colaboraci\u00f3n de los vecinos. \u201cComo municipio hemos cumplido con la construcci\u00f3n de cortafuegos y el monitoreo permanente de las zonas con mayor riesgo de quema, sin embargo, la herramienta m\u00e1s potente contra los incendios es la conducta y el compromiso de toda la ciudadan\u00eda para cuidar no solo las \u00e1reas verdes, sino tambi\u00e9n, evitar la p\u00e9rdida de vidas humanas, las cuales, hasta ahora como capital regional no hemos tenido que lamentar\u201d, coment\u00f3 Neira.<\/p>\n\n\n\n<p>El Director de Gesti\u00f3n de Riesgos y Desastres, Armin Llanos, enfatiz\u00f3 que la seguridad es una responsabilidad compartida, \u201cla prevenci\u00f3n es una tarea colaborativa que trasciende al municipio y al Gobierno; requiere el compromiso de todos. Hacemos un llamado estricto a no generar fogatas bajo ninguna circunstancia y evitar el uso de herramientas que desprendan chispas en zonas de riesgo. Ante cualquier indicio de fuego, la rapidez es vital, contacten de inmediato a CONAF o Bomberos para una respuesta oportuna\u201d.<\/p>\n\n\n\n<p><strong>Recomendaciones<\/strong><\/p>\n\n\n\n<p>Durante las altas temperaturas, se solicita a la comunidad asumir los siguientes compromisos. Limpieza de per\u00edmetros, los vecinos que colindan con sitios eriazos o zonas de vegetaci\u00f3n a mantener sus patios libres de maleza seca y basura. Cero tolerancias al fuego, no realizar asados, fogatas ni quemas de desechos en zonas cercanas a pastizales, un solo descuido puede anular kil\u00f3metros de cortafuegos.<\/p>\n\n\n\n<p>Por otro lado, se insta a la vigilancia comunitaria como &#8220;monitores preventivos&#8221;, denunciando de inmediato cualquier actitud sospechosa o presencia de focos de humo. Y, por \u00faltimo, celebrar de manera segura y responsable, recordando que el uso de fuegos artificiales est\u00e1 prohibido y representa un riesgo cr\u00edtico de incendio estructural y forestal bajo estas temperaturas.<\/p>\n\n\n\n<p>El Comit\u00e9 para la Gesti\u00f3n del Riesgo de Desastres (COGRID) municipal se mantendr\u00e1 en alerta durante toda la festividad, coordinado con Bomberos y CONAF. Ante cualquier emergencia, se solicita a la poblaci\u00f3n comunicarse a los n\u00fameros oficiales. Bomberos: 132, CONAF: 130 y Emergencias Municipales: 1409.<\/p>\n","protected":false},"excerpt":{"rendered":"<div class=\"pvc_clear\"><\/div>\n<p id=\"pvc_stats_60044\" class=\"pvc_stats total_only  \" data-element-id=\"60044\" style=\"\"><i class=\"pvc-stats-icon large\" aria-hidden=\"true\"><svg aria-hidden=\"true\" focusable=\"false\" data-prefix=\"far\" data-icon=\"chart-bar\" role=\"img\" xmlns=\"http:\/\/www.w3.org\/2000\/svg\" viewBox=\"0 0 512 512\" class=\"svg-inline--fa fa-chart-bar fa-w-16 fa-2x\"><path fill=\"currentColor\" d=\"M396.8 352h22.4c6.4 0 12.8-6.4 12.8-12.8V108.8c0-6.4-6.4-12.8-12.8-12.8h-22.4c-6.4 0-12.8 6.4-12.8 12.8v230.4c0 6.4 6.4 12.8 12.8 12.8zm-192 0h22.4c6.4 0 12.8-6.4 12.8-12.8V140.8c0-6.4-6.4-12.8-12.8-12.8h-22.4c-6.4 0-12.8 6.4-12.8 12.8v198.4c0 6.4 6.4 12.8 12.8 12.8zm96 0h22.4c6.4 0 12.8-6.4 12.8-12.8V204.8c0-6.4-6.4-12.8-12.8-12.8h-22.4c-6.4 0-12.8 6.4-12.8 12.8v134.4c0 6.4 6.4 12.8 12.8 12.8zM496 400H48V80c0-8.84-7.16-16-16-16H16C7.16 64 0 71.16 0 80v336c0 17.67 14.33 32 32 32h464c8.84 0 16-7.16 16-16v-16c0-8.84-7.16-16-16-16zm-387.2-48h22.4c6.4 0 12.8-6.4 12.8-12.8v-70.4c0-6.4-6.4-12.8-12.8-12.8h-22.4c-6.4 0-12.8 6.4-12.8 12.8v70.4c0 6.4 6.4 12.8 12.8 12.8z\" class=\"\"><\/path><\/svg><\/i> <img loading=\"lazy\" decoding=\"async\" width=\"16\" height=\"16\" alt=\"Loading\" src=\"https:\/\/temucotelevision.cl\/web\/wp-content\/plugins\/page-views-count\/ajax-loader-2x.gif\" border=0 \/><\/p>\n<div class=\"pvc_clear\"><\/div>\n<p>Ante el pron\u00f3stico de una ola de calor que coincidir\u00e1 con las celebraciones de fin de a\u00f1o, la Municipalidad de<\/p>\n","protected":false},"author":1,"featured_media":60045,"comment_status":"open","ping_status":"open","sticky":false,"template":"","format":"standard","meta":{"colormag_page_container_layout":"default_layout","colormag_page_sidebar_layout":"default_layout","footnotes":""},"categories":[14],"tags":[2173],"class_list":["post-60044","post","type-post","status-publish","format-standard","has-post-thumbnail","hentry","category-temuco","tag-cortafuegos"],"a3_pvc":{"activated":true,"total_views":1877,"today_views":0},"_links":{"self":[{"href":"https:\/\/temucotelevision.cl\/web\/wp-json\/wp\/v2\/posts\/60044","targetHints":{"allow":["GET"]}}],"collection":[{"href":"https:\/\/temucotelevision.cl\/web\/wp-json\/wp\/v2\/posts"}],"about":[{"href":"https:\/\/temucotelevision.cl\/web\/wp-json\/wp\/v2\/types\/post"}],"author":[{"embeddable":true,"href":"https:\/\/temucotelevision.cl\/web\/wp-json\/wp\/v2\/users\/1"}],"replies":[{"embeddable":true,"href":"https:\/\/temucotelevision.cl\/web\/wp-json\/wp\/v2\/comments?post=60044"}],"version-history":[{"count":1,"href":"https:\/\/temucotelevision.cl\/web\/wp-json\/wp\/v2\/posts\/60044\/revisions"}],"predecessor-version":[{"id":60046,"href":"https:\/\/temucotelevision.cl\/web\/wp-json\/wp\/v2\/posts\/60044\/revisions\/60046"}],"wp:featuredmedia":[{"embeddable":true,"href":"https:\/\/temucotelevision.cl\/web\/wp-json\/wp\/v2\/media\/60045"}],"wp:attachment":[{"href":"https:\/\/temucotelevision.cl\/web\/wp-json\/wp\/v2\/media?parent=60044"}],"wp:term":[{"taxonomy":"category","embeddable":true,"href":"https:\/\/temucotelevision.cl\/web\/wp-json\/wp\/v2\/categories?post=60044"},{"taxonomy":"post_tag","embeddable":true,"href":"https:\/\/temucotelevision.cl\/web\/wp-json\/wp\/v2\/tags?post=60044"}],"curies":[{"name":"wp","href":"https:\/\/api.w.org\/{rel}","templated":true}]}}