{"id":59939,"date":"2025-12-26T11:31:02","date_gmt":"2025-12-26T14:31:02","guid":{"rendered":"https:\/\/temucotelevision.cl\/web\/?p=59939"},"modified":"2025-12-26T11:31:02","modified_gmt":"2025-12-26T14:31:02","slug":"auge-en-cifras-proyectan-a-la-araucania-como-uno-de-los-grandes-focos-del-turismo-aventura-en-chile","status":"publish","type":"post","link":"https:\/\/temucotelevision.cl\/web\/2025\/12\/26\/auge-en-cifras-proyectan-a-la-araucania-como-uno-de-los-grandes-focos-del-turismo-aventura-en-chile\/","title":{"rendered":"Auge en cifras proyectan a La Araucan\u00eda como uno de los grandes focos del turismo aventura en Chile"},"content":{"rendered":"<div class=\"pvc_clear\"><\/div><p id=\"pvc_stats_59939\" class=\"pvc_stats total_only  \" data-element-id=\"59939\" style=\"\"><i class=\"pvc-stats-icon large\" aria-hidden=\"true\"><svg aria-hidden=\"true\" focusable=\"false\" data-prefix=\"far\" data-icon=\"chart-bar\" role=\"img\" xmlns=\"http:\/\/www.w3.org\/2000\/svg\" viewBox=\"0 0 512 512\" class=\"svg-inline--fa fa-chart-bar fa-w-16 fa-2x\"><path fill=\"currentColor\" d=\"M396.8 352h22.4c6.4 0 12.8-6.4 12.8-12.8V108.8c0-6.4-6.4-12.8-12.8-12.8h-22.4c-6.4 0-12.8 6.4-12.8 12.8v230.4c0 6.4 6.4 12.8 12.8 12.8zm-192 0h22.4c6.4 0 12.8-6.4 12.8-12.8V140.8c0-6.4-6.4-12.8-12.8-12.8h-22.4c-6.4 0-12.8 6.4-12.8 12.8v198.4c0 6.4 6.4 12.8 12.8 12.8zm96 0h22.4c6.4 0 12.8-6.4 12.8-12.8V204.8c0-6.4-6.4-12.8-12.8-12.8h-22.4c-6.4 0-12.8 6.4-12.8 12.8v134.4c0 6.4 6.4 12.8 12.8 12.8zM496 400H48V80c0-8.84-7.16-16-16-16H16C7.16 64 0 71.16 0 80v336c0 17.67 14.33 32 32 32h464c8.84 0 16-7.16 16-16v-16c0-8.84-7.16-16-16-16zm-387.2-48h22.4c6.4 0 12.8-6.4 12.8-12.8v-70.4c0-6.4-6.4-12.8-12.8-12.8h-22.4c-6.4 0-12.8 6.4-12.8 12.8v70.4c0 6.4 6.4 12.8 12.8 12.8z\" class=\"\"><\/path><\/svg><\/i> <img loading=\"lazy\" decoding=\"async\" width=\"16\" height=\"16\" alt=\"Loading\" src=\"https:\/\/temucotelevision.cl\/web\/wp-content\/plugins\/page-views-count\/ajax-loader-2x.gif\" border=0 \/><\/p><div class=\"pvc_clear\"><\/div>\n<p><strong>La regi\u00f3n vive una temporada marcada por cifras r\u00e9cord de visitantes, un fuerte repunte del empleo y una agenda internacional que busca posicionarla como referente en turismo sostenible. Autoridades y expertos coinciden en que el desaf\u00edo ser\u00e1 mantener este crecimiento sin perder identidad ni equilibrio ambiental.<\/strong><\/p>\n\n\n\n<p>La Regi\u00f3n de La Araucan\u00eda vive un periodo de dinamismo tur\u00edstico que no se ve\u00eda hace a\u00f1os. Con cifras r\u00e9cord de visitantes, nuevos acuerdos de cooperaci\u00f3n entre territorios y una recuperaci\u00f3n sostenida del empleo, el turismo se consolida como uno de los principales motores econ\u00f3micos del sur del pa\u00eds. Sin embargo, el auge tambi\u00e9n abre interrogantes sobre la sustentabilidad, la calidad del trabajo y la distribuci\u00f3n equitativa de los beneficios.<\/p>\n\n\n\n<p>Durante el 2025, Puc\u00f3n volvi\u00f3 a posicionarse como epicentro del turismo nacional e internacional. La comuna cerr\u00f3 la temporada estival 2024-2025 con una ocupaci\u00f3n hotelera promedio del 80,2%, alcanzando peaks de m\u00e1s del 90 % durante eventos como el Ironman. La ascensi\u00f3n al volc\u00e1n Villarrica registr\u00f3 un aumento de 247 % en comparaci\u00f3n con el a\u00f1o anterior, mientras que el turismo en general creci\u00f3 m\u00e1s de un 60 %. \u201cEstos n\u00fameros confirman que Puc\u00f3n sigue siendo un destino l\u00edder, donde naturaleza, aventura y hospitalidad se combinan para ofrecer experiencias \u00fanicas\u201d, se\u00f1al\u00f3 el alcalde Sebasti\u00e1n \u00c1lvarez Ram\u00edrez en declaraciones a Araucan\u00eda Diario.<\/p>\n\n\n\n<p>Pero el crecimiento no se concentra solo en la zona lacustre. En la regi\u00f3n se han fortalecido los v\u00ednculos entre los destinos de la costa y del interior, impulsados por un trabajo asociativo promovido por Sernatur. La idea es articular rutas que permitan al visitante conocer tanto el lago como el mar, integrando atractivos naturales, culturales y gastron\u00f3micos. \u201cEl turismo no debe ser una competencia entre comunas, sino una oportunidad de colaboraci\u00f3n. Si trabajamos juntos, todos ganamos\u201d, comentaron desde Sernatur.<\/p>\n\n\n\n<p>Para \u00c1lvaro Bueno, director de Palgu\u00edn Adventure Park, uno de los focos de turismo aventura m\u00e1s importantes de la regi\u00f3n, \u201cel aumento en el turismo en Puc\u00f3n se debe principalmente a que la municipalidad est\u00e1&nbsp;haciendo un trabajo m\u00e1s colaborativo en t\u00e9rminos transversales, con alianzas, con participaci\u00f3n en ferias, con distintas actividades que han influido en el desarrollo del turismo. Y por otro lado, en el sector privado estamos asumiendo que hay que invertir en marketing y activaciones para poder&nbsp;crecer, llamar la atenci\u00f3n y motivar a los turistas a visitarnos\u201d.<\/p>\n\n\n\n<p>Y agrega: \u201cLa verdad es que tengo un buen balance en relaci\u00f3n a esta segunda mitad del a\u00f1o.&nbsp;Creo que ser\u00e1 una buena temporada alta como resultado de un buen a\u00f1o.&nbsp;Y eso es positivo porque uno no llega tan apretado a la temporada, no tan justo. Finalmente, alargar la temporada siempre es bueno, y aunque hay menos estacionalidad, la gran mayor\u00eda se concentra obviamente en verano.&nbsp;Entonces veo una bonita proyecci\u00f3n\u201d.<\/p>\n\n\n\n<p><strong>Empleo, sostenibilidad y los desaf\u00edos del crecimiento<\/strong><\/p>\n\n\n\n<p>El impulso tur\u00edstico tambi\u00e9n se refleja con fuerza en el empleo. De acuerdo con cifras del Ministerio de Econom\u00eda y del INE, el sector registr\u00f3 691.250 personas ocupadas en el primer trimestre de 2025, un aumento del 6,1 % respecto al mismo per\u00edodo del a\u00f1o anterior. En La Araucan\u00eda, el crecimiento fue todav\u00eda mayor: 33,8 % m\u00e1s empleos vinculados al turismo, lo que equivale a m\u00e1s de 32 mil nuevos puestos. La subsecretaria de Turismo, Ver\u00f3nica Pardo, destac\u00f3 el rol de la industria en la recuperaci\u00f3n econ\u00f3mica: \u201cEl turismo ha demostrado ser una fuente s\u00f3lida de empleo, especialmente en regiones donde otras actividades han estado m\u00e1s rezagadas. La Araucan\u00eda es un ejemplo\u201d.<\/p>\n\n\n\n<p>Los indicadores de ocupaci\u00f3n tambi\u00e9n respaldan este panorama. En enero de 2025, las pernoctaciones en la regi\u00f3n aumentaron 46 % en comparaci\u00f3n con el a\u00f1o anterior, mientras que la ocupaci\u00f3n hotelera promedio lleg\u00f3 al 74 %, alcanzando peaks de 88 % en los destinos lacustres. Adem\u00e1s, la rentabilidad del sector creci\u00f3 m\u00e1s de un 30 %. Otro dato relevante es la fuerte participaci\u00f3n femenina en la actividad tur\u00edstica: el 60 % de los empleos en el rubro est\u00e1n ocupados por mujeres.<\/p>\n\n\n\n<p>\u201cCreo que Puc\u00f3n es en parte responsable que la regi\u00f3n de la Araucan\u00eda est\u00e9 en auge, siendo adem\u00e1s nominado como Mejor Destino Regional de Turismo Aventura del Mundo en los World Travel Awards (WTA). Puc\u00f3n tiene mucho potencial, tiene mucho atractivo en un radio muy acotado de kil\u00f3metros. Entonces, claramente es la capital del turismo aventura, donde puedes desarrollar m\u00e1s de 20 disciplinas. Personalmente, creo que el desaf\u00edo m\u00e1s importante es que logremos una atenci\u00f3n fenomenal. Ah\u00ed est\u00e1 la clave. Puc\u00f3n tiene todo y se pueden lograr cosas grandes\u201d, aseguro \u00c1lvaro Bueno.<\/p>\n\n\n\n<p>Pese al optimismo, los expertos advierten que la expansi\u00f3n del turismo debe ir acompa\u00f1ada de pol\u00edticas que aseguren sostenibilidad y calidad. La presi\u00f3n sobre los ecosistemas, la falta de infraestructura y la precarizaci\u00f3n de algunos empleos son riesgos latentes. Desde organizaciones locales, se insiste en la necesidad de impulsar un turismo responsable que respete la identidad de las comunidades.&nbsp;<\/p>\n\n\n\n<p>El futuro del turismo en La Araucan\u00eda se perfila prometedor, pero desafiante. Las cifras demuestran que la regi\u00f3n est\u00e1 viviendo un renacer, con mayor empleo, eventos internacionales, cooperaci\u00f3n territorial, oferta variada y nuevos turistas. \u201cHay otro tipo de cliente tratando de buscar cierto relajo, pero tambi\u00e9n naturaleza y aventura. Nosotros hemos tenido un auge con muchas actividades de Skyline, Panor\u00e1mica 360, que son propias, \u00fanicas en Chile. La verdad es que la gente las busca, le gusta desafiarse, ya que la mezcla est\u00e1 entre naturaleza y relajo y aventura. En resumen, creo que el futuro es auspicioso para nuestra regi\u00f3n\u201d, concluye el director de Palguin Adventure Park.<\/p>\n\n\n\n<figure class=\"wp-block-image size-large\"><img loading=\"lazy\" decoding=\"async\" width=\"1000\" height=\"563\" src=\"https:\/\/temucotelevision.cl\/web\/wp-content\/uploads\/2025\/12\/Foto3-1000x563.jpg\" alt=\"\" class=\"wp-image-59941\" srcset=\"https:\/\/temucotelevision.cl\/web\/wp-content\/uploads\/2025\/12\/Foto3-1000x563.jpg 1000w, https:\/\/temucotelevision.cl\/web\/wp-content\/uploads\/2025\/12\/Foto3-768x432.jpg 768w, https:\/\/temucotelevision.cl\/web\/wp-content\/uploads\/2025\/12\/Foto3-1536x864.jpg 1536w, https:\/\/temucotelevision.cl\/web\/wp-content\/uploads\/2025\/12\/Foto3.jpg 1920w\" sizes=\"auto, (max-width: 1000px) 100vw, 1000px\" \/><\/figure>\n","protected":false},"excerpt":{"rendered":"<div class=\"pvc_clear\"><\/div>\n<p id=\"pvc_stats_59939\" class=\"pvc_stats total_only  \" data-element-id=\"59939\" style=\"\"><i class=\"pvc-stats-icon large\" aria-hidden=\"true\"><svg aria-hidden=\"true\" focusable=\"false\" data-prefix=\"far\" data-icon=\"chart-bar\" role=\"img\" xmlns=\"http:\/\/www.w3.org\/2000\/svg\" viewBox=\"0 0 512 512\" class=\"svg-inline--fa fa-chart-bar fa-w-16 fa-2x\"><path fill=\"currentColor\" d=\"M396.8 352h22.4c6.4 0 12.8-6.4 12.8-12.8V108.8c0-6.4-6.4-12.8-12.8-12.8h-22.4c-6.4 0-12.8 6.4-12.8 12.8v230.4c0 6.4 6.4 12.8 12.8 12.8zm-192 0h22.4c6.4 0 12.8-6.4 12.8-12.8V140.8c0-6.4-6.4-12.8-12.8-12.8h-22.4c-6.4 0-12.8 6.4-12.8 12.8v198.4c0 6.4 6.4 12.8 12.8 12.8zm96 0h22.4c6.4 0 12.8-6.4 12.8-12.8V204.8c0-6.4-6.4-12.8-12.8-12.8h-22.4c-6.4 0-12.8 6.4-12.8 12.8v134.4c0 6.4 6.4 12.8 12.8 12.8zM496 400H48V80c0-8.84-7.16-16-16-16H16C7.16 64 0 71.16 0 80v336c0 17.67 14.33 32 32 32h464c8.84 0 16-7.16 16-16v-16c0-8.84-7.16-16-16-16zm-387.2-48h22.4c6.4 0 12.8-6.4 12.8-12.8v-70.4c0-6.4-6.4-12.8-12.8-12.8h-22.4c-6.4 0-12.8 6.4-12.8 12.8v70.4c0 6.4 6.4 12.8 12.8 12.8z\" class=\"\"><\/path><\/svg><\/i> <img loading=\"lazy\" decoding=\"async\" width=\"16\" height=\"16\" alt=\"Loading\" src=\"https:\/\/temucotelevision.cl\/web\/wp-content\/plugins\/page-views-count\/ajax-loader-2x.gif\" border=0 \/><\/p>\n<div class=\"pvc_clear\"><\/div>\n<p>La regi\u00f3n vive una temporada marcada por cifras r\u00e9cord de visitantes, un fuerte repunte del empleo y una agenda internacional<\/p>\n","protected":false},"author":1,"featured_media":59940,"comment_status":"open","ping_status":"open","sticky":false,"template":"","format":"standard","meta":{"colormag_page_container_layout":"default_layout","colormag_page_sidebar_layout":"default_layout","footnotes":""},"categories":[15],"tags":[94],"class_list":["post-59939","post","type-post","status-publish","format-standard","has-post-thumbnail","hentry","category-la-araucania","tag-turismo"],"a3_pvc":{"activated":true,"total_views":1044,"today_views":0},"_links":{"self":[{"href":"https:\/\/temucotelevision.cl\/web\/wp-json\/wp\/v2\/posts\/59939","targetHints":{"allow":["GET"]}}],"collection":[{"href":"https:\/\/temucotelevision.cl\/web\/wp-json\/wp\/v2\/posts"}],"about":[{"href":"https:\/\/temucotelevision.cl\/web\/wp-json\/wp\/v2\/types\/post"}],"author":[{"embeddable":true,"href":"https:\/\/temucotelevision.cl\/web\/wp-json\/wp\/v2\/users\/1"}],"replies":[{"embeddable":true,"href":"https:\/\/temucotelevision.cl\/web\/wp-json\/wp\/v2\/comments?post=59939"}],"version-history":[{"count":1,"href":"https:\/\/temucotelevision.cl\/web\/wp-json\/wp\/v2\/posts\/59939\/revisions"}],"predecessor-version":[{"id":59942,"href":"https:\/\/temucotelevision.cl\/web\/wp-json\/wp\/v2\/posts\/59939\/revisions\/59942"}],"wp:featuredmedia":[{"embeddable":true,"href":"https:\/\/temucotelevision.cl\/web\/wp-json\/wp\/v2\/media\/59940"}],"wp:attachment":[{"href":"https:\/\/temucotelevision.cl\/web\/wp-json\/wp\/v2\/media?parent=59939"}],"wp:term":[{"taxonomy":"category","embeddable":true,"href":"https:\/\/temucotelevision.cl\/web\/wp-json\/wp\/v2\/categories?post=59939"},{"taxonomy":"post_tag","embeddable":true,"href":"https:\/\/temucotelevision.cl\/web\/wp-json\/wp\/v2\/tags?post=59939"}],"curies":[{"name":"wp","href":"https:\/\/api.w.org\/{rel}","templated":true}]}}