{"id":59933,"date":"2025-12-26T09:08:11","date_gmt":"2025-12-26T12:08:11","guid":{"rendered":"https:\/\/temucotelevision.cl\/web\/?p=59933"},"modified":"2025-12-26T09:08:12","modified_gmt":"2025-12-26T12:08:12","slug":"el-macha-y-santaferia-se-unen-en-quiero-morirme-de-viejo-una-colaboracion-que-celebra-la-vida-la-fiesta-y-el-arte-callejero","status":"publish","type":"post","link":"https:\/\/temucotelevision.cl\/web\/2025\/12\/26\/el-macha-y-santaferia-se-unen-en-quiero-morirme-de-viejo-una-colaboracion-que-celebra-la-vida-la-fiesta-y-el-arte-callejero\/","title":{"rendered":"El Macha y Santaferia se unen en \u201cQuiero morirme de viejo\u201d: Una colaboraci\u00f3n que celebra la vida, la fiesta y el arte callejero"},"content":{"rendered":"<div class=\"pvc_clear\"><\/div><p id=\"pvc_stats_59933\" class=\"pvc_stats total_only  \" data-element-id=\"59933\" style=\"\"><i class=\"pvc-stats-icon large\" aria-hidden=\"true\"><svg aria-hidden=\"true\" focusable=\"false\" data-prefix=\"far\" data-icon=\"chart-bar\" role=\"img\" xmlns=\"http:\/\/www.w3.org\/2000\/svg\" viewBox=\"0 0 512 512\" class=\"svg-inline--fa fa-chart-bar fa-w-16 fa-2x\"><path fill=\"currentColor\" d=\"M396.8 352h22.4c6.4 0 12.8-6.4 12.8-12.8V108.8c0-6.4-6.4-12.8-12.8-12.8h-22.4c-6.4 0-12.8 6.4-12.8 12.8v230.4c0 6.4 6.4 12.8 12.8 12.8zm-192 0h22.4c6.4 0 12.8-6.4 12.8-12.8V140.8c0-6.4-6.4-12.8-12.8-12.8h-22.4c-6.4 0-12.8 6.4-12.8 12.8v198.4c0 6.4 6.4 12.8 12.8 12.8zm96 0h22.4c6.4 0 12.8-6.4 12.8-12.8V204.8c0-6.4-6.4-12.8-12.8-12.8h-22.4c-6.4 0-12.8 6.4-12.8 12.8v134.4c0 6.4 6.4 12.8 12.8 12.8zM496 400H48V80c0-8.84-7.16-16-16-16H16C7.16 64 0 71.16 0 80v336c0 17.67 14.33 32 32 32h464c8.84 0 16-7.16 16-16v-16c0-8.84-7.16-16-16-16zm-387.2-48h22.4c6.4 0 12.8-6.4 12.8-12.8v-70.4c0-6.4-6.4-12.8-12.8-12.8h-22.4c-6.4 0-12.8 6.4-12.8 12.8v70.4c0 6.4 6.4 12.8 12.8 12.8z\" class=\"\"><\/path><\/svg><\/i> <img loading=\"lazy\" decoding=\"async\" width=\"16\" height=\"16\" alt=\"Loading\" src=\"https:\/\/temucotelevision.cl\/web\/wp-content\/plugins\/page-views-count\/ajax-loader-2x.gif\" border=0 \/><\/p><div class=\"pvc_clear\"><\/div>\n<p>El m\u00fasico y productor El Macha, junto a la banda Santaferia, presentan \u201cQuiero morirme de viejo\u201d (QMDV), una colaboraci\u00f3n que cruza generaciones, estilos y trayectorias dentro de la m\u00fasica popular chilena, reafirmando el esp\u00edritu festivo, colectivo y callejero que ambos proyectos encarnan.<\/p>\n\n\n\n<p>QMDV es el primer single de un EP colaborativo grabado durante este a\u00f1o en un proceso org\u00e1nico, natural y sin artificios en los estudios de El Macha. El trabajo completo ver\u00e1 la luz en febrero, consolidando un encuentro musical donde la amistad, la intuici\u00f3n y la celebraci\u00f3n son el eje creativo.<\/p>\n\n\n\n<p>El lanzamiento viene acompa\u00f1ado de un videoclip dirigido por Pepe Garrido, destacado director chileno de videoclips, que propone una mirada sensible y cr\u00edtica sobre el oficio art\u00edstico. El relato se centra en un mimo que, desde un escenario callejero, enfrenta la indiferencia del p\u00fablico mientras intenta compartir su arte, exponiendo la crudeza y fragilidad del arte callejero y del trabajo creativo en general.<\/p>\n\n\n\n<p>El concepto del video y la canci\u00f3n dialogan desde una met\u00e1fora potente: no dejar morir el arte callejero, incluso cuando el mundo parece darle la espalda. En esta especie de funeral simb\u00f3lico, El Macha y Santaferia \u2014cargadores de la posta del mambo y la fiesta\u2014 interpretan el tema como quienes despiden, pero tambi\u00e9n resisten, celebran y mantienen viva la llama de la cultura popular.<\/p>\n\n\n\n<p>Como parte de este cierre de ciclo, Santaferia confirma adem\u00e1s su tradicional show de fin de a\u00f1o en la Quinta Vergara, un ritual que la banda realiza a\u00f1o a a\u00f1o para despedir diciembre junto a su p\u00fablico, reafirmando el v\u00ednculo con la fiesta, la memoria colectiva y la m\u00fasica en vivo como espacio de encuentro.<\/p>\n\n\n\n<p>\u201cQuiero morirme de viejo\u201d ya se encuentra disponible en plataformas digitales y marca el inicio de un proyecto colaborativo que apuesta por la emoci\u00f3n, la calle y la celebraci\u00f3n como acto de resistencia.<\/p>\n","protected":false},"excerpt":{"rendered":"<div class=\"pvc_clear\"><\/div>\n<p id=\"pvc_stats_59933\" class=\"pvc_stats total_only  \" data-element-id=\"59933\" style=\"\"><i class=\"pvc-stats-icon large\" aria-hidden=\"true\"><svg aria-hidden=\"true\" focusable=\"false\" data-prefix=\"far\" data-icon=\"chart-bar\" role=\"img\" xmlns=\"http:\/\/www.w3.org\/2000\/svg\" viewBox=\"0 0 512 512\" class=\"svg-inline--fa fa-chart-bar fa-w-16 fa-2x\"><path fill=\"currentColor\" d=\"M396.8 352h22.4c6.4 0 12.8-6.4 12.8-12.8V108.8c0-6.4-6.4-12.8-12.8-12.8h-22.4c-6.4 0-12.8 6.4-12.8 12.8v230.4c0 6.4 6.4 12.8 12.8 12.8zm-192 0h22.4c6.4 0 12.8-6.4 12.8-12.8V140.8c0-6.4-6.4-12.8-12.8-12.8h-22.4c-6.4 0-12.8 6.4-12.8 12.8v198.4c0 6.4 6.4 12.8 12.8 12.8zm96 0h22.4c6.4 0 12.8-6.4 12.8-12.8V204.8c0-6.4-6.4-12.8-12.8-12.8h-22.4c-6.4 0-12.8 6.4-12.8 12.8v134.4c0 6.4 6.4 12.8 12.8 12.8zM496 400H48V80c0-8.84-7.16-16-16-16H16C7.16 64 0 71.16 0 80v336c0 17.67 14.33 32 32 32h464c8.84 0 16-7.16 16-16v-16c0-8.84-7.16-16-16-16zm-387.2-48h22.4c6.4 0 12.8-6.4 12.8-12.8v-70.4c0-6.4-6.4-12.8-12.8-12.8h-22.4c-6.4 0-12.8 6.4-12.8 12.8v70.4c0 6.4 6.4 12.8 12.8 12.8z\" class=\"\"><\/path><\/svg><\/i> <img loading=\"lazy\" decoding=\"async\" width=\"16\" height=\"16\" alt=\"Loading\" src=\"https:\/\/temucotelevision.cl\/web\/wp-content\/plugins\/page-views-count\/ajax-loader-2x.gif\" border=0 \/><\/p>\n<div class=\"pvc_clear\"><\/div>\n<p>El m\u00fasico y productor El Macha, junto a la banda Santaferia, presentan \u201cQuiero morirme de viejo\u201d (QMDV), una colaboraci\u00f3n que<\/p>\n","protected":false},"author":1,"featured_media":59934,"comment_status":"open","ping_status":"open","sticky":false,"template":"","format":"standard","meta":{"colormag_page_container_layout":"default_layout","colormag_page_sidebar_layout":"default_layout","footnotes":""},"categories":[369],"tags":[1285],"class_list":["post-59933","post","type-post","status-publish","format-standard","has-post-thumbnail","hentry","category-musica","tag-bandas"],"a3_pvc":{"activated":true,"total_views":837,"today_views":0},"_links":{"self":[{"href":"https:\/\/temucotelevision.cl\/web\/wp-json\/wp\/v2\/posts\/59933","targetHints":{"allow":["GET"]}}],"collection":[{"href":"https:\/\/temucotelevision.cl\/web\/wp-json\/wp\/v2\/posts"}],"about":[{"href":"https:\/\/temucotelevision.cl\/web\/wp-json\/wp\/v2\/types\/post"}],"author":[{"embeddable":true,"href":"https:\/\/temucotelevision.cl\/web\/wp-json\/wp\/v2\/users\/1"}],"replies":[{"embeddable":true,"href":"https:\/\/temucotelevision.cl\/web\/wp-json\/wp\/v2\/comments?post=59933"}],"version-history":[{"count":1,"href":"https:\/\/temucotelevision.cl\/web\/wp-json\/wp\/v2\/posts\/59933\/revisions"}],"predecessor-version":[{"id":59935,"href":"https:\/\/temucotelevision.cl\/web\/wp-json\/wp\/v2\/posts\/59933\/revisions\/59935"}],"wp:featuredmedia":[{"embeddable":true,"href":"https:\/\/temucotelevision.cl\/web\/wp-json\/wp\/v2\/media\/59934"}],"wp:attachment":[{"href":"https:\/\/temucotelevision.cl\/web\/wp-json\/wp\/v2\/media?parent=59933"}],"wp:term":[{"taxonomy":"category","embeddable":true,"href":"https:\/\/temucotelevision.cl\/web\/wp-json\/wp\/v2\/categories?post=59933"},{"taxonomy":"post_tag","embeddable":true,"href":"https:\/\/temucotelevision.cl\/web\/wp-json\/wp\/v2\/tags?post=59933"}],"curies":[{"name":"wp","href":"https:\/\/api.w.org\/{rel}","templated":true}]}}