{"id":59526,"date":"2025-11-30T23:18:15","date_gmt":"2025-12-01T02:18:15","guid":{"rendered":"https:\/\/temucotelevision.cl\/web\/?p=59526"},"modified":"2025-11-30T23:18:16","modified_gmt":"2025-12-01T02:18:16","slug":"ana-llao-oficializa-su-candidatura-al-consejo-nacional-de-la-conadi-para-el-periodo-2026-2030","status":"publish","type":"post","link":"https:\/\/temucotelevision.cl\/web\/2025\/11\/30\/ana-llao-oficializa-su-candidatura-al-consejo-nacional-de-la-conadi-para-el-periodo-2026-2030\/","title":{"rendered":"Ana Llao oficializa su candidatura al Consejo Nacional de la CONADI para el periodo 2026\u20132030"},"content":{"rendered":"<div class=\"pvc_clear\"><\/div><p id=\"pvc_stats_59526\" class=\"pvc_stats total_only  \" data-element-id=\"59526\" style=\"\"><i class=\"pvc-stats-icon large\" aria-hidden=\"true\"><svg aria-hidden=\"true\" focusable=\"false\" data-prefix=\"far\" data-icon=\"chart-bar\" role=\"img\" xmlns=\"http:\/\/www.w3.org\/2000\/svg\" viewBox=\"0 0 512 512\" class=\"svg-inline--fa fa-chart-bar fa-w-16 fa-2x\"><path fill=\"currentColor\" d=\"M396.8 352h22.4c6.4 0 12.8-6.4 12.8-12.8V108.8c0-6.4-6.4-12.8-12.8-12.8h-22.4c-6.4 0-12.8 6.4-12.8 12.8v230.4c0 6.4 6.4 12.8 12.8 12.8zm-192 0h22.4c6.4 0 12.8-6.4 12.8-12.8V140.8c0-6.4-6.4-12.8-12.8-12.8h-22.4c-6.4 0-12.8 6.4-12.8 12.8v198.4c0 6.4 6.4 12.8 12.8 12.8zm96 0h22.4c6.4 0 12.8-6.4 12.8-12.8V204.8c0-6.4-6.4-12.8-12.8-12.8h-22.4c-6.4 0-12.8 6.4-12.8 12.8v134.4c0 6.4 6.4 12.8 12.8 12.8zM496 400H48V80c0-8.84-7.16-16-16-16H16C7.16 64 0 71.16 0 80v336c0 17.67 14.33 32 32 32h464c8.84 0 16-7.16 16-16v-16c0-8.84-7.16-16-16-16zm-387.2-48h22.4c6.4 0 12.8-6.4 12.8-12.8v-70.4c0-6.4-6.4-12.8-12.8-12.8h-22.4c-6.4 0-12.8 6.4-12.8 12.8v70.4c0 6.4 6.4 12.8 12.8 12.8z\" class=\"\"><\/path><\/svg><\/i> <img loading=\"lazy\" decoding=\"async\" width=\"16\" height=\"16\" alt=\"Loading\" src=\"https:\/\/temucotelevision.cl\/web\/wp-content\/plugins\/page-views-count\/ajax-loader-2x.gif\" border=0 \/><\/p><div class=\"pvc_clear\"><\/div>\n<p>La dirigenta hist\u00f3rica&nbsp;<strong>Ana Llao<\/strong>, reconocida por su trayectoria en el movimiento mapuche y actual consejera nacional,&nbsp;<strong>oficializ\u00f3 hoy su candidatura al Consejo Nacional de la CONADI para el periodo 2026\u20132030<\/strong>, culminando el proceso de inscripci\u00f3n cuyo plazo concluye este 4 de diciembre.<\/p>\n\n\n\n<p>En la instancia, Llao estuvo acompa\u00f1ada por diversos&nbsp;<strong>dirigentes de Malleco y Cautin<\/strong>, quienes expresaron su respaldo a la continuidad de su labor dentro de la institucionalidad ind\u00edgena. Las elecciones \u2013 de car\u00e1cter voluntario &#8211;&nbsp; para la conformaci\u00f3n del nuevo Consejo est\u00e1n programadas para&nbsp;<strong>abril de 2026<\/strong>.<\/p>\n\n\n\n<p>Tras registrar formalmente su postulaci\u00f3n, Ana Llao declar\u00f3:&nbsp;<strong>\u201cEsta candidatura es un compromiso con la defensa de los derechos colectivos que los pueblos originarios hemos conquistado con esfuerzo y organizaci\u00f3n. Nuestro desaf\u00edo es resguardarlos y seguir avanzando.\u201d<\/strong><\/p>\n\n\n\n<p>La dirigenta agreg\u00f3 que su objetivo central es mantener una representaci\u00f3n activa y vigilante dentro de la CONADI:&nbsp;<strong>\u201cEl Consejo debe seguir siendo un espacio donde las comunidades tengan voz real. Aqu\u00ed no solo se debate pol\u00edtica p\u00fablica: aqu\u00ed se resguarda territorio, cultura, agua, econom\u00eda, educaci\u00f3n y dignidad.\u201d<\/strong><\/p>\n\n\n\n<p>Dirigentes presentes destacaron que la inscripci\u00f3n de Llao refuerza la importancia de contar con referentes con trayectoria territorial en un proceso considerado clave para el fortalecimiento de la participaci\u00f3n ind\u00edgena en las decisiones del Estado.<\/p>\n","protected":false},"excerpt":{"rendered":"<div class=\"pvc_clear\"><\/div>\n<p id=\"pvc_stats_59526\" class=\"pvc_stats total_only  \" data-element-id=\"59526\" style=\"\"><i class=\"pvc-stats-icon large\" aria-hidden=\"true\"><svg aria-hidden=\"true\" focusable=\"false\" data-prefix=\"far\" data-icon=\"chart-bar\" role=\"img\" xmlns=\"http:\/\/www.w3.org\/2000\/svg\" viewBox=\"0 0 512 512\" class=\"svg-inline--fa fa-chart-bar fa-w-16 fa-2x\"><path fill=\"currentColor\" d=\"M396.8 352h22.4c6.4 0 12.8-6.4 12.8-12.8V108.8c0-6.4-6.4-12.8-12.8-12.8h-22.4c-6.4 0-12.8 6.4-12.8 12.8v230.4c0 6.4 6.4 12.8 12.8 12.8zm-192 0h22.4c6.4 0 12.8-6.4 12.8-12.8V140.8c0-6.4-6.4-12.8-12.8-12.8h-22.4c-6.4 0-12.8 6.4-12.8 12.8v198.4c0 6.4 6.4 12.8 12.8 12.8zm96 0h22.4c6.4 0 12.8-6.4 12.8-12.8V204.8c0-6.4-6.4-12.8-12.8-12.8h-22.4c-6.4 0-12.8 6.4-12.8 12.8v134.4c0 6.4 6.4 12.8 12.8 12.8zM496 400H48V80c0-8.84-7.16-16-16-16H16C7.16 64 0 71.16 0 80v336c0 17.67 14.33 32 32 32h464c8.84 0 16-7.16 16-16v-16c0-8.84-7.16-16-16-16zm-387.2-48h22.4c6.4 0 12.8-6.4 12.8-12.8v-70.4c0-6.4-6.4-12.8-12.8-12.8h-22.4c-6.4 0-12.8 6.4-12.8 12.8v70.4c0 6.4 6.4 12.8 12.8 12.8z\" class=\"\"><\/path><\/svg><\/i> <img loading=\"lazy\" decoding=\"async\" width=\"16\" height=\"16\" alt=\"Loading\" src=\"https:\/\/temucotelevision.cl\/web\/wp-content\/plugins\/page-views-count\/ajax-loader-2x.gif\" border=0 \/><\/p>\n<div class=\"pvc_clear\"><\/div>\n<p>La dirigenta hist\u00f3rica&nbsp;Ana Llao, reconocida por su trayectoria en el movimiento mapuche y actual consejera nacional,&nbsp;oficializ\u00f3 hoy su candidatura al<\/p>\n","protected":false},"author":1,"featured_media":59527,"comment_status":"open","ping_status":"open","sticky":false,"template":"","format":"standard","meta":{"colormag_page_container_layout":"default_layout","colormag_page_sidebar_layout":"default_layout","footnotes":""},"categories":[84],"tags":[3333],"class_list":["post-59526","post","type-post","status-publish","format-standard","has-post-thumbnail","hentry","category-politica","tag-candidatura"],"a3_pvc":{"activated":true,"total_views":823,"today_views":0},"_links":{"self":[{"href":"https:\/\/temucotelevision.cl\/web\/wp-json\/wp\/v2\/posts\/59526","targetHints":{"allow":["GET"]}}],"collection":[{"href":"https:\/\/temucotelevision.cl\/web\/wp-json\/wp\/v2\/posts"}],"about":[{"href":"https:\/\/temucotelevision.cl\/web\/wp-json\/wp\/v2\/types\/post"}],"author":[{"embeddable":true,"href":"https:\/\/temucotelevision.cl\/web\/wp-json\/wp\/v2\/users\/1"}],"replies":[{"embeddable":true,"href":"https:\/\/temucotelevision.cl\/web\/wp-json\/wp\/v2\/comments?post=59526"}],"version-history":[{"count":1,"href":"https:\/\/temucotelevision.cl\/web\/wp-json\/wp\/v2\/posts\/59526\/revisions"}],"predecessor-version":[{"id":59528,"href":"https:\/\/temucotelevision.cl\/web\/wp-json\/wp\/v2\/posts\/59526\/revisions\/59528"}],"wp:featuredmedia":[{"embeddable":true,"href":"https:\/\/temucotelevision.cl\/web\/wp-json\/wp\/v2\/media\/59527"}],"wp:attachment":[{"href":"https:\/\/temucotelevision.cl\/web\/wp-json\/wp\/v2\/media?parent=59526"}],"wp:term":[{"taxonomy":"category","embeddable":true,"href":"https:\/\/temucotelevision.cl\/web\/wp-json\/wp\/v2\/categories?post=59526"},{"taxonomy":"post_tag","embeddable":true,"href":"https:\/\/temucotelevision.cl\/web\/wp-json\/wp\/v2\/tags?post=59526"}],"curies":[{"name":"wp","href":"https:\/\/api.w.org\/{rel}","templated":true}]}}