{"id":59503,"date":"2025-11-30T20:18:25","date_gmt":"2025-11-30T23:18:25","guid":{"rendered":"https:\/\/temucotelevision.cl\/web\/?p=59503"},"modified":"2025-11-30T20:18:26","modified_gmt":"2025-11-30T23:18:26","slug":"chile-se-une-nuevamente-por-la-teleton-y-alcanza-su-meta-en-el-estadio-nacional","status":"publish","type":"post","link":"https:\/\/temucotelevision.cl\/web\/2025\/11\/30\/chile-se-une-nuevamente-por-la-teleton-y-alcanza-su-meta-en-el-estadio-nacional\/","title":{"rendered":"Chile se une nuevamente por la Telet\u00f3n y alcanza su meta en el Estadio Nacional"},"content":{"rendered":"<div class=\"pvc_clear\"><\/div><p id=\"pvc_stats_59503\" class=\"pvc_stats total_only  \" data-element-id=\"59503\" style=\"\"><i class=\"pvc-stats-icon large\" aria-hidden=\"true\"><svg aria-hidden=\"true\" focusable=\"false\" data-prefix=\"far\" data-icon=\"chart-bar\" role=\"img\" xmlns=\"http:\/\/www.w3.org\/2000\/svg\" viewBox=\"0 0 512 512\" class=\"svg-inline--fa fa-chart-bar fa-w-16 fa-2x\"><path fill=\"currentColor\" d=\"M396.8 352h22.4c6.4 0 12.8-6.4 12.8-12.8V108.8c0-6.4-6.4-12.8-12.8-12.8h-22.4c-6.4 0-12.8 6.4-12.8 12.8v230.4c0 6.4 6.4 12.8 12.8 12.8zm-192 0h22.4c6.4 0 12.8-6.4 12.8-12.8V140.8c0-6.4-6.4-12.8-12.8-12.8h-22.4c-6.4 0-12.8 6.4-12.8 12.8v198.4c0 6.4 6.4 12.8 12.8 12.8zm96 0h22.4c6.4 0 12.8-6.4 12.8-12.8V204.8c0-6.4-6.4-12.8-12.8-12.8h-22.4c-6.4 0-12.8 6.4-12.8 12.8v134.4c0 6.4 6.4 12.8 12.8 12.8zM496 400H48V80c0-8.84-7.16-16-16-16H16C7.16 64 0 71.16 0 80v336c0 17.67 14.33 32 32 32h464c8.84 0 16-7.16 16-16v-16c0-8.84-7.16-16-16-16zm-387.2-48h22.4c6.4 0 12.8-6.4 12.8-12.8v-70.4c0-6.4-6.4-12.8-12.8-12.8h-22.4c-6.4 0-12.8 6.4-12.8 12.8v70.4c0 6.4 6.4 12.8 12.8 12.8z\" class=\"\"><\/path><\/svg><\/i> <img loading=\"lazy\" decoding=\"async\" width=\"16\" height=\"16\" alt=\"Loading\" src=\"https:\/\/temucotelevision.cl\/web\/wp-content\/plugins\/page-views-count\/ajax-loader-2x.gif\" border=0 \/><\/p><div class=\"pvc_clear\"><\/div>\n<ul class=\"wp-block-list\">\n<li>La cruzada solidaria volvi\u00f3 a tener un emocionante cierre en el coliseo \u00f1u\u00f1o\u00edno, con miles de personas en las tribunas y un pa\u00eds siguiendo la transmisi\u00f3n por televisi\u00f3n y plataformas digitales.<\/li>\n\n\n\n<li>A las 01:45 horas de este domingo<strong>\u00a0<\/strong>el tablero marc\u00f3\u00a0<strong>$44.253.268.546,<\/strong>\u00a0cifra que permitir\u00e1 seguir rehabilitando a m\u00e1s de 32 mil ni\u00f1os, ni\u00f1as, j\u00f3venes y sus familias en los 14 institutos Telet\u00f3n del pa\u00eds, a los que se sumar\u00e1n dos nuevos centros de aqu\u00ed al pr\u00f3ximo a\u00f1o.<\/li>\n<\/ul>\n\n\n\n<p>En medio de una gran emoci\u00f3n y la alegr\u00eda por el cierre de una nueva campa\u00f1a solidaria, la Telet\u00f3n 2025 culmin\u00f3 de madrugada su campa\u00f1a televisiva de 27 horas de transmisi\u00f3n con un gran espect\u00e1culo en el Estadio Nacional, recinto al que el evento volvi\u00f3 a tablero vuelto -luego de tres a\u00f1os de ausencia- y con millones de personas siguiendo la cruzada desde sus hogares.<\/p>\n\n\n\n<p>A las 01:45 horas el tradicional tablero mostr\u00f3&nbsp;<strong>$44.253.268.546,<\/strong>&nbsp;monto que permitir\u00e1 seguir entregando rehabilitaci\u00f3n integral y gratuita a m\u00e1s de 32 mil ni\u00f1os, ni\u00f1as, j\u00f3venes y sus familias en los 14 institutos Telet\u00f3n de Arica a Ays\u00e9n, y que de aqu\u00ed a 2026 sumar\u00e1 dos centros m\u00e1s en Rancagua y Chill\u00e1n.<\/p>\n\n\n\n<p>Luego de leer el c\u00f3mputo final y en el balance de la noche y la campa\u00f1a realizada en el mismo Estadio Nacional, Mario Kreutzberger, cofundador y director honorario de Telet\u00f3n se\u00f1al\u00f3 que&nbsp;<strong>\u201cfue una jornada larga, dura, dif\u00edcil. Tenemos que agradecerle a todo Chile, a los empresarios, a nuestros auspiciadores, a todos los que nos colaboraron. El pr\u00f3ximo a\u00f1o tendremos 16 institutos; uno nuevo en Rancagua y otro en Chill\u00e1n. Estamos muy contentos\u201d<\/strong>.<\/p>\n\n\n\n<p>Don Francisco habl\u00f3 luego con la prensa acompa\u00f1ado por los animadores de los canales de Televisi\u00f3n que realizan la transmisi\u00f3n de cierre de la campa\u00f1a; por Guillermo Tagle, presidente del directorio de Telet\u00f3n; Mar\u00eda Jos\u00e9 Zald\u00edvar, directora general de Fundaci\u00f3n Telet\u00f3n; y por el presidente de ANATEL, Pablo Vidal.<\/p>\n\n\n\n<p>\u201cCuando mucha gente nos pregunta: \u2018Bueno, y la Telet\u00f3n, \u00bfqu\u00e9 va a pasar cuando Mario ya no tenga la posibilidad de pararse aqu\u00ed, en este escenario?\u2019, la respuesta est\u00e1 a la vista: tenemos a todo este equipo, ya preparado, son disc\u00edpulos que han hecho posible esto durante muchos a\u00f1os. As\u00ed es que la Telet\u00f3n tiene para muchos a\u00f1os m\u00e1s de vida. Y un comentario sobre el momento en que la hemos hecho: para nosotros, la Telet\u00f3n se ha convertido en un instrumento de unidad en este pa\u00eds\u201d, dijo Guillermo Tagle, a modo de agradecimiento a los embajadores televisivos.<\/p>\n\n\n\n<p>Mar\u00eda Jos\u00e9 Zald\u00edvar tambi\u00e9n hizo un agradecimiento a Anatel y los animadores, y explic\u00f3 la importancia que Telet\u00f3n siga creciendo gracias al aporte de las personas. \u201cTal como plantea don Francisco, hoy contamos con 14 centros y el pr\u00f3ximo a\u00f1o vamos a tener dos m\u00e1s en funcionamiento. Y eso no es casualidad: lo que estamos buscando es acercar la Telet\u00f3n a cada rinc\u00f3n de Chile, para que la rehabilitaci\u00f3n y la inclusi\u00f3n sean una realidad&#8221;, sostuvo.&nbsp;<\/p>\n\n\n\n<p>Por su parte, Pablo Vidal, en nombre de Anatel, destac\u00f3 que \u201cla Telet\u00f3n nos recuerda el pa\u00eds maravilloso que somos. Un pa\u00eds incre\u00edble, lleno de muchas m\u00e1s cosas buenas que malas. Ojal\u00e1 la Telet\u00f3n nos siga regalando, por muchos a\u00f1os m\u00e1s, este momento de unidad, para que nos acordemos todos los d\u00edas del maravilloso pa\u00eds que es Chile y, por supuesto, de su gente. Porque, al final, la Telet\u00f3n se construye con el aporte de cada persona, incluso el m\u00e1s peque\u00f1ito, desde cualquier rinc\u00f3n del pa\u00eds. Son ellos los que hacen posible todo esto\u201d, dijo.<\/p>\n\n\n\n<p><strong>Una gran jornada con cierre en el Estadio Nacional<\/strong><\/p>\n\n\n\n<p>La jornada final comenz\u00f3 pasadas las 22.00 horas, cuando se dio inicio al espect\u00e1culo central en el Estadio Nacional junto a la voz de la destacada cantante chilena,&nbsp;<strong>Myriam Hern\u00e1ndez,&nbsp;<\/strong>int\u00e9rprete del himno de la campa\u00f1a Telet\u00f3n 2025.&nbsp;<\/p>\n\n\n\n<p>Sobre el escenario, adem\u00e1s, se presentaron artistas nacionales e internacionales como&nbsp;<strong>Pablo Albor\u00e1n, Z\u00fambale Primo, Ana Torroja, Emilia Dides, Bray On y Nico Ruiz, Lucero, Mar\u00eda Jos\u00e9 Quintanilla, Jean Paul Olhaberry, Stefan Kramer, Gino Mella, Paulina Rubio y Noche de Brujas<\/strong>, que hicieron cantar y bailar al p\u00fablico en las tribunas y frente a los televisores en todo Chile, reforzando el llamado a donar a la cuenta 24.500-03.<\/p>\n\n\n\n<p>Uno de los momentos m\u00e1s emotivos de la noche fue el protagonizado por la artista espa\u00f1ola,&nbsp;<strong>Ana Torroja<\/strong>, quien abri\u00f3 su presentaci\u00f3n con el cl\u00e1sico \u201cMujer contra Mujer\u201d, la que hizo cantar a las miles de almas que repletaron el coliseo \u00f1u\u00f1oino.<\/p>\n\n\n\n<p>La jornada tambi\u00e9n dej\u00f3 un momento especialmente emotivo con la presentaci\u00f3n de&nbsp;<strong>Emilia Dides, Bray On y Nico Ruiz<\/strong>. A este tr\u00edo se sum\u00f3 el m\u00fasico y usuario de Telet\u00f3n,&nbsp;<strong>Jeremy Rojas<\/strong>, quien aport\u00f3 su voz y sensibilidad para interpretar \u201cHoy\u201d, canci\u00f3n de la artista cubana, Gloria Stefan.&nbsp;<\/p>\n\n\n\n<p>El humor tambi\u00e9n tuvo un momento estelar con la presentaci\u00f3n de&nbsp;<strong>Stefan Kramer<\/strong>, uno de los n\u00fameros m\u00e1s tradicionales y esperados de cada Telet\u00f3n. El comediante hizo re\u00edr al Estadio Nacional y a quienes segu\u00edan la transmisi\u00f3n desde sus casas, con una imitaci\u00f3n del cantante mexicano, Cristi\u00e1n Castro. Su show se convirti\u00f3 una vez m\u00e1s en uno de los hitos de la noche y ayud\u00f3 a mantener el entusiasmo y el esp\u00edritu solidario hasta el momento del c\u00f3mputo final.<\/p>\n\n\n\n<p>Ya durante la madrugada del domingo,&nbsp;<strong>Paulina Rubi\u00f3<\/strong>&nbsp;subi\u00f3 al escenario para presentar una bater\u00eda de \u00e9xitos. Uno de ellos fue \u201cYo no soy esa mujer\u201d, canci\u00f3n que fue interpretada a d\u00fao junto a la cantante nacional y fen\u00f3meno de las redes sociales,&nbsp;<strong>Katteyes<\/strong>.<\/p>\n\n\n\n<figure class=\"wp-block-image size-large\"><img loading=\"lazy\" decoding=\"async\" width=\"1000\" height=\"666\" src=\"https:\/\/temucotelevision.cl\/web\/wp-content\/uploads\/2025\/11\/Teleton2025_2-1000x666.jpg\" alt=\"\" class=\"wp-image-59505\" srcset=\"https:\/\/temucotelevision.cl\/web\/wp-content\/uploads\/2025\/11\/Teleton2025_2-1000x666.jpg 1000w, https:\/\/temucotelevision.cl\/web\/wp-content\/uploads\/2025\/11\/Teleton2025_2-768x512.jpg 768w, https:\/\/temucotelevision.cl\/web\/wp-content\/uploads\/2025\/11\/Teleton2025_2.jpg 1280w\" sizes=\"auto, (max-width: 1000px) 100vw, 1000px\" \/><\/figure>\n\n\n\n<p><br><strong>Digit\u00f3n<\/strong><\/p>\n\n\n\n<p>Otro de los puntos que destac\u00f3 en esta Telet\u00f3n 2025, fue la Digit\u00f3n, la transmisi\u00f3n a trav\u00e9s de plataformas digitales de la cruzada solidaria enfocada en nuevas audiencias. Con la presencia de casi 40 influencers, entre los que destacaron Tati Fern\u00e1ndez, Julitroz, ICata, Oliver B\u00f6rner y m\u00e1s; lleg\u00f3 a m\u00e1s de 300 mil personas que siguieron estas 27 horas de solidaridad de una manera diversa y diferente.&nbsp;<\/p>\n\n\n\n<p><strong>Un pa\u00eds unido por la rehabilitaci\u00f3n<\/strong><\/p>\n\n\n\n<p>Durante toda la jornada, los aportes llegaron desde cada rinc\u00f3n del pa\u00eds a trav\u00e9s de los canales habilitados por Banco de Chile, la banca digital y las plataformas de donaci\u00f3n en l\u00ednea, adem\u00e1s de diversas actividades comunitarias y campa\u00f1as de empresas y organizaciones sociales realizadas en distintas ciudades y localidades del pa\u00eds.<\/p>\n\n\n\n<p>Durante la jornada del s\u00e1bado los institutos Telet\u00f3n abrieron sus puertas para ofrecer actividades abiertas a la comunidad e invitarlos a apoyar la campa\u00f1a Telet\u00f3n realizando un aporte en las cajas auxiliares de Banco de Chile habilitadas. En cada ciudad y comuna del pa\u00eds se organizaron en bingos, actividades deportivas, shows art\u00edsticos y colectas, todos con un mismo objetivo: aportar para que la Telet\u00f3n pueda seguir creciendo y ampliando su red de atenci\u00f3n infanto juvenil.<\/p>\n\n\n\n<p>Un hito especial se realiz\u00f3 en el frontis del futuro Instituto Telet\u00f3n de O\u2019Higgins, pr\u00f3ximo a su entrega e inauguraci\u00f3n, donde el gobierno regional organiz\u00f3 una gran jornada de actividades para convocar a la comunidad local a sumarse a la campa\u00f1a.<\/p>\n\n\n\n<p><strong>Lo que se logra con cada aporte<\/strong><\/p>\n\n\n\n<p>Los recursos recaudados en esta campa\u00f1a permitir\u00e1n financiar, por un a\u00f1o m\u00e1s, terapias de rehabilitaci\u00f3n, cirug\u00edas, ex\u00e1menes, tecnolog\u00eda de apoyo, talleres de inclusi\u00f3n laboral y apoyo psicosocial a ni\u00f1os, ni\u00f1as, j\u00f3venes y sus familias; adem\u00e1s de seguir fortaleciendo el trabajo de los equipos m\u00e9dicos, terap\u00e9uticos y profesionales que d\u00eda a d\u00eda atienden en los institutos de todo el pa\u00eds.<\/p>\n\n\n\n<p>El detalle del trabajo realizado en los institutos Telet\u00f3n gracias a la campa\u00f1a solidaria que se realiza desde hace 47 a\u00f1os en el pa\u00eds, est\u00e1 disponible en el portal de Transparencia de la instituci\u00f3n (<a href=\"https:\/\/transparencia.teleton.cl\/\"><u>https:\/\/transparencia.teleton.cl\/<\/u><\/a>).<\/p>\n\n\n\n<p>\u201cTu coraz\u00f3n es el coraz\u00f3n de la Telet\u00f3n\u201d fue el lema que acompa\u00f1\u00f3 esta campa\u00f1a 2025, y esta noche en el Estadio Nacional volvi\u00f3 a quedar claro que, cuando Chile se une, la inclusi\u00f3n y la rehabilitaci\u00f3n avanzan un paso m\u00e1s.<\/p>\n\n\n\n<p>*<\/p>\n","protected":false},"excerpt":{"rendered":"<div class=\"pvc_clear\"><\/div>\n<p id=\"pvc_stats_59503\" class=\"pvc_stats total_only  \" data-element-id=\"59503\" style=\"\"><i class=\"pvc-stats-icon large\" aria-hidden=\"true\"><svg aria-hidden=\"true\" focusable=\"false\" data-prefix=\"far\" data-icon=\"chart-bar\" role=\"img\" xmlns=\"http:\/\/www.w3.org\/2000\/svg\" viewBox=\"0 0 512 512\" class=\"svg-inline--fa fa-chart-bar fa-w-16 fa-2x\"><path fill=\"currentColor\" d=\"M396.8 352h22.4c6.4 0 12.8-6.4 12.8-12.8V108.8c0-6.4-6.4-12.8-12.8-12.8h-22.4c-6.4 0-12.8 6.4-12.8 12.8v230.4c0 6.4 6.4 12.8 12.8 12.8zm-192 0h22.4c6.4 0 12.8-6.4 12.8-12.8V140.8c0-6.4-6.4-12.8-12.8-12.8h-22.4c-6.4 0-12.8 6.4-12.8 12.8v198.4c0 6.4 6.4 12.8 12.8 12.8zm96 0h22.4c6.4 0 12.8-6.4 12.8-12.8V204.8c0-6.4-6.4-12.8-12.8-12.8h-22.4c-6.4 0-12.8 6.4-12.8 12.8v134.4c0 6.4 6.4 12.8 12.8 12.8zM496 400H48V80c0-8.84-7.16-16-16-16H16C7.16 64 0 71.16 0 80v336c0 17.67 14.33 32 32 32h464c8.84 0 16-7.16 16-16v-16c0-8.84-7.16-16-16-16zm-387.2-48h22.4c6.4 0 12.8-6.4 12.8-12.8v-70.4c0-6.4-6.4-12.8-12.8-12.8h-22.4c-6.4 0-12.8 6.4-12.8 12.8v70.4c0 6.4 6.4 12.8 12.8 12.8z\" class=\"\"><\/path><\/svg><\/i> <img loading=\"lazy\" decoding=\"async\" width=\"16\" height=\"16\" alt=\"Loading\" src=\"https:\/\/temucotelevision.cl\/web\/wp-content\/plugins\/page-views-count\/ajax-loader-2x.gif\" border=0 \/><\/p>\n<div class=\"pvc_clear\"><\/div>\n<p>En medio de una gran emoci\u00f3n y la alegr\u00eda por el cierre de una nueva campa\u00f1a solidaria, la Telet\u00f3n 2025<\/p>\n","protected":false},"author":1,"featured_media":59504,"comment_status":"open","ping_status":"open","sticky":false,"template":"","format":"standard","meta":{"colormag_page_container_layout":"default_layout","colormag_page_sidebar_layout":"default_layout","footnotes":""},"categories":[15],"tags":[1989],"class_list":["post-59503","post","type-post","status-publish","format-standard","has-post-thumbnail","hentry","category-la-araucania","tag-teleton"],"a3_pvc":{"activated":true,"total_views":7849,"today_views":0},"_links":{"self":[{"href":"https:\/\/temucotelevision.cl\/web\/wp-json\/wp\/v2\/posts\/59503","targetHints":{"allow":["GET"]}}],"collection":[{"href":"https:\/\/temucotelevision.cl\/web\/wp-json\/wp\/v2\/posts"}],"about":[{"href":"https:\/\/temucotelevision.cl\/web\/wp-json\/wp\/v2\/types\/post"}],"author":[{"embeddable":true,"href":"https:\/\/temucotelevision.cl\/web\/wp-json\/wp\/v2\/users\/1"}],"replies":[{"embeddable":true,"href":"https:\/\/temucotelevision.cl\/web\/wp-json\/wp\/v2\/comments?post=59503"}],"version-history":[{"count":1,"href":"https:\/\/temucotelevision.cl\/web\/wp-json\/wp\/v2\/posts\/59503\/revisions"}],"predecessor-version":[{"id":59506,"href":"https:\/\/temucotelevision.cl\/web\/wp-json\/wp\/v2\/posts\/59503\/revisions\/59506"}],"wp:featuredmedia":[{"embeddable":true,"href":"https:\/\/temucotelevision.cl\/web\/wp-json\/wp\/v2\/media\/59504"}],"wp:attachment":[{"href":"https:\/\/temucotelevision.cl\/web\/wp-json\/wp\/v2\/media?parent=59503"}],"wp:term":[{"taxonomy":"category","embeddable":true,"href":"https:\/\/temucotelevision.cl\/web\/wp-json\/wp\/v2\/categories?post=59503"},{"taxonomy":"post_tag","embeddable":true,"href":"https:\/\/temucotelevision.cl\/web\/wp-json\/wp\/v2\/tags?post=59503"}],"curies":[{"name":"wp","href":"https:\/\/api.w.org\/{rel}","templated":true}]}}