{"id":59496,"date":"2025-11-30T20:07:53","date_gmt":"2025-11-30T23:07:53","guid":{"rendered":"https:\/\/temucotelevision.cl\/web\/?p=59496"},"modified":"2025-11-30T20:19:23","modified_gmt":"2025-11-30T23:19:23","slug":"diputado-electo-rene-manuel-garcia-califica-los-proximos-100-dias-como-el-fin-de-un-ciclo-y-confirma-su-voto-jose-antonio-kast-es-la-luz-al-final-del-tunel","status":"publish","type":"post","link":"https:\/\/temucotelevision.cl\/web\/2025\/11\/30\/diputado-electo-rene-manuel-garcia-califica-los-proximos-100-dias-como-el-fin-de-un-ciclo-y-confirma-su-voto-jose-antonio-kast-es-la-luz-al-final-del-tunel\/","title":{"rendered":"Diputado Electo Ren\u00e9 Manuel Garc\u00eda califica los pr\u00f3ximos 100 d\u00edas como el fin de un ciclo y confirma su voto: &#8220;Jos\u00e9 Antonio Kast es la luz al final del t\u00fanel&#8221;"},"content":{"rendered":"<div class=\"pvc_clear\"><\/div><p id=\"pvc_stats_59496\" class=\"pvc_stats total_only  \" data-element-id=\"59496\" style=\"\"><i class=\"pvc-stats-icon large\" aria-hidden=\"true\"><svg aria-hidden=\"true\" focusable=\"false\" data-prefix=\"far\" data-icon=\"chart-bar\" role=\"img\" xmlns=\"http:\/\/www.w3.org\/2000\/svg\" viewBox=\"0 0 512 512\" class=\"svg-inline--fa fa-chart-bar fa-w-16 fa-2x\"><path fill=\"currentColor\" d=\"M396.8 352h22.4c6.4 0 12.8-6.4 12.8-12.8V108.8c0-6.4-6.4-12.8-12.8-12.8h-22.4c-6.4 0-12.8 6.4-12.8 12.8v230.4c0 6.4 6.4 12.8 12.8 12.8zm-192 0h22.4c6.4 0 12.8-6.4 12.8-12.8V140.8c0-6.4-6.4-12.8-12.8-12.8h-22.4c-6.4 0-12.8 6.4-12.8 12.8v198.4c0 6.4 6.4 12.8 12.8 12.8zm96 0h22.4c6.4 0 12.8-6.4 12.8-12.8V204.8c0-6.4-6.4-12.8-12.8-12.8h-22.4c-6.4 0-12.8 6.4-12.8 12.8v134.4c0 6.4 6.4 12.8 12.8 12.8zM496 400H48V80c0-8.84-7.16-16-16-16H16C7.16 64 0 71.16 0 80v336c0 17.67 14.33 32 32 32h464c8.84 0 16-7.16 16-16v-16c0-8.84-7.16-16-16-16zm-387.2-48h22.4c6.4 0 12.8-6.4 12.8-12.8v-70.4c0-6.4-6.4-12.8-12.8-12.8h-22.4c-6.4 0-12.8 6.4-12.8 12.8v70.4c0 6.4 6.4 12.8 12.8 12.8z\" class=\"\"><\/path><\/svg><\/i> <img loading=\"lazy\" decoding=\"async\" width=\"16\" height=\"16\" alt=\"Loading\" src=\"https:\/\/temucotelevision.cl\/web\/wp-content\/plugins\/page-views-count\/ajax-loader-2x.gif\" border=0 \/><\/p><div class=\"pvc_clear\"><\/div>\n<p>El Diputado Electo Ren\u00e9 Manuel Garc\u00eda, representante por el Distrito 23 de la Regi\u00f3n de La Araucan\u00eda, emiti\u00f3 hoy una declaraci\u00f3n categ\u00f3rica, manifestando gran &#8220;esperanza&#8221; ante la proximidad del fin del actual per\u00edodo gubernamental, se\u00f1alando los \u00faltimos &#8220;100 d\u00edas&#8221; de administraci\u00f3n. Garc\u00eda utiliz\u00f3 esta coyuntura para ratificar su apoyo total a la candidatura presidencial de Jos\u00e9 Antonio Kast.<\/p>\n\n\n\n<p>El Diputado Electo expres\u00f3 que el pa\u00eds se encuentra en un punto de inflexi\u00f3n, destacando el optimismo que le genera la opci\u00f3n de Kast:<\/p>\n\n\n\n<p>_&#8221;Estamos muy esperanzados de que ya le queda poco a este gobierno para terminar, 100 d\u00edas. Vemos con mucha esperanza una luz al final del t\u00fanel, una luz que se llama Jos\u00e9 Antonio Kast,&#8221; declar\u00f3 Garc\u00eda._&nbsp;<\/p>\n\n\n\n<p>El pol\u00edtico no solo critic\u00f3 el ciclo que termina, sino que proyect\u00f3 la visi\u00f3n de pa\u00eds que representa el candidato, enfoc\u00e1ndose en un mensaje social y de justicia.<\/p>\n\n\n\n<p>_&#8221;Nos encaminamos hacia un pa\u00eds mejor, m\u00e1s solidario con mayor gasto en la parte social, un pa\u00eds justo, en su justa dimensi\u00f3n. Creo que Jos\u00e9 Antonio Kast ser\u00e1 el futuro presidente de Chile y es la mejor opci\u00f3n para Chile,&#8221; afirm\u00f3._<\/p>\n\n\n\n<p>El Diputado Electo fundament\u00f3 su respaldo en la credibilidad y la trayectoria del candidato, contrast\u00e1ndolo con la pol\u00edtica actual:<\/p>\n\n\n\n<p>_&#8221;Jos\u00e9 Antonio Kast no miente, trabaja y cumple lo que dice. Por ello, yo, Ren\u00e9 Manuel Garc\u00eda, Diputado electo, apoyo y voto por Jos\u00e9 Antonio Kast.&#8221;_<\/p>\n\n\n\n<p>El mensaje de Garc\u00eda, proveniente de una zona clave como La Araucan\u00eda, es un llamado directo a los votantes a mirar hacia el futuro con la convicci\u00f3n de que la candidatura de Jos\u00e9 Antonio Kast ofrece una salida real a los problemas que aquejan al pa\u00eds, combinando orden y compromiso social.<\/p>\n","protected":false},"excerpt":{"rendered":"<div class=\"pvc_clear\"><\/div>\n<p id=\"pvc_stats_59496\" class=\"pvc_stats total_only  \" data-element-id=\"59496\" style=\"\"><i class=\"pvc-stats-icon large\" aria-hidden=\"true\"><svg aria-hidden=\"true\" focusable=\"false\" data-prefix=\"far\" data-icon=\"chart-bar\" role=\"img\" xmlns=\"http:\/\/www.w3.org\/2000\/svg\" viewBox=\"0 0 512 512\" class=\"svg-inline--fa fa-chart-bar fa-w-16 fa-2x\"><path fill=\"currentColor\" d=\"M396.8 352h22.4c6.4 0 12.8-6.4 12.8-12.8V108.8c0-6.4-6.4-12.8-12.8-12.8h-22.4c-6.4 0-12.8 6.4-12.8 12.8v230.4c0 6.4 6.4 12.8 12.8 12.8zm-192 0h22.4c6.4 0 12.8-6.4 12.8-12.8V140.8c0-6.4-6.4-12.8-12.8-12.8h-22.4c-6.4 0-12.8 6.4-12.8 12.8v198.4c0 6.4 6.4 12.8 12.8 12.8zm96 0h22.4c6.4 0 12.8-6.4 12.8-12.8V204.8c0-6.4-6.4-12.8-12.8-12.8h-22.4c-6.4 0-12.8 6.4-12.8 12.8v134.4c0 6.4 6.4 12.8 12.8 12.8zM496 400H48V80c0-8.84-7.16-16-16-16H16C7.16 64 0 71.16 0 80v336c0 17.67 14.33 32 32 32h464c8.84 0 16-7.16 16-16v-16c0-8.84-7.16-16-16-16zm-387.2-48h22.4c6.4 0 12.8-6.4 12.8-12.8v-70.4c0-6.4-6.4-12.8-12.8-12.8h-22.4c-6.4 0-12.8 6.4-12.8 12.8v70.4c0 6.4 6.4 12.8 12.8 12.8z\" class=\"\"><\/path><\/svg><\/i> <img loading=\"lazy\" decoding=\"async\" width=\"16\" height=\"16\" alt=\"Loading\" src=\"https:\/\/temucotelevision.cl\/web\/wp-content\/plugins\/page-views-count\/ajax-loader-2x.gif\" border=0 \/><\/p>\n<div class=\"pvc_clear\"><\/div>\n<p>El Diputado Electo Ren\u00e9 Manuel Garc\u00eda, representante por el Distrito 23 de la Regi\u00f3n de La Araucan\u00eda, emiti\u00f3 hoy una<\/p>\n","protected":false},"author":1,"featured_media":59497,"comment_status":"open","ping_status":"open","sticky":false,"template":"","format":"standard","meta":{"colormag_page_container_layout":"default_layout","colormag_page_sidebar_layout":"default_layout","footnotes":""},"categories":[84],"tags":[154],"class_list":["post-59496","post","type-post","status-publish","format-standard","has-post-thumbnail","hentry","category-politica","tag-diputado"],"a3_pvc":{"activated":true,"total_views":930,"today_views":0},"_links":{"self":[{"href":"https:\/\/temucotelevision.cl\/web\/wp-json\/wp\/v2\/posts\/59496","targetHints":{"allow":["GET"]}}],"collection":[{"href":"https:\/\/temucotelevision.cl\/web\/wp-json\/wp\/v2\/posts"}],"about":[{"href":"https:\/\/temucotelevision.cl\/web\/wp-json\/wp\/v2\/types\/post"}],"author":[{"embeddable":true,"href":"https:\/\/temucotelevision.cl\/web\/wp-json\/wp\/v2\/users\/1"}],"replies":[{"embeddable":true,"href":"https:\/\/temucotelevision.cl\/web\/wp-json\/wp\/v2\/comments?post=59496"}],"version-history":[{"count":2,"href":"https:\/\/temucotelevision.cl\/web\/wp-json\/wp\/v2\/posts\/59496\/revisions"}],"predecessor-version":[{"id":59499,"href":"https:\/\/temucotelevision.cl\/web\/wp-json\/wp\/v2\/posts\/59496\/revisions\/59499"}],"wp:featuredmedia":[{"embeddable":true,"href":"https:\/\/temucotelevision.cl\/web\/wp-json\/wp\/v2\/media\/59497"}],"wp:attachment":[{"href":"https:\/\/temucotelevision.cl\/web\/wp-json\/wp\/v2\/media?parent=59496"}],"wp:term":[{"taxonomy":"category","embeddable":true,"href":"https:\/\/temucotelevision.cl\/web\/wp-json\/wp\/v2\/categories?post=59496"},{"taxonomy":"post_tag","embeddable":true,"href":"https:\/\/temucotelevision.cl\/web\/wp-json\/wp\/v2\/tags?post=59496"}],"curies":[{"name":"wp","href":"https:\/\/api.w.org\/{rel}","templated":true}]}}