{"id":59472,"date":"2025-11-28T13:42:15","date_gmt":"2025-11-28T16:42:15","guid":{"rendered":"https:\/\/temucotelevision.cl\/web\/?p=59472"},"modified":"2025-11-28T13:50:57","modified_gmt":"2025-11-28T16:50:57","slug":"hector-montaner-lanza-nueva-version-2025-de-amor-del-bueno-y-renueva-uno-de-sus-mayores-clasicos","status":"publish","type":"post","link":"https:\/\/temucotelevision.cl\/web\/2025\/11\/28\/hector-montaner-lanza-nueva-version-2025-de-amor-del-bueno-y-renueva-uno-de-sus-mayores-clasicos\/","title":{"rendered":"H\u00e9ctor Montaner lanza nueva versi\u00f3n 2025 de \u201cAmor del Bueno\u201d y renueva uno de sus mayores cl\u00e1sicos"},"content":{"rendered":"<div class=\"pvc_clear\"><\/div><p id=\"pvc_stats_59472\" class=\"pvc_stats total_only  \" data-element-id=\"59472\" style=\"\"><i class=\"pvc-stats-icon large\" aria-hidden=\"true\"><svg aria-hidden=\"true\" focusable=\"false\" data-prefix=\"far\" data-icon=\"chart-bar\" role=\"img\" xmlns=\"http:\/\/www.w3.org\/2000\/svg\" viewBox=\"0 0 512 512\" class=\"svg-inline--fa fa-chart-bar fa-w-16 fa-2x\"><path fill=\"currentColor\" d=\"M396.8 352h22.4c6.4 0 12.8-6.4 12.8-12.8V108.8c0-6.4-6.4-12.8-12.8-12.8h-22.4c-6.4 0-12.8 6.4-12.8 12.8v230.4c0 6.4 6.4 12.8 12.8 12.8zm-192 0h22.4c6.4 0 12.8-6.4 12.8-12.8V140.8c0-6.4-6.4-12.8-12.8-12.8h-22.4c-6.4 0-12.8 6.4-12.8 12.8v198.4c0 6.4 6.4 12.8 12.8 12.8zm96 0h22.4c6.4 0 12.8-6.4 12.8-12.8V204.8c0-6.4-6.4-12.8-12.8-12.8h-22.4c-6.4 0-12.8 6.4-12.8 12.8v134.4c0 6.4 6.4 12.8 12.8 12.8zM496 400H48V80c0-8.84-7.16-16-16-16H16C7.16 64 0 71.16 0 80v336c0 17.67 14.33 32 32 32h464c8.84 0 16-7.16 16-16v-16c0-8.84-7.16-16-16-16zm-387.2-48h22.4c6.4 0 12.8-6.4 12.8-12.8v-70.4c0-6.4-6.4-12.8-12.8-12.8h-22.4c-6.4 0-12.8 6.4-12.8 12.8v70.4c0 6.4 6.4 12.8 12.8 12.8z\" class=\"\"><\/path><\/svg><\/i> <img loading=\"lazy\" decoding=\"async\" width=\"16\" height=\"16\" alt=\"Loading\" src=\"https:\/\/temucotelevision.cl\/web\/wp-content\/plugins\/page-views-count\/ajax-loader-2x.gif\" border=0 \/><\/p><div class=\"pvc_clear\"><\/div>\n<p><strong>H\u00e9ctor Montaner<\/strong> presenta la versi\u00f3n 2025 de <strong><em>\u201cAmor del&nbsp;Bueno\u201d<\/em><\/strong>, una renovaci\u00f3n de uno de los temas m\u00e1s emblem\u00e1ticos&nbsp;de su cat\u00e1logo lanzado bajo el sello<strong><em> Hecho A Mano, casa&nbsp;creativa de la familia Montaner.<\/em><\/strong>&nbsp;<\/p>\n\n\n\n<p>El artista venezolano retoma esta canci\u00f3n&nbsp;&nbsp;ic\u00f3nica con una producci\u00f3n totalmente actualizada que&nbsp;&nbsp;mantiene intacta la esencia rom\u00e1ntica del original, pero&nbsp;&nbsp;incorpora sonoridades m\u00e1s modernas, pulidas y con una&nbsp;&nbsp;presencia marcada de elementos sint\u00e9ticos.&nbsp;<\/p>\n\n\n\n<p><strong><em>\u201cAmor del Bueno<\/em><\/strong>\u201d fue durante&nbsp; a\u00f1os uno de los temas m\u00e1s recordados de su trayectoria y favorito de sus fans.&nbsp; Hoy regresa con la solidez, claridad sonora y despliegue profesional que la canci\u00f3n siempre mereci\u00f3.&nbsp;<\/p>\n\n\n\n<p>Musicalmente, la nueva versi\u00f3n conserva la letra y melod\u00eda&nbsp;&nbsp;originales, explorando el amor desde la entrega total y la&nbsp;b\u00fasqueda de dar lo mejor de uno mismo. Con una interpretaci\u00f3n&nbsp; madura y una producci\u00f3n renovada, <strong>H\u00e9ctor <\/strong>reintroduce una obra que conecta tanto con quienes lo han acompa\u00f1ado desde&nbsp; sus inicios como con nuevas audiencias que descubren su voz por primera vez.&nbsp;<\/p>\n\n\n\n<p>La canci\u00f3n llega acompa\u00f1ada de un <a href=\"https:\/\/www.youtube.com\/watch?v=evmFcTbPsr0\" target=\"_blank\" rel=\"noreferrer noopener\">videoclip<\/a> realizado por el&nbsp;&nbsp;equipo creativo de Hecho A Mano, que amplifica el esp\u00edritu&nbsp;\u00edntimo y emocional del tema.&nbsp;&nbsp;<\/p>\n\n\n\n<div class=\"wp-block-media-text is-stacked-on-mobile\"><figure class=\"wp-block-media-text__media\"><img loading=\"lazy\" decoding=\"async\" width=\"667\" height=\"1000\" src=\"https:\/\/temucotelevision.cl\/web\/wp-content\/uploads\/2025\/11\/image-667x1000.jpeg\" alt=\"\" class=\"wp-image-59474 size-full\" srcset=\"https:\/\/temucotelevision.cl\/web\/wp-content\/uploads\/2025\/11\/image-667x1000.jpeg 667w, https:\/\/temucotelevision.cl\/web\/wp-content\/uploads\/2025\/11\/image.jpeg 720w\" sizes=\"auto, (max-width: 667px) 100vw, 667px\" \/><\/figure><div class=\"wp-block-media-text__content\">\n<p>Este lanzamiento marca el comienzo de un proyecto m\u00e1s amplio que ver\u00e1 nueva m\u00fasica y\u00a0anuncios importantes a lo largo de 2026; sum\u00e1ndose a una serie de temas recientes que han marcado la evoluci\u00f3n musical de <strong>H\u00e9ctor<\/strong>, incluyendo <a href=\"https:\/\/www.youtube.com\/watch?v=8JORwXjR1K0\" target=\"_blank\" rel=\"noreferrer noopener\"><strong><em>\u201cTurur\u00fa\u201d<\/em><\/strong><\/a>, <a href=\"https:\/\/www.youtube.com\/watch?v=vDYsq7KRKts\" target=\"_blank\" rel=\"noreferrer noopener\"><strong><em>&#8220;Si T\u00fa Me Faltas&#8221;<\/em><\/strong><\/a> junto a <strong>Nacho<\/strong> y <strong>Jorge Luis Chac\u00edn<\/strong>, <a href=\"https:\/\/www.youtube.com\/watch?v=Zbch4rGWo6U\" target=\"_blank\" rel=\"noreferrer noopener\"><strong><em>&#8220;Lo Que Te D\u00e9 La Gana&#8221;<\/em><\/strong><\/a> <strong>junto a su padre<\/strong> el famoso cantautor <strong>Ricardo Montaner<\/strong>, y <a href=\"https:\/\/www.youtube.com\/watch?v=hiyjvLXDWbc\" target=\"_blank\" rel=\"noreferrer noopener\"><strong><em>&#8220;Dale Dale&#8221;<\/em><\/strong><\/a>, tema principal de la serie original de Disney+ \u201c<strong>Los Montaner\u201d<\/strong>.\u00a0<\/p>\n<\/div><\/div>\n\n\n\n<p>\u00a0<\/p>\n\n\n\n<iframe loading=\"lazy\" width=\"560\" height=\"315\" src=\"https:\/\/www.youtube.com\/embed\/hiyjvLXDWbc?si=EWT0fCwIxd_V2YoK\" title=\"YouTube video player\" frameborder=\"0\" allow=\"accelerometer; autoplay; clipboard-write; encrypted-media; gyroscope; picture-in-picture; web-share\" referrerpolicy=\"strict-origin-when-cross-origin\" allowfullscreen><\/iframe>\n","protected":false},"excerpt":{"rendered":"<div class=\"pvc_clear\"><\/div>\n<p id=\"pvc_stats_59472\" class=\"pvc_stats total_only  \" data-element-id=\"59472\" style=\"\"><i class=\"pvc-stats-icon large\" aria-hidden=\"true\"><svg aria-hidden=\"true\" focusable=\"false\" data-prefix=\"far\" data-icon=\"chart-bar\" role=\"img\" xmlns=\"http:\/\/www.w3.org\/2000\/svg\" viewBox=\"0 0 512 512\" class=\"svg-inline--fa fa-chart-bar fa-w-16 fa-2x\"><path fill=\"currentColor\" d=\"M396.8 352h22.4c6.4 0 12.8-6.4 12.8-12.8V108.8c0-6.4-6.4-12.8-12.8-12.8h-22.4c-6.4 0-12.8 6.4-12.8 12.8v230.4c0 6.4 6.4 12.8 12.8 12.8zm-192 0h22.4c6.4 0 12.8-6.4 12.8-12.8V140.8c0-6.4-6.4-12.8-12.8-12.8h-22.4c-6.4 0-12.8 6.4-12.8 12.8v198.4c0 6.4 6.4 12.8 12.8 12.8zm96 0h22.4c6.4 0 12.8-6.4 12.8-12.8V204.8c0-6.4-6.4-12.8-12.8-12.8h-22.4c-6.4 0-12.8 6.4-12.8 12.8v134.4c0 6.4 6.4 12.8 12.8 12.8zM496 400H48V80c0-8.84-7.16-16-16-16H16C7.16 64 0 71.16 0 80v336c0 17.67 14.33 32 32 32h464c8.84 0 16-7.16 16-16v-16c0-8.84-7.16-16-16-16zm-387.2-48h22.4c6.4 0 12.8-6.4 12.8-12.8v-70.4c0-6.4-6.4-12.8-12.8-12.8h-22.4c-6.4 0-12.8 6.4-12.8 12.8v70.4c0 6.4 6.4 12.8 12.8 12.8z\" class=\"\"><\/path><\/svg><\/i> <img loading=\"lazy\" decoding=\"async\" width=\"16\" height=\"16\" alt=\"Loading\" src=\"https:\/\/temucotelevision.cl\/web\/wp-content\/plugins\/page-views-count\/ajax-loader-2x.gif\" border=0 \/><\/p>\n<div class=\"pvc_clear\"><\/div>\n<p>H\u00e9ctor Montaner presenta la versi\u00f3n 2025 de \u201cAmor del&nbsp;Bueno\u201d, una renovaci\u00f3n de uno de los temas m\u00e1s emblem\u00e1ticos&nbsp;de su cat\u00e1logo<\/p>\n","protected":false},"author":1,"featured_media":59473,"comment_status":"open","ping_status":"open","sticky":false,"template":"","format":"standard","meta":{"colormag_page_container_layout":"default_layout","colormag_page_sidebar_layout":"default_layout","footnotes":""},"categories":[369],"tags":[801],"class_list":["post-59472","post","type-post","status-publish","format-standard","has-post-thumbnail","hentry","category-musica","tag-cantante"],"a3_pvc":{"activated":true,"total_views":5859,"today_views":0},"_links":{"self":[{"href":"https:\/\/temucotelevision.cl\/web\/wp-json\/wp\/v2\/posts\/59472","targetHints":{"allow":["GET"]}}],"collection":[{"href":"https:\/\/temucotelevision.cl\/web\/wp-json\/wp\/v2\/posts"}],"about":[{"href":"https:\/\/temucotelevision.cl\/web\/wp-json\/wp\/v2\/types\/post"}],"author":[{"embeddable":true,"href":"https:\/\/temucotelevision.cl\/web\/wp-json\/wp\/v2\/users\/1"}],"replies":[{"embeddable":true,"href":"https:\/\/temucotelevision.cl\/web\/wp-json\/wp\/v2\/comments?post=59472"}],"version-history":[{"count":1,"href":"https:\/\/temucotelevision.cl\/web\/wp-json\/wp\/v2\/posts\/59472\/revisions"}],"predecessor-version":[{"id":59475,"href":"https:\/\/temucotelevision.cl\/web\/wp-json\/wp\/v2\/posts\/59472\/revisions\/59475"}],"wp:featuredmedia":[{"embeddable":true,"href":"https:\/\/temucotelevision.cl\/web\/wp-json\/wp\/v2\/media\/59473"}],"wp:attachment":[{"href":"https:\/\/temucotelevision.cl\/web\/wp-json\/wp\/v2\/media?parent=59472"}],"wp:term":[{"taxonomy":"category","embeddable":true,"href":"https:\/\/temucotelevision.cl\/web\/wp-json\/wp\/v2\/categories?post=59472"},{"taxonomy":"post_tag","embeddable":true,"href":"https:\/\/temucotelevision.cl\/web\/wp-json\/wp\/v2\/tags?post=59472"}],"curies":[{"name":"wp","href":"https:\/\/api.w.org\/{rel}","templated":true}]}}