{"id":59447,"date":"2025-11-26T18:08:21","date_gmt":"2025-11-26T21:08:21","guid":{"rendered":"https:\/\/temucotelevision.cl\/web\/?p=59447"},"modified":"2025-11-26T18:08:22","modified_gmt":"2025-11-26T21:08:22","slug":"malleco-se-suma-a-campana-de-jose-antonio-kast-para-la-segunda-vuelta-presidencial","status":"publish","type":"post","link":"https:\/\/temucotelevision.cl\/web\/2025\/11\/26\/malleco-se-suma-a-campana-de-jose-antonio-kast-para-la-segunda-vuelta-presidencial\/","title":{"rendered":"Malleco se suma a campa\u00f1a de Jos\u00e9 Antonio Kast para la segunda vuelta presidencial"},"content":{"rendered":"<div class=\"pvc_clear\"><\/div><p id=\"pvc_stats_59447\" class=\"pvc_stats total_only  \" data-element-id=\"59447\" style=\"\"><i class=\"pvc-stats-icon large\" aria-hidden=\"true\"><svg aria-hidden=\"true\" focusable=\"false\" data-prefix=\"far\" data-icon=\"chart-bar\" role=\"img\" xmlns=\"http:\/\/www.w3.org\/2000\/svg\" viewBox=\"0 0 512 512\" class=\"svg-inline--fa fa-chart-bar fa-w-16 fa-2x\"><path fill=\"currentColor\" d=\"M396.8 352h22.4c6.4 0 12.8-6.4 12.8-12.8V108.8c0-6.4-6.4-12.8-12.8-12.8h-22.4c-6.4 0-12.8 6.4-12.8 12.8v230.4c0 6.4 6.4 12.8 12.8 12.8zm-192 0h22.4c6.4 0 12.8-6.4 12.8-12.8V140.8c0-6.4-6.4-12.8-12.8-12.8h-22.4c-6.4 0-12.8 6.4-12.8 12.8v198.4c0 6.4 6.4 12.8 12.8 12.8zm96 0h22.4c6.4 0 12.8-6.4 12.8-12.8V204.8c0-6.4-6.4-12.8-12.8-12.8h-22.4c-6.4 0-12.8 6.4-12.8 12.8v134.4c0 6.4 6.4 12.8 12.8 12.8zM496 400H48V80c0-8.84-7.16-16-16-16H16C7.16 64 0 71.16 0 80v336c0 17.67 14.33 32 32 32h464c8.84 0 16-7.16 16-16v-16c0-8.84-7.16-16-16-16zm-387.2-48h22.4c6.4 0 12.8-6.4 12.8-12.8v-70.4c0-6.4-6.4-12.8-12.8-12.8h-22.4c-6.4 0-12.8 6.4-12.8 12.8v70.4c0 6.4 6.4 12.8 12.8 12.8z\" class=\"\"><\/path><\/svg><\/i> <img loading=\"lazy\" decoding=\"async\" width=\"16\" height=\"16\" alt=\"Loading\" src=\"https:\/\/temucotelevision.cl\/web\/wp-content\/plugins\/page-views-count\/ajax-loader-2x.gif\" border=0 \/><\/p><div class=\"pvc_clear\"><\/div>\n<p><em>Representantes de Amarillos por Chile, Chilenos Republicanos y Nacional Libertarios conformaron tres comisiones de campa\u00f1a en Angol para fortalecer el despliegue territorial en apoyo a Jos\u00e9 Antonio Kast de cara a la segunda vuelta presidencial.<\/em><br>Un centenar de personas se reunieron este lunes en la comuna de Angol para organizar lo que ser\u00e1 el trabajo territorial de cara a la segunda vuelta presidencial. En el encuentro participaron militantes y adherentes de Amarillos por Chile, Evopili, Renovaci\u00f3n Nacional, Republicanos y Nacional Libertarios, esto en el contexto de la unidad que se fortalecido entre el sector de la derecha.&nbsp;<\/p>\n\n\n\n<p>La convocatoria fue encabezada por Felipe Mart\u00ednez, coordinador comunal de la campa\u00f1a de Jos\u00e9 Antonio Kast y donde tambi\u00e9n estuvieron presentes los concejales Luis Chamorro, Diego Beltr\u00e1n; la consejera regional, Marita Guti\u00e9rrez y los excandidatos V\u00edctor Manolli, V\u00edctor Badilla, entre otros, los que acordaron la conformaci\u00f3n de tres comisiones de trabajo, como son Apoderados de Mesa, Letreros y Palomas, y Brigadistas, las que operar\u00e1n en distintos frentes para reforzar la presencia de la candidatura de Kast en la comuna.<\/p>\n\n\n\n<p>Seg\u00fan se indic\u00f3 Felipe Mart\u00ednez, \u201cen la reuni\u00f3n se acord\u00f3 realizar un despliegue territorial que buscar\u00e1 reforzar el apoyo a Kast en la elecci\u00f3n del pr\u00f3ximo 14 de diciembre, centr\u00e1ndonos -principalmente- en el trabajo puerta a puerta y la labor directa de los brigadistas, con el fin de aclarar dudas sobre el programa presidencial\u201d.<\/p>\n\n\n\n<p>Mart\u00ednez afirm\u00f3 que el objetivo del comando es desmentir versiones que, a su juicio, han circulado respecto de propuestas sociales, como la Pensi\u00f3n Garantizada Universal. Sostuvo que la campa\u00f1a pretende enfatizar que las medidas del abanderado se orientan a \u201creactivar el crecimiento econ\u00f3mico y fortalecer la seguridad\u201d.<\/p>\n\n\n\n<p>En ese sentido, los representantes de las fuerzas de oposici\u00f3n destacaron que uno de los ejes centrales del programa de Kast es la seguridad p\u00fablica, especialmente en La Araucan\u00eda. \u201cLa paz en la regi\u00f3n es un derecho humano y es fundamental que la ciudadan\u00eda se exprese mediante el voto\u201d, dijo Mart\u00ednez.<\/p>\n\n\n\n<p>V\u00edctor Manoli tambi\u00e9n se refiri\u00f3 sobre este encuentro se\u00f1alando que, \u201cHoy creo que es indispensable combatir el comunismo y el candidato que tenemos est\u00e1 encabezando la lista, por lo tanto, creo que es una oportunidad que no podemos desperdiciar, yo apoyo a Jos\u00e9 Antonio Kast y hoy todos somos Kast\u201d.<\/p>\n\n\n\n<p>Finalmente, el comando comunal manifest\u00f3 que esperan obtener en Angol un amplio margen de ventaja, que otorgue mayor legitimidad al proyecto presidencial del candidato<\/p>\n","protected":false},"excerpt":{"rendered":"<div class=\"pvc_clear\"><\/div>\n<p id=\"pvc_stats_59447\" class=\"pvc_stats total_only  \" data-element-id=\"59447\" style=\"\"><i class=\"pvc-stats-icon large\" aria-hidden=\"true\"><svg aria-hidden=\"true\" focusable=\"false\" data-prefix=\"far\" data-icon=\"chart-bar\" role=\"img\" xmlns=\"http:\/\/www.w3.org\/2000\/svg\" viewBox=\"0 0 512 512\" class=\"svg-inline--fa fa-chart-bar fa-w-16 fa-2x\"><path fill=\"currentColor\" d=\"M396.8 352h22.4c6.4 0 12.8-6.4 12.8-12.8V108.8c0-6.4-6.4-12.8-12.8-12.8h-22.4c-6.4 0-12.8 6.4-12.8 12.8v230.4c0 6.4 6.4 12.8 12.8 12.8zm-192 0h22.4c6.4 0 12.8-6.4 12.8-12.8V140.8c0-6.4-6.4-12.8-12.8-12.8h-22.4c-6.4 0-12.8 6.4-12.8 12.8v198.4c0 6.4 6.4 12.8 12.8 12.8zm96 0h22.4c6.4 0 12.8-6.4 12.8-12.8V204.8c0-6.4-6.4-12.8-12.8-12.8h-22.4c-6.4 0-12.8 6.4-12.8 12.8v134.4c0 6.4 6.4 12.8 12.8 12.8zM496 400H48V80c0-8.84-7.16-16-16-16H16C7.16 64 0 71.16 0 80v336c0 17.67 14.33 32 32 32h464c8.84 0 16-7.16 16-16v-16c0-8.84-7.16-16-16-16zm-387.2-48h22.4c6.4 0 12.8-6.4 12.8-12.8v-70.4c0-6.4-6.4-12.8-12.8-12.8h-22.4c-6.4 0-12.8 6.4-12.8 12.8v70.4c0 6.4 6.4 12.8 12.8 12.8z\" class=\"\"><\/path><\/svg><\/i> <img loading=\"lazy\" decoding=\"async\" width=\"16\" height=\"16\" alt=\"Loading\" src=\"https:\/\/temucotelevision.cl\/web\/wp-content\/plugins\/page-views-count\/ajax-loader-2x.gif\" border=0 \/><\/p>\n<div class=\"pvc_clear\"><\/div>\n<p>Representantes de Amarillos por Chile, Chilenos Republicanos y Nacional Libertarios conformaron tres comisiones de campa\u00f1a en Angol para fortalecer el<\/p>\n","protected":false},"author":1,"featured_media":59448,"comment_status":"open","ping_status":"open","sticky":false,"template":"","format":"standard","meta":{"colormag_page_container_layout":"default_layout","colormag_page_sidebar_layout":"default_layout","footnotes":""},"categories":[84],"tags":[510],"class_list":["post-59447","post","type-post","status-publish","format-standard","has-post-thumbnail","hentry","category-politica","tag-malleco"],"a3_pvc":{"activated":true,"total_views":4121,"today_views":0},"_links":{"self":[{"href":"https:\/\/temucotelevision.cl\/web\/wp-json\/wp\/v2\/posts\/59447","targetHints":{"allow":["GET"]}}],"collection":[{"href":"https:\/\/temucotelevision.cl\/web\/wp-json\/wp\/v2\/posts"}],"about":[{"href":"https:\/\/temucotelevision.cl\/web\/wp-json\/wp\/v2\/types\/post"}],"author":[{"embeddable":true,"href":"https:\/\/temucotelevision.cl\/web\/wp-json\/wp\/v2\/users\/1"}],"replies":[{"embeddable":true,"href":"https:\/\/temucotelevision.cl\/web\/wp-json\/wp\/v2\/comments?post=59447"}],"version-history":[{"count":1,"href":"https:\/\/temucotelevision.cl\/web\/wp-json\/wp\/v2\/posts\/59447\/revisions"}],"predecessor-version":[{"id":59449,"href":"https:\/\/temucotelevision.cl\/web\/wp-json\/wp\/v2\/posts\/59447\/revisions\/59449"}],"wp:featuredmedia":[{"embeddable":true,"href":"https:\/\/temucotelevision.cl\/web\/wp-json\/wp\/v2\/media\/59448"}],"wp:attachment":[{"href":"https:\/\/temucotelevision.cl\/web\/wp-json\/wp\/v2\/media?parent=59447"}],"wp:term":[{"taxonomy":"category","embeddable":true,"href":"https:\/\/temucotelevision.cl\/web\/wp-json\/wp\/v2\/categories?post=59447"},{"taxonomy":"post_tag","embeddable":true,"href":"https:\/\/temucotelevision.cl\/web\/wp-json\/wp\/v2\/tags?post=59447"}],"curies":[{"name":"wp","href":"https:\/\/api.w.org\/{rel}","templated":true}]}}