{"id":59443,"date":"2025-11-26T18:01:31","date_gmt":"2025-11-26T21:01:31","guid":{"rendered":"https:\/\/temucotelevision.cl\/web\/?p=59443"},"modified":"2025-11-26T18:01:32","modified_gmt":"2025-11-26T21:01:32","slug":"fernando-lastra-y-paz-gallo-gritaron-campeon-en-la-final-del-deache-series-2025-en-el-parque-cmpc-junquillar","status":"publish","type":"post","link":"https:\/\/temucotelevision.cl\/web\/2025\/11\/26\/fernando-lastra-y-paz-gallo-gritaron-campeon-en-la-final-del-deache-series-2025-en-el-parque-cmpc-junquillar\/","title":{"rendered":"Fernando Lastra y Paz Gallo gritaron campe\u00f3n en la final del Deache Series 2025 en el Parque CMPC Junquillar"},"content":{"rendered":"<div class=\"pvc_clear\"><\/div><p id=\"pvc_stats_59443\" class=\"pvc_stats total_only  \" data-element-id=\"59443\" style=\"\"><i class=\"pvc-stats-icon large\" aria-hidden=\"true\"><svg aria-hidden=\"true\" focusable=\"false\" data-prefix=\"far\" data-icon=\"chart-bar\" role=\"img\" xmlns=\"http:\/\/www.w3.org\/2000\/svg\" viewBox=\"0 0 512 512\" class=\"svg-inline--fa fa-chart-bar fa-w-16 fa-2x\"><path fill=\"currentColor\" d=\"M396.8 352h22.4c6.4 0 12.8-6.4 12.8-12.8V108.8c0-6.4-6.4-12.8-12.8-12.8h-22.4c-6.4 0-12.8 6.4-12.8 12.8v230.4c0 6.4 6.4 12.8 12.8 12.8zm-192 0h22.4c6.4 0 12.8-6.4 12.8-12.8V140.8c0-6.4-6.4-12.8-12.8-12.8h-22.4c-6.4 0-12.8 6.4-12.8 12.8v198.4c0 6.4 6.4 12.8 12.8 12.8zm96 0h22.4c6.4 0 12.8-6.4 12.8-12.8V204.8c0-6.4-6.4-12.8-12.8-12.8h-22.4c-6.4 0-12.8 6.4-12.8 12.8v134.4c0 6.4 6.4 12.8 12.8 12.8zM496 400H48V80c0-8.84-7.16-16-16-16H16C7.16 64 0 71.16 0 80v336c0 17.67 14.33 32 32 32h464c8.84 0 16-7.16 16-16v-16c0-8.84-7.16-16-16-16zm-387.2-48h22.4c6.4 0 12.8-6.4 12.8-12.8v-70.4c0-6.4-6.4-12.8-12.8-12.8h-22.4c-6.4 0-12.8 6.4-12.8 12.8v70.4c0 6.4 6.4 12.8 12.8 12.8z\" class=\"\"><\/path><\/svg><\/i> <img loading=\"lazy\" decoding=\"async\" width=\"16\" height=\"16\" alt=\"Loading\" src=\"https:\/\/temucotelevision.cl\/web\/wp-content\/plugins\/page-views-count\/ajax-loader-2x.gif\" border=0 \/><\/p><div class=\"pvc_clear\"><\/div>\n<ul class=\"wp-block-list\">\n<li><em>El pasado 21, 22 y 23 de noviembre, la comuna de Angol recibi\u00f3 la \u00faltima fecha del campeonato nacional Deache Series, reuniendo a los mejores riders del pa\u00eds en una competencia marcada por la intensidad, la emoci\u00f3n y descensos de clase mundial.<\/em><\/li>\n<\/ul>\n\n\n\n<p>El Parque CMPC Junquillar volvi\u00f3 a consolidarse como uno de los escenarios m\u00e1s relevantes del downhill chileno tras recibir la final del campeonato nacional Deache Series. Durante tres jornadas \u201421, 22 y 23 de noviembre\u2014 los mejores exponentes del pa\u00eds se enfrentaron en un circuito exigente, t\u00e9cnico y de gran velocidad, ratificando el nivel competitivo que caracteriza a esta disciplina en Chile.<\/p>\n\n\n\n<p>La figura indiscutida del fin de semana fue el mulchenino&nbsp;<strong>Fernando Lastra, quien, pese a competir en la categor\u00eda Cadete (15-16 a\u00f1os), marc\u00f3 el mejor tiempo<\/strong>&nbsp;de toda la jornada, adjudic\u00e1ndose la general masculina con un crono de 00:04:13.885. Su desempe\u00f1o sorprendi\u00f3 a todo el ambiente del downhill, posicion\u00e1ndolo como uno de los talentos m\u00e1s prometedores del pa\u00eds.<\/p>\n\n\n\n<p>En la categor\u00eda&nbsp;<strong>Elite Varones<\/strong>, el m\u00e1s r\u00e1pido fue el&nbsp;<strong>rider de Collipulli y embajador de Parque CMPC Junquillar, Hans Pulgar,<\/strong>&nbsp;quien adem\u00e1s registr\u00f3 el segundo mejor tiempo de la jornada. En&nbsp;<strong>Damas Elite, en tanto, la vencedora fue Paz Gallo Fuentes<\/strong>, imponi\u00e9ndose por tan solo un segundo y qued\u00e1ndose tanto con su categor\u00eda como con la general femenina.<\/p>\n\n\n\n<p>El evento reafirm\u00f3 a Parque CMPC Junquillar como un escenario clave para la pr\u00e1ctica del descenso nacional, acostumbr\u00e1ndose a ser sede oficial de competencias de alto nivel gracias a su infraestructura, sus senderos especializados y su entorno natural privilegiado.<\/p>\n\n\n\n<p>&#8220;Fernando Lastra se rob\u00f3 la pel\u00edcula. Es un muchacho muy joven que promete mucho, y qu\u00e9 mejor que haber presenciado su gran tiempo en el Parque CMPC Junquillar. Eso es lo que queremos, tener a los mejores deportistas del pa\u00eds presentes en nuestros parques, incentivando a otros deportistas, familias y vecinos. Estamos muy contentos con la final que tuvimos&#8221;, sostuvo&nbsp;<strong>Gustavo Apablaza, subgerente de Relacionamiento Territorial de CMPC.<\/strong><\/p>\n\n\n\n<p>\u201cEstamos muy contentos de haber sido anfitriones de este campeonato, que convoca a los pilotos m\u00e1s r\u00e1pidos del pa\u00eds. Parque CMPC Junquillar es y seguir\u00e1 siendo uno de los mejores lugares de Chile para la pr\u00e1ctica del descenso; queremos posicionar este destino entre todos los adeptos del ciclismo y la vida al aire libre. Fue un fin de semana redondo, donde el descenso fue el protagonista\u201d, coment\u00f3, por su parte,&nbsp;<strong>Mart\u00edn Fla\u00f1o, jefe de proyecto Bosque Vivo.<\/strong><\/p>\n\n\n\n<p><strong>Resultados \u2013 General Varones<\/strong><\/p>\n\n\n\n<ol start=\"1\" class=\"wp-block-list\">\n<li>Fernando Lastra \u2013 Cadete Varones \u2013 00:04:13.885<\/li>\n\n\n\n<li>Hans Pulgar \u2013 Elite Varones \u2013 00:04:27.56<\/li>\n\n\n\n<li>Felipe Benavides \u2013 Elite Varones \u2013 00:04:30.326<\/li>\n\n\n\n<li>Tom\u00e1s Abrigo \u2013 Cadete Varones \u2013 00:04:31.115<\/li>\n\n\n\n<li>Clemente Delano \u2013 Elite Varones \u2013 00:04:33.215<\/li>\n<\/ol>\n\n\n\n<p><strong>Resultados \u2013 General Damas<\/strong><\/p>\n\n\n\n<ol start=\"1\" class=\"wp-block-list\">\n<li>Paz Gallo Fuentes \u2013 Elite Damas \u2013 00:05:23.393<\/li>\n\n\n\n<li>Fernanda Quiroga \u2013 Elite Damas \u2013 00:05:25.429<\/li>\n\n\n\n<li>Matilde Morgado \u2013 Elite Damas \u2013 00:05:37.223<\/li>\n\n\n\n<li>Luc\u00eda Escobar \u2013 Cadete Damas \u2013 00:05:40.677<\/li>\n\n\n\n<li>Rafaela Madrid \u2013 Elite Damas \u2013 00:05:45.090<\/li>\n<\/ol>\n\n\n\n<p>Resultados completos disponibles en la&nbsp;<a href=\"https:\/\/cronometrajeinstantaneo.com\/resultados\/dhs-angol-2025\/filtros\" target=\"_blank\" rel=\"noreferrer noopener\">web oficial del cronometraje<\/a>.<\/p>\n\n\n\n<p><strong>Sobre Bosque Vivo CMPC<\/strong><\/p>\n\n\n\n<p>La&nbsp;<a href=\"https:\/\/bosquevivocmpc.com\/\" target=\"_blank\" rel=\"noreferrer noopener\">Red Bosque Vivo de CMPC<\/a>&nbsp;es un proyecto que pone en valor el importante rol de los bosques en la captura de carbono, la regeneraci\u00f3n de suelos y la creaci\u00f3n de recursos sustentables, como la celulosa y la madera.<\/p>\n\n\n\n<p>Bosque Vivo promueve el uso de estos espacios para la conservaci\u00f3n, el turismo y el disfrute comunitario, contribuyendo al bienestar de las personas y al equilibrio ambiental. Cuenta con cuatro parques: CMPC Junquillar, en Angol; CMPC Pumalal, en Temuco; CMPC Lastarria, en Lonchoche; y CMPC El C\u00f3ndor, en Coyhaique.<\/p>\n\n\n\n<figure class=\"wp-block-image size-large\"><img loading=\"lazy\" decoding=\"async\" width=\"1000\" height=\"667\" src=\"https:\/\/temucotelevision.cl\/web\/wp-content\/uploads\/2025\/11\/CMPC-2-1000x667.jpg\" alt=\"\" class=\"wp-image-59445\" srcset=\"https:\/\/temucotelevision.cl\/web\/wp-content\/uploads\/2025\/11\/CMPC-2-1000x667.jpg 1000w, https:\/\/temucotelevision.cl\/web\/wp-content\/uploads\/2025\/11\/CMPC-2-768x512.jpg 768w, https:\/\/temucotelevision.cl\/web\/wp-content\/uploads\/2025\/11\/CMPC-2-1536x1024.jpg 1536w, https:\/\/temucotelevision.cl\/web\/wp-content\/uploads\/2025\/11\/CMPC-2-2048x1365.jpg 2048w\" sizes=\"auto, (max-width: 1000px) 100vw, 1000px\" \/><\/figure>\n","protected":false},"excerpt":{"rendered":"<div class=\"pvc_clear\"><\/div>\n<p id=\"pvc_stats_59443\" class=\"pvc_stats total_only  \" data-element-id=\"59443\" style=\"\"><i class=\"pvc-stats-icon large\" aria-hidden=\"true\"><svg aria-hidden=\"true\" focusable=\"false\" data-prefix=\"far\" data-icon=\"chart-bar\" role=\"img\" xmlns=\"http:\/\/www.w3.org\/2000\/svg\" viewBox=\"0 0 512 512\" class=\"svg-inline--fa fa-chart-bar fa-w-16 fa-2x\"><path fill=\"currentColor\" d=\"M396.8 352h22.4c6.4 0 12.8-6.4 12.8-12.8V108.8c0-6.4-6.4-12.8-12.8-12.8h-22.4c-6.4 0-12.8 6.4-12.8 12.8v230.4c0 6.4 6.4 12.8 12.8 12.8zm-192 0h22.4c6.4 0 12.8-6.4 12.8-12.8V140.8c0-6.4-6.4-12.8-12.8-12.8h-22.4c-6.4 0-12.8 6.4-12.8 12.8v198.4c0 6.4 6.4 12.8 12.8 12.8zm96 0h22.4c6.4 0 12.8-6.4 12.8-12.8V204.8c0-6.4-6.4-12.8-12.8-12.8h-22.4c-6.4 0-12.8 6.4-12.8 12.8v134.4c0 6.4 6.4 12.8 12.8 12.8zM496 400H48V80c0-8.84-7.16-16-16-16H16C7.16 64 0 71.16 0 80v336c0 17.67 14.33 32 32 32h464c8.84 0 16-7.16 16-16v-16c0-8.84-7.16-16-16-16zm-387.2-48h22.4c6.4 0 12.8-6.4 12.8-12.8v-70.4c0-6.4-6.4-12.8-12.8-12.8h-22.4c-6.4 0-12.8 6.4-12.8 12.8v70.4c0 6.4 6.4 12.8 12.8 12.8z\" class=\"\"><\/path><\/svg><\/i> <img loading=\"lazy\" decoding=\"async\" width=\"16\" height=\"16\" alt=\"Loading\" src=\"https:\/\/temucotelevision.cl\/web\/wp-content\/plugins\/page-views-count\/ajax-loader-2x.gif\" border=0 \/><\/p>\n<div class=\"pvc_clear\"><\/div>\n<p>El Parque CMPC Junquillar volvi\u00f3 a consolidarse como uno de los escenarios m\u00e1s relevantes del downhill chileno tras recibir la<\/p>\n","protected":false},"author":1,"featured_media":59444,"comment_status":"open","ping_status":"open","sticky":false,"template":"","format":"standard","meta":{"colormag_page_container_layout":"default_layout","colormag_page_sidebar_layout":"default_layout","footnotes":""},"categories":[101],"tags":[279],"class_list":["post-59443","post","type-post","status-publish","format-standard","has-post-thumbnail","hentry","category-actualidad","tag-parque"],"a3_pvc":{"activated":true,"total_views":1428,"today_views":0},"_links":{"self":[{"href":"https:\/\/temucotelevision.cl\/web\/wp-json\/wp\/v2\/posts\/59443","targetHints":{"allow":["GET"]}}],"collection":[{"href":"https:\/\/temucotelevision.cl\/web\/wp-json\/wp\/v2\/posts"}],"about":[{"href":"https:\/\/temucotelevision.cl\/web\/wp-json\/wp\/v2\/types\/post"}],"author":[{"embeddable":true,"href":"https:\/\/temucotelevision.cl\/web\/wp-json\/wp\/v2\/users\/1"}],"replies":[{"embeddable":true,"href":"https:\/\/temucotelevision.cl\/web\/wp-json\/wp\/v2\/comments?post=59443"}],"version-history":[{"count":1,"href":"https:\/\/temucotelevision.cl\/web\/wp-json\/wp\/v2\/posts\/59443\/revisions"}],"predecessor-version":[{"id":59446,"href":"https:\/\/temucotelevision.cl\/web\/wp-json\/wp\/v2\/posts\/59443\/revisions\/59446"}],"wp:featuredmedia":[{"embeddable":true,"href":"https:\/\/temucotelevision.cl\/web\/wp-json\/wp\/v2\/media\/59444"}],"wp:attachment":[{"href":"https:\/\/temucotelevision.cl\/web\/wp-json\/wp\/v2\/media?parent=59443"}],"wp:term":[{"taxonomy":"category","embeddable":true,"href":"https:\/\/temucotelevision.cl\/web\/wp-json\/wp\/v2\/categories?post=59443"},{"taxonomy":"post_tag","embeddable":true,"href":"https:\/\/temucotelevision.cl\/web\/wp-json\/wp\/v2\/tags?post=59443"}],"curies":[{"name":"wp","href":"https:\/\/api.w.org\/{rel}","templated":true}]}}