{"id":59440,"date":"2025-11-26T17:27:09","date_gmt":"2025-11-26T20:27:09","guid":{"rendered":"https:\/\/temucotelevision.cl\/web\/?p=59440"},"modified":"2025-11-26T17:27:10","modified_gmt":"2025-11-26T20:27:10","slug":"capitan-pastene-inauguro-los-56-juegos-infantiles-nahuelbuta-que-congrega-a-mas-de-300-atletas","status":"publish","type":"post","link":"https:\/\/temucotelevision.cl\/web\/2025\/11\/26\/capitan-pastene-inauguro-los-56-juegos-infantiles-nahuelbuta-que-congrega-a-mas-de-300-atletas\/","title":{"rendered":"Capit\u00e1n Pastene inaugur\u00f3 los 56\u00b0 Juegos Infantiles Nahuelbuta que congrega a m\u00e1s de 300 atletas"},"content":{"rendered":"<div class=\"pvc_clear\"><\/div><p id=\"pvc_stats_59440\" class=\"pvc_stats total_only  \" data-element-id=\"59440\" style=\"\"><i class=\"pvc-stats-icon large\" aria-hidden=\"true\"><svg aria-hidden=\"true\" focusable=\"false\" data-prefix=\"far\" data-icon=\"chart-bar\" role=\"img\" xmlns=\"http:\/\/www.w3.org\/2000\/svg\" viewBox=\"0 0 512 512\" class=\"svg-inline--fa fa-chart-bar fa-w-16 fa-2x\"><path fill=\"currentColor\" d=\"M396.8 352h22.4c6.4 0 12.8-6.4 12.8-12.8V108.8c0-6.4-6.4-12.8-12.8-12.8h-22.4c-6.4 0-12.8 6.4-12.8 12.8v230.4c0 6.4 6.4 12.8 12.8 12.8zm-192 0h22.4c6.4 0 12.8-6.4 12.8-12.8V140.8c0-6.4-6.4-12.8-12.8-12.8h-22.4c-6.4 0-12.8 6.4-12.8 12.8v198.4c0 6.4 6.4 12.8 12.8 12.8zm96 0h22.4c6.4 0 12.8-6.4 12.8-12.8V204.8c0-6.4-6.4-12.8-12.8-12.8h-22.4c-6.4 0-12.8 6.4-12.8 12.8v134.4c0 6.4 6.4 12.8 12.8 12.8zM496 400H48V80c0-8.84-7.16-16-16-16H16C7.16 64 0 71.16 0 80v336c0 17.67 14.33 32 32 32h464c8.84 0 16-7.16 16-16v-16c0-8.84-7.16-16-16-16zm-387.2-48h22.4c6.4 0 12.8-6.4 12.8-12.8v-70.4c0-6.4-6.4-12.8-12.8-12.8h-22.4c-6.4 0-12.8 6.4-12.8 12.8v70.4c0 6.4 6.4 12.8 12.8 12.8z\" class=\"\"><\/path><\/svg><\/i> <img loading=\"lazy\" decoding=\"async\" width=\"16\" height=\"16\" alt=\"Loading\" src=\"https:\/\/temucotelevision.cl\/web\/wp-content\/plugins\/page-views-count\/ajax-loader-2x.gif\" border=0 \/><\/p><div class=\"pvc_clear\"><\/div>\n<p><strong>La cita cumple su versi\u00f3n 56 y es el evento deportivo escolar m\u00e1s antiguo de Sudam\u00e9rica. En ella participan seis establecimientos de Malleco y uno de la provincia de Arauco (Contulmo) en distintas competencias que en esta nueva edici\u00f3n tiene como sede Capit\u00e1n Pastene, comuna de Lumaco.<\/strong><\/p>\n\n\n\n<p>Un evento cl\u00e1sico del deporte escolar de nuestro pa\u00eds son los Juegos Nahuelbuta, instancia que en este 2025 cumple su versi\u00f3n n\u00famero 56 y que en esta oportunidad tiene como sede a la localidad de Capit\u00e1n Pastene, Comuna de Lumaco.<\/p>\n\n\n\n<p>Durante la presente los establecimientos: San Luis (Contulmo), Pedro de O\u00f1a y Enzo Ferrari (Pur\u00e9n), Gustavo V\u00e1squez D\u00edaz (Los Sauces), Emilia Romagna (Traigu\u00e9n), Valle de Lumaco y Rep\u00fablica de Italia ambos de la comuna anfitriona, competir\u00e1n en distintas disciplinas deportivas.<\/p>\n\n\n\n<p>En el marco de la inauguraci\u00f3n la que cont\u00f3 con la presencia del SEREMI del Deporte Roger Ancamil, los consejeros regionales Nicol\u00e1s Donz\u00e9 y Hugo Monsalves, de los alcaldes de los recintos educacionales participantes, autoridades comunales y directivos de las comunas, se realiz\u00f3 el tradicional desfile de delegaciones y un n\u00famero art\u00edstico, oportunidad en la que tambi\u00e9n el alcalde due\u00f1o de casa, Richard Leonelli Contreras, manifest\u00f3 el orgullo de ser los organizadores en esta oportunidad.<\/p>\n\n\n\n<p>Atletismo, b\u00e1squetbol en la serie damas y mujeres, futbolito, f\u00fatbol, son parte de las disciplinas que est\u00e1n en disputa hasta el viernes 28 de noviembre cuando se realice el acto de clausura.<\/p>\n\n\n\n<p>Leonelli, remarc\u00f3 el compromiso de sus pares de querer seguir fomentando la pr\u00e1ctica del deporte y que mejor con estos juegos que est\u00e1n en la historia de nuestro pa\u00eds, por sus distintas ediciones.<\/p>\n\n\n\n<p>\u201cEsto es una fiesta, porque los j\u00f3venes, los estudiantes de los distintos establecimientos, est\u00e1n representando no s\u00f3lo la insignia de sus colegios, sino a sus comunas, as\u00ed que esto es realmente maravilloso y una instancia para demostrar que en esta zona hay talentos importantes que quieren tambi\u00e9n hacer su nombre dentro del deporte del pa\u00eds\u201d, puntualiz\u00f3 Richard Leonelli.<\/p>\n\n\n\n<p>En la actividad tambi\u00e9n se hizo un reconocimiento a participantes hist\u00f3ricos de este evento, que dio el vamos con el encendido&nbsp;de&nbsp;la&nbsp;antorcha.<\/p>\n","protected":false},"excerpt":{"rendered":"<div class=\"pvc_clear\"><\/div>\n<p id=\"pvc_stats_59440\" class=\"pvc_stats total_only  \" data-element-id=\"59440\" style=\"\"><i class=\"pvc-stats-icon large\" aria-hidden=\"true\"><svg aria-hidden=\"true\" focusable=\"false\" data-prefix=\"far\" data-icon=\"chart-bar\" role=\"img\" xmlns=\"http:\/\/www.w3.org\/2000\/svg\" viewBox=\"0 0 512 512\" class=\"svg-inline--fa fa-chart-bar fa-w-16 fa-2x\"><path fill=\"currentColor\" d=\"M396.8 352h22.4c6.4 0 12.8-6.4 12.8-12.8V108.8c0-6.4-6.4-12.8-12.8-12.8h-22.4c-6.4 0-12.8 6.4-12.8 12.8v230.4c0 6.4 6.4 12.8 12.8 12.8zm-192 0h22.4c6.4 0 12.8-6.4 12.8-12.8V140.8c0-6.4-6.4-12.8-12.8-12.8h-22.4c-6.4 0-12.8 6.4-12.8 12.8v198.4c0 6.4 6.4 12.8 12.8 12.8zm96 0h22.4c6.4 0 12.8-6.4 12.8-12.8V204.8c0-6.4-6.4-12.8-12.8-12.8h-22.4c-6.4 0-12.8 6.4-12.8 12.8v134.4c0 6.4 6.4 12.8 12.8 12.8zM496 400H48V80c0-8.84-7.16-16-16-16H16C7.16 64 0 71.16 0 80v336c0 17.67 14.33 32 32 32h464c8.84 0 16-7.16 16-16v-16c0-8.84-7.16-16-16-16zm-387.2-48h22.4c6.4 0 12.8-6.4 12.8-12.8v-70.4c0-6.4-6.4-12.8-12.8-12.8h-22.4c-6.4 0-12.8 6.4-12.8 12.8v70.4c0 6.4 6.4 12.8 12.8 12.8z\" class=\"\"><\/path><\/svg><\/i> <img loading=\"lazy\" decoding=\"async\" width=\"16\" height=\"16\" alt=\"Loading\" src=\"https:\/\/temucotelevision.cl\/web\/wp-content\/plugins\/page-views-count\/ajax-loader-2x.gif\" border=0 \/><\/p>\n<div class=\"pvc_clear\"><\/div>\n<p>La cita cumple su versi\u00f3n 56 y es el evento deportivo escolar m\u00e1s antiguo de Sudam\u00e9rica. En ella participan seis<\/p>\n","protected":false},"author":1,"featured_media":59441,"comment_status":"open","ping_status":"open","sticky":false,"template":"","format":"standard","meta":{"colormag_page_container_layout":"default_layout","colormag_page_sidebar_layout":"default_layout","footnotes":""},"categories":[86],"tags":[1066],"class_list":["post-59440","post","type-post","status-publish","format-standard","has-post-thumbnail","hentry","category-panoramas","tag-atletas"],"a3_pvc":{"activated":true,"total_views":1124,"today_views":0},"_links":{"self":[{"href":"https:\/\/temucotelevision.cl\/web\/wp-json\/wp\/v2\/posts\/59440","targetHints":{"allow":["GET"]}}],"collection":[{"href":"https:\/\/temucotelevision.cl\/web\/wp-json\/wp\/v2\/posts"}],"about":[{"href":"https:\/\/temucotelevision.cl\/web\/wp-json\/wp\/v2\/types\/post"}],"author":[{"embeddable":true,"href":"https:\/\/temucotelevision.cl\/web\/wp-json\/wp\/v2\/users\/1"}],"replies":[{"embeddable":true,"href":"https:\/\/temucotelevision.cl\/web\/wp-json\/wp\/v2\/comments?post=59440"}],"version-history":[{"count":1,"href":"https:\/\/temucotelevision.cl\/web\/wp-json\/wp\/v2\/posts\/59440\/revisions"}],"predecessor-version":[{"id":59442,"href":"https:\/\/temucotelevision.cl\/web\/wp-json\/wp\/v2\/posts\/59440\/revisions\/59442"}],"wp:featuredmedia":[{"embeddable":true,"href":"https:\/\/temucotelevision.cl\/web\/wp-json\/wp\/v2\/media\/59441"}],"wp:attachment":[{"href":"https:\/\/temucotelevision.cl\/web\/wp-json\/wp\/v2\/media?parent=59440"}],"wp:term":[{"taxonomy":"category","embeddable":true,"href":"https:\/\/temucotelevision.cl\/web\/wp-json\/wp\/v2\/categories?post=59440"},{"taxonomy":"post_tag","embeddable":true,"href":"https:\/\/temucotelevision.cl\/web\/wp-json\/wp\/v2\/tags?post=59440"}],"curies":[{"name":"wp","href":"https:\/\/api.w.org\/{rel}","templated":true}]}}