{"id":59429,"date":"2025-11-26T16:57:48","date_gmt":"2025-11-26T19:57:48","guid":{"rendered":"https:\/\/temucotelevision.cl\/web\/?p=59429"},"modified":"2025-11-26T16:57:49","modified_gmt":"2025-11-26T19:57:49","slug":"exposicion-andar-en-tren-a-los-175-permanece-abierta-en-el-museo-ferroviario-hasta-el-4-de-diciembre","status":"publish","type":"post","link":"https:\/\/temucotelevision.cl\/web\/2025\/11\/26\/exposicion-andar-en-tren-a-los-175-permanece-abierta-en-el-museo-ferroviario-hasta-el-4-de-diciembre\/","title":{"rendered":"Exposici\u00f3n \u201cAndar en tren a los 175\u2026\u201d permanece abierta en el Museo Ferroviario hasta el 4 de diciembre"},"content":{"rendered":"<div class=\"pvc_clear\"><\/div><p id=\"pvc_stats_59429\" class=\"pvc_stats total_only  \" data-element-id=\"59429\" style=\"\"><i class=\"pvc-stats-icon large\" aria-hidden=\"true\"><svg aria-hidden=\"true\" focusable=\"false\" data-prefix=\"far\" data-icon=\"chart-bar\" role=\"img\" xmlns=\"http:\/\/www.w3.org\/2000\/svg\" viewBox=\"0 0 512 512\" class=\"svg-inline--fa fa-chart-bar fa-w-16 fa-2x\"><path fill=\"currentColor\" d=\"M396.8 352h22.4c6.4 0 12.8-6.4 12.8-12.8V108.8c0-6.4-6.4-12.8-12.8-12.8h-22.4c-6.4 0-12.8 6.4-12.8 12.8v230.4c0 6.4 6.4 12.8 12.8 12.8zm-192 0h22.4c6.4 0 12.8-6.4 12.8-12.8V140.8c0-6.4-6.4-12.8-12.8-12.8h-22.4c-6.4 0-12.8 6.4-12.8 12.8v198.4c0 6.4 6.4 12.8 12.8 12.8zm96 0h22.4c6.4 0 12.8-6.4 12.8-12.8V204.8c0-6.4-6.4-12.8-12.8-12.8h-22.4c-6.4 0-12.8 6.4-12.8 12.8v134.4c0 6.4 6.4 12.8 12.8 12.8zM496 400H48V80c0-8.84-7.16-16-16-16H16C7.16 64 0 71.16 0 80v336c0 17.67 14.33 32 32 32h464c8.84 0 16-7.16 16-16v-16c0-8.84-7.16-16-16-16zm-387.2-48h22.4c6.4 0 12.8-6.4 12.8-12.8v-70.4c0-6.4-6.4-12.8-12.8-12.8h-22.4c-6.4 0-12.8 6.4-12.8 12.8v70.4c0 6.4 6.4 12.8 12.8 12.8z\" class=\"\"><\/path><\/svg><\/i> <img loading=\"lazy\" decoding=\"async\" width=\"16\" height=\"16\" alt=\"Loading\" src=\"https:\/\/temucotelevision.cl\/web\/wp-content\/plugins\/page-views-count\/ajax-loader-2x.gif\" border=0 \/><\/p><div class=\"pvc_clear\"><\/div>\n<p>La exposici\u00f3n colectiva \u201cAndar en tren a los 175\u2026 es de lo mejor\u201d permanece disponible para visitas en el Museo Nacional Ferroviario Pablo Neruda, donde m\u00e1s de cien artistas nacionales e internacionales presentan obras para homenajear la historia ferroviaria de Chile. Pinturas y esculturas conforman un recorrido que destaca el valor patrimonial, hist\u00f3rico y emocional del ferrocarril, especialmente en el marco de los 175 a\u00f1os de su llegada al pa\u00eds.<\/p>\n\n\n\n<p>En esta edici\u00f3n participan creadores de distintas disciplinas, entre ellos pintores, escultores, escritores, grabadores, ceramistas, muralistas, fot\u00f3grafos y orfebres, conformando una muestra diversa en t\u00e9cnicas y sensibilidades. A ello se suman las propuestas de artistas invitados de Argentina, Colombia, Venezuela y Espa\u00f1a, que ampl\u00edan la mirada art\u00edstica y permiten que el homenaje ferroviario transcienda fronteras, enriqueciendo el relato con perspectivas internacionales.<\/p>\n\n\n\n<p>&#8220;La exposici\u00f3n \u2018Andar en tren a los 175\u2026\u2019 es m\u00e1s que una muestra art\u00edstica: es una experiencia que revitaliza nuestras ra\u00edces, que vuelve a poner en valor el alma sobre rieles que ha definido nuestra historia. Este tipo de iniciativas nos recuerdan qui\u00e9nes somos y hacia d\u00f3nde queremos ir. Porque Temuco es una ciudad con identidad y pasado ferroviario&#8221;, dijo el alcalde de Temuco, Roberto Neira.<\/p>\n\n\n\n<p>El gestor cultural Hernol Flores explic\u00f3 que \u201cha sido un trabajo maravilloso, en donde todas estas disciplinas tuvieron una mirada tan personal desde su oficio a crear una obra inspirada en el ferrocarril a portas de los 175 a\u00f1os, entonces cada uno de ellos fue capaz de interpretar lo que es la llegada del tren a Chile\u201d. Adem\u00e1s, destac\u00f3 el sentido profundo que atraviesa la muestra, se\u00f1alando que \u201ccreo que de alguna manera esta exposici\u00f3n pide que se debe volver al ferrocarril, se debe volver a apreciar lo que ha hecho el ferrocarril posible en esta larga franja llamada Chile. Entonces ese es el rescate de esta exposici\u00f3n, es el rescate de un patrimonio, de emociones, de recuerdos, de viajes, es el rescate de sue\u00f1os. Y eso la hace mucho m\u00e1s impresionante y de un gran peso hist\u00f3rico\u201d.<\/p>\n\n\n\n<p>La invitaci\u00f3n est\u00e1 abierta para todos y todas quienes quieran recorrer esta experiencia art\u00edstica, disponible en el Museo Nacional Ferroviario Pablo Neruda, ubicado en Avenida Barros Arana 0565, de la capital regional.&nbsp;<\/p>\n\n\n\n<p>La muestra, podr\u00e1 visitarse hasta el 4 de diciembre y representa una oportunidad \u00fanica para disfrutar de obras que conectan arte, memoria y patrimonio en torno al mundo sobre rieles.<\/p>\n\n\n\n<figure class=\"wp-block-image size-large\"><img loading=\"lazy\" decoding=\"async\" width=\"1000\" height=\"667\" src=\"https:\/\/temucotelevision.cl\/web\/wp-content\/uploads\/2025\/11\/WhatsApp-Image-2025-11-19-at-18.51.14-1000x667.jpeg\" alt=\"\" class=\"wp-image-59431\" srcset=\"https:\/\/temucotelevision.cl\/web\/wp-content\/uploads\/2025\/11\/WhatsApp-Image-2025-11-19-at-18.51.14-1000x667.jpeg 1000w, https:\/\/temucotelevision.cl\/web\/wp-content\/uploads\/2025\/11\/WhatsApp-Image-2025-11-19-at-18.51.14-768x512.jpeg 768w, https:\/\/temucotelevision.cl\/web\/wp-content\/uploads\/2025\/11\/WhatsApp-Image-2025-11-19-at-18.51.14-1536x1024.jpeg 1536w, https:\/\/temucotelevision.cl\/web\/wp-content\/uploads\/2025\/11\/WhatsApp-Image-2025-11-19-at-18.51.14.jpeg 1599w\" sizes=\"auto, (max-width: 1000px) 100vw, 1000px\" \/><\/figure>\n","protected":false},"excerpt":{"rendered":"<div class=\"pvc_clear\"><\/div>\n<p id=\"pvc_stats_59429\" class=\"pvc_stats total_only  \" data-element-id=\"59429\" style=\"\"><i class=\"pvc-stats-icon large\" aria-hidden=\"true\"><svg aria-hidden=\"true\" focusable=\"false\" data-prefix=\"far\" data-icon=\"chart-bar\" role=\"img\" xmlns=\"http:\/\/www.w3.org\/2000\/svg\" viewBox=\"0 0 512 512\" class=\"svg-inline--fa fa-chart-bar fa-w-16 fa-2x\"><path fill=\"currentColor\" d=\"M396.8 352h22.4c6.4 0 12.8-6.4 12.8-12.8V108.8c0-6.4-6.4-12.8-12.8-12.8h-22.4c-6.4 0-12.8 6.4-12.8 12.8v230.4c0 6.4 6.4 12.8 12.8 12.8zm-192 0h22.4c6.4 0 12.8-6.4 12.8-12.8V140.8c0-6.4-6.4-12.8-12.8-12.8h-22.4c-6.4 0-12.8 6.4-12.8 12.8v198.4c0 6.4 6.4 12.8 12.8 12.8zm96 0h22.4c6.4 0 12.8-6.4 12.8-12.8V204.8c0-6.4-6.4-12.8-12.8-12.8h-22.4c-6.4 0-12.8 6.4-12.8 12.8v134.4c0 6.4 6.4 12.8 12.8 12.8zM496 400H48V80c0-8.84-7.16-16-16-16H16C7.16 64 0 71.16 0 80v336c0 17.67 14.33 32 32 32h464c8.84 0 16-7.16 16-16v-16c0-8.84-7.16-16-16-16zm-387.2-48h22.4c6.4 0 12.8-6.4 12.8-12.8v-70.4c0-6.4-6.4-12.8-12.8-12.8h-22.4c-6.4 0-12.8 6.4-12.8 12.8v70.4c0 6.4 6.4 12.8 12.8 12.8z\" class=\"\"><\/path><\/svg><\/i> <img loading=\"lazy\" decoding=\"async\" width=\"16\" height=\"16\" alt=\"Loading\" src=\"https:\/\/temucotelevision.cl\/web\/wp-content\/plugins\/page-views-count\/ajax-loader-2x.gif\" border=0 \/><\/p>\n<div class=\"pvc_clear\"><\/div>\n<p>La exposici\u00f3n colectiva \u201cAndar en tren a los 175\u2026 es de lo mejor\u201d permanece disponible para visitas en el Museo<\/p>\n","protected":false},"author":1,"featured_media":59430,"comment_status":"open","ping_status":"open","sticky":false,"template":"","format":"standard","meta":{"colormag_page_container_layout":"default_layout","colormag_page_sidebar_layout":"default_layout","footnotes":""},"categories":[86],"tags":[876],"class_list":["post-59429","post","type-post","status-publish","format-standard","has-post-thumbnail","hentry","category-panoramas","tag-exposicion"],"a3_pvc":{"activated":true,"total_views":26,"today_views":0},"_links":{"self":[{"href":"https:\/\/temucotelevision.cl\/web\/wp-json\/wp\/v2\/posts\/59429","targetHints":{"allow":["GET"]}}],"collection":[{"href":"https:\/\/temucotelevision.cl\/web\/wp-json\/wp\/v2\/posts"}],"about":[{"href":"https:\/\/temucotelevision.cl\/web\/wp-json\/wp\/v2\/types\/post"}],"author":[{"embeddable":true,"href":"https:\/\/temucotelevision.cl\/web\/wp-json\/wp\/v2\/users\/1"}],"replies":[{"embeddable":true,"href":"https:\/\/temucotelevision.cl\/web\/wp-json\/wp\/v2\/comments?post=59429"}],"version-history":[{"count":1,"href":"https:\/\/temucotelevision.cl\/web\/wp-json\/wp\/v2\/posts\/59429\/revisions"}],"predecessor-version":[{"id":59432,"href":"https:\/\/temucotelevision.cl\/web\/wp-json\/wp\/v2\/posts\/59429\/revisions\/59432"}],"wp:featuredmedia":[{"embeddable":true,"href":"https:\/\/temucotelevision.cl\/web\/wp-json\/wp\/v2\/media\/59430"}],"wp:attachment":[{"href":"https:\/\/temucotelevision.cl\/web\/wp-json\/wp\/v2\/media?parent=59429"}],"wp:term":[{"taxonomy":"category","embeddable":true,"href":"https:\/\/temucotelevision.cl\/web\/wp-json\/wp\/v2\/categories?post=59429"},{"taxonomy":"post_tag","embeddable":true,"href":"https:\/\/temucotelevision.cl\/web\/wp-json\/wp\/v2\/tags?post=59429"}],"curies":[{"name":"wp","href":"https:\/\/api.w.org\/{rel}","templated":true}]}}