{"id":59423,"date":"2025-11-26T16:23:48","date_gmt":"2025-11-26T19:23:48","guid":{"rendered":"https:\/\/temucotelevision.cl\/web\/?p=59423"},"modified":"2025-11-26T16:23:50","modified_gmt":"2025-11-26T19:23:50","slug":"con-entradas-agotadas-el-municipal-de-temuco-presenta-la-monumental-novena-sinfonia-de-beethoven","status":"publish","type":"post","link":"https:\/\/temucotelevision.cl\/web\/2025\/11\/26\/con-entradas-agotadas-el-municipal-de-temuco-presenta-la-monumental-novena-sinfonia-de-beethoven\/","title":{"rendered":"Con entradas agotadas el Municipal de Temuco presenta la monumental Novena Sinfon\u00eda de Beethoven"},"content":{"rendered":"<div class=\"pvc_clear\"><\/div><p id=\"pvc_stats_59423\" class=\"pvc_stats total_only  \" data-element-id=\"59423\" style=\"\"><i class=\"pvc-stats-icon large\" aria-hidden=\"true\"><svg aria-hidden=\"true\" focusable=\"false\" data-prefix=\"far\" data-icon=\"chart-bar\" role=\"img\" xmlns=\"http:\/\/www.w3.org\/2000\/svg\" viewBox=\"0 0 512 512\" class=\"svg-inline--fa fa-chart-bar fa-w-16 fa-2x\"><path fill=\"currentColor\" d=\"M396.8 352h22.4c6.4 0 12.8-6.4 12.8-12.8V108.8c0-6.4-6.4-12.8-12.8-12.8h-22.4c-6.4 0-12.8 6.4-12.8 12.8v230.4c0 6.4 6.4 12.8 12.8 12.8zm-192 0h22.4c6.4 0 12.8-6.4 12.8-12.8V140.8c0-6.4-6.4-12.8-12.8-12.8h-22.4c-6.4 0-12.8 6.4-12.8 12.8v198.4c0 6.4 6.4 12.8 12.8 12.8zm96 0h22.4c6.4 0 12.8-6.4 12.8-12.8V204.8c0-6.4-6.4-12.8-12.8-12.8h-22.4c-6.4 0-12.8 6.4-12.8 12.8v134.4c0 6.4 6.4 12.8 12.8 12.8zM496 400H48V80c0-8.84-7.16-16-16-16H16C7.16 64 0 71.16 0 80v336c0 17.67 14.33 32 32 32h464c8.84 0 16-7.16 16-16v-16c0-8.84-7.16-16-16-16zm-387.2-48h22.4c6.4 0 12.8-6.4 12.8-12.8v-70.4c0-6.4-6.4-12.8-12.8-12.8h-22.4c-6.4 0-12.8 6.4-12.8 12.8v70.4c0 6.4 6.4 12.8 12.8 12.8z\" class=\"\"><\/path><\/svg><\/i> <img loading=\"lazy\" decoding=\"async\" width=\"16\" height=\"16\" alt=\"Loading\" src=\"https:\/\/temucotelevision.cl\/web\/wp-content\/plugins\/page-views-count\/ajax-loader-2x.gif\" border=0 \/><\/p><div class=\"pvc_clear\"><\/div>\n<p><em>El Noveno Concierto de Temporada reunir\u00e1 este viernes 28 de noviembre, a las 20:00 horas, a m\u00e1s de 150 artistas en escena.<\/em><\/p>\n\n\n\n<p>El Teatro Municipal de Temuco se prepara para una velada hist\u00f3rica con la presentaci\u00f3n de la Sinfon\u00eda No. 9 de Ludwig van Beethoven, obra central del Noveno Concierto de Temporada. La funci\u00f3n, programada para este viernes 28 de noviembre a las 20:00 horas, agot\u00f3 la totalidad de sus entradas con varios d\u00edas de anticipaci\u00f3n, confirmando el enorme inter\u00e9s del p\u00fablico y una sala llena que superar\u00e1 los mil asistentes.<\/p>\n\n\n\n<p>La interpretaci\u00f3n estar\u00e1 a cargo de la Orquesta Filarm\u00f3nica de Temuco, bajo la direcci\u00f3n musical del maestro David Ayma, quien destaca que la Novena Sinfon\u00eda exige un trabajo de precisi\u00f3n y unidad que va mucho m\u00e1s all\u00e1 del sonido orquestal. En esta ocasi\u00f3n, el desaf\u00edo involucra coordinar a m\u00e1s de 150 artistas en escena, entre m\u00fasicos, solistas y coros, todos inmersos en una de las partituras m\u00e1s extensas y complejas del repertorio sinf\u00f3nico.<\/p>\n\n\n\n<p>Ayma explica que dirigir esta obra sin duda es un desaf\u00edo que lleva con agrado. \u201cLa Novena Sinfon\u00eda es un desaf\u00edo importante, porque no se trata solo de la orquesta, es conducir un escenario completo, donde cada gesto debe alinear a m\u00e1s de un centenar de int\u00e9rpretes. Al mismo tiempo, es uno de los momentos m\u00e1s gratificantes de cualquier temporada\u201d, comenta. El director agrega que la fuerza emocional de la obra tambi\u00e9n marca la experiencia, \u201cno es solo monumental, es un abrazo musical a la comunidad que conecta con un mensaje universal de esperanza y fraternidad, y estoy seguro de que el p\u00fablico vivir\u00e1 esa misma intensidad\u201d.<\/p>\n\n\n\n<p>La obra ser\u00e1 interpretada en su formato completo, permitiendo al p\u00fablico sumergirse en el viaje emocional que Beethoven concibi\u00f3 en sus \u00faltimos a\u00f1os de vida. Desde la tensi\u00f3n solemne del primer movimiento, pasando por la energ\u00eda implacable del Scherzo, hasta la profundidad contemplativa del Adagio molto e cantabile, el programa ir\u00e1 construyendo el camino hacia el cuarto movimiento, donde irrumpen las voces para dar vida a la c\u00e9lebre \u201cOda a la Alegr\u00eda\u201d, un himno universal que celebra la uni\u00f3n y la fraternidad humana.<\/p>\n\n\n\n<p>En la preparaci\u00f3n coral, el trabajo ha sido especialmente demandante. Como director de coro, Daniel Far\u00edas ha liderado semanas de ensayos intensivos, muchas veces de varias horas consecutivas, para lograr la unidad vocal y la potencia interpretativa que exige este concierto. La Novena de Beethoven presenta pasajes de enorme dificultad t\u00e9cnica, no solo por su registro, sino por la precisi\u00f3n r\u00edtmica y la resistencia vocal que requiere sostener una obra de esta magnitud. Desde esa mirada, el maestro se\u00f1ala que, \u201cpara los coros, interpretar esta obra es un viaje t\u00e9cnico. Son horas de ensayo, de ajustar detalles, de aprender a respirar juntos. La \u2018Oda a la Alegr\u00eda\u2019 es un canto que une, que invita a celebrar y a reflexionar. Ser\u00e1 un honor compartir este momento con la Filarm\u00f3nica, los solistas y un p\u00fablico que ha demostrado un apoyo extraordinario\u201d, agregando que \u201cdesde 2014 que no se interpreta la Novena Sinfon\u00eda en nuestro Teatro, y el \u00faltimo intento fue justo antes de la pandemia. Est\u00e1bamos listos para presentarla y todo se detuvo. Por eso esta instancia es tan significativa, porque hemos esperado muchos a\u00f1os para volver a vivirla\u201d, se\u00f1al\u00f3.<\/p>\n\n\n\n<p>La directora del Teatro Municipal de Temuco, Carolina Castillo, enfatiz\u00f3 el valor cultural de este hito para la ciudad y la regi\u00f3n. \u201cPresentar la Novena Sinfon\u00eda con entradas agotadas confirma la conexi\u00f3n que Temuco mantiene con las artes y la m\u00fasica sinf\u00f3nica. Este concierto representa un esfuerzo colectivo inmenso y, al mismo tiempo, un regalo para la comunidad. Nos emociona ver c\u00f3mo el p\u00fablico responde y se apropia de estos grandes momentos culturales\u201d, se\u00f1al\u00f3.<\/p>\n\n\n\n<p>Con esta presentaci\u00f3n, el Municipal de Temuco consolida uno de los hitos m\u00e1s relevantes de su temporada 2025, ofreciendo una experiencia musical que promete marcar a la audiencia y a toda la comunidad art\u00edstica local.<\/p>\n","protected":false},"excerpt":{"rendered":"<div class=\"pvc_clear\"><\/div>\n<p id=\"pvc_stats_59423\" class=\"pvc_stats total_only  \" data-element-id=\"59423\" style=\"\"><i class=\"pvc-stats-icon large\" aria-hidden=\"true\"><svg aria-hidden=\"true\" focusable=\"false\" data-prefix=\"far\" data-icon=\"chart-bar\" role=\"img\" xmlns=\"http:\/\/www.w3.org\/2000\/svg\" viewBox=\"0 0 512 512\" class=\"svg-inline--fa fa-chart-bar fa-w-16 fa-2x\"><path fill=\"currentColor\" d=\"M396.8 352h22.4c6.4 0 12.8-6.4 12.8-12.8V108.8c0-6.4-6.4-12.8-12.8-12.8h-22.4c-6.4 0-12.8 6.4-12.8 12.8v230.4c0 6.4 6.4 12.8 12.8 12.8zm-192 0h22.4c6.4 0 12.8-6.4 12.8-12.8V140.8c0-6.4-6.4-12.8-12.8-12.8h-22.4c-6.4 0-12.8 6.4-12.8 12.8v198.4c0 6.4 6.4 12.8 12.8 12.8zm96 0h22.4c6.4 0 12.8-6.4 12.8-12.8V204.8c0-6.4-6.4-12.8-12.8-12.8h-22.4c-6.4 0-12.8 6.4-12.8 12.8v134.4c0 6.4 6.4 12.8 12.8 12.8zM496 400H48V80c0-8.84-7.16-16-16-16H16C7.16 64 0 71.16 0 80v336c0 17.67 14.33 32 32 32h464c8.84 0 16-7.16 16-16v-16c0-8.84-7.16-16-16-16zm-387.2-48h22.4c6.4 0 12.8-6.4 12.8-12.8v-70.4c0-6.4-6.4-12.8-12.8-12.8h-22.4c-6.4 0-12.8 6.4-12.8 12.8v70.4c0 6.4 6.4 12.8 12.8 12.8z\" class=\"\"><\/path><\/svg><\/i> <img loading=\"lazy\" decoding=\"async\" width=\"16\" height=\"16\" alt=\"Loading\" src=\"https:\/\/temucotelevision.cl\/web\/wp-content\/plugins\/page-views-count\/ajax-loader-2x.gif\" border=0 \/><\/p>\n<div class=\"pvc_clear\"><\/div>\n<p>El Noveno Concierto de Temporada reunir\u00e1 este viernes 28 de noviembre, a las 20:00 horas, a m\u00e1s de 150 artistas<\/p>\n","protected":false},"author":1,"featured_media":59424,"comment_status":"open","ping_status":"open","sticky":false,"template":"","format":"standard","meta":{"colormag_page_container_layout":"default_layout","colormag_page_sidebar_layout":"default_layout","footnotes":""},"categories":[86],"tags":[6590],"class_list":["post-59423","post","type-post","status-publish","format-standard","has-post-thumbnail","hentry","category-panoramas","tag-sinfonia"],"a3_pvc":{"activated":true,"total_views":1855,"today_views":0},"_links":{"self":[{"href":"https:\/\/temucotelevision.cl\/web\/wp-json\/wp\/v2\/posts\/59423","targetHints":{"allow":["GET"]}}],"collection":[{"href":"https:\/\/temucotelevision.cl\/web\/wp-json\/wp\/v2\/posts"}],"about":[{"href":"https:\/\/temucotelevision.cl\/web\/wp-json\/wp\/v2\/types\/post"}],"author":[{"embeddable":true,"href":"https:\/\/temucotelevision.cl\/web\/wp-json\/wp\/v2\/users\/1"}],"replies":[{"embeddable":true,"href":"https:\/\/temucotelevision.cl\/web\/wp-json\/wp\/v2\/comments?post=59423"}],"version-history":[{"count":1,"href":"https:\/\/temucotelevision.cl\/web\/wp-json\/wp\/v2\/posts\/59423\/revisions"}],"predecessor-version":[{"id":59425,"href":"https:\/\/temucotelevision.cl\/web\/wp-json\/wp\/v2\/posts\/59423\/revisions\/59425"}],"wp:featuredmedia":[{"embeddable":true,"href":"https:\/\/temucotelevision.cl\/web\/wp-json\/wp\/v2\/media\/59424"}],"wp:attachment":[{"href":"https:\/\/temucotelevision.cl\/web\/wp-json\/wp\/v2\/media?parent=59423"}],"wp:term":[{"taxonomy":"category","embeddable":true,"href":"https:\/\/temucotelevision.cl\/web\/wp-json\/wp\/v2\/categories?post=59423"},{"taxonomy":"post_tag","embeddable":true,"href":"https:\/\/temucotelevision.cl\/web\/wp-json\/wp\/v2\/tags?post=59423"}],"curies":[{"name":"wp","href":"https:\/\/api.w.org\/{rel}","templated":true}]}}