{"id":59420,"date":"2025-11-26T16:15:24","date_gmt":"2025-11-26T19:15:24","guid":{"rendered":"https:\/\/temucotelevision.cl\/web\/?p=59420"},"modified":"2025-11-26T16:15:25","modified_gmt":"2025-11-26T19:15:25","slug":"diputado-beltran-exige-recursos-urgentes-para-mejorar-salud-y-obras-publicas-en-la-araucania","status":"publish","type":"post","link":"https:\/\/temucotelevision.cl\/web\/2025\/11\/26\/diputado-beltran-exige-recursos-urgentes-para-mejorar-salud-y-obras-publicas-en-la-araucania\/","title":{"rendered":"Diputado Beltr\u00e1n exige recursos urgentes para mejorar salud y obras p\u00fablicas en La Araucan\u00eda"},"content":{"rendered":"<div class=\"pvc_clear\"><\/div><p id=\"pvc_stats_59420\" class=\"pvc_stats total_only  \" data-element-id=\"59420\" style=\"\"><i class=\"pvc-stats-icon large\" aria-hidden=\"true\"><svg aria-hidden=\"true\" focusable=\"false\" data-prefix=\"far\" data-icon=\"chart-bar\" role=\"img\" xmlns=\"http:\/\/www.w3.org\/2000\/svg\" viewBox=\"0 0 512 512\" class=\"svg-inline--fa fa-chart-bar fa-w-16 fa-2x\"><path fill=\"currentColor\" d=\"M396.8 352h22.4c6.4 0 12.8-6.4 12.8-12.8V108.8c0-6.4-6.4-12.8-12.8-12.8h-22.4c-6.4 0-12.8 6.4-12.8 12.8v230.4c0 6.4 6.4 12.8 12.8 12.8zm-192 0h22.4c6.4 0 12.8-6.4 12.8-12.8V140.8c0-6.4-6.4-12.8-12.8-12.8h-22.4c-6.4 0-12.8 6.4-12.8 12.8v198.4c0 6.4 6.4 12.8 12.8 12.8zm96 0h22.4c6.4 0 12.8-6.4 12.8-12.8V204.8c0-6.4-6.4-12.8-12.8-12.8h-22.4c-6.4 0-12.8 6.4-12.8 12.8v134.4c0 6.4 6.4 12.8 12.8 12.8zM496 400H48V80c0-8.84-7.16-16-16-16H16C7.16 64 0 71.16 0 80v336c0 17.67 14.33 32 32 32h464c8.84 0 16-7.16 16-16v-16c0-8.84-7.16-16-16-16zm-387.2-48h22.4c6.4 0 12.8-6.4 12.8-12.8v-70.4c0-6.4-6.4-12.8-12.8-12.8h-22.4c-6.4 0-12.8 6.4-12.8 12.8v70.4c0 6.4 6.4 12.8 12.8 12.8z\" class=\"\"><\/path><\/svg><\/i> <img loading=\"lazy\" decoding=\"async\" width=\"16\" height=\"16\" alt=\"Loading\" src=\"https:\/\/temucotelevision.cl\/web\/wp-content\/plugins\/page-views-count\/ajax-loader-2x.gif\" border=0 \/><\/p><div class=\"pvc_clear\"><\/div>\n<p>El Parlamentario Mallequino solicit\u00f3 al Ministro de Hacienda, asegurar financiamiento para centros de di\u00e1lisis, normalizaci\u00f3n y construcci\u00f3n de hospitales, adem\u00e1s de reposici\u00f3n de ambulancias y equipamiento.&nbsp;<\/p>\n\n\n\n<p>En el marco de la discusi\u00f3n de la Ley de Presupuesto 2026, el diputado por el Distrito 22 Juan Carlos Beltr\u00e1n Silva manifest\u00f3 su profunda preocupaci\u00f3n por las falencias y precariedades que afectan actualmente al sistema de salud en La Araucan\u00eda, tanto en el sector urbano como rural. En este contexto, solicit\u00f3 al Ministerio de Hacienda priorizar la asignaci\u00f3n de recursos para abordar necesidades consideradas esenciales por funcionarios, pacientes y autoridades locales.<\/p>\n\n\n\n<p>El Parlamentario Mallequino reiter\u00f3 la urgencia de asegurar el financiamiento para la construcci\u00f3n del Centro de Di\u00e1lisis de Pur\u00e9n, proyecto impulsado junto al alcalde Frann Barbieri y dirigentes comunales. Del mismo modo, pidi\u00f3 avanzar en el Centro de Di\u00e1lisis del Hospital de Lonquimay, iniciativa trabajada con el alcalde Eduardo Y\u00e1\u00f1ez, organizaciones sociales y vecinos.<\/p>\n\n\n\n<p>\u201cTambi\u00e9n solicito \u2014recalc\u00f3\u2014 que se entreguen los recursos para la normalizaci\u00f3n del Hospital de Traigu\u00e9n prioridad que he conversado con el alcalde Lu\u00eds \u00c1lvarez y para que por fin se aseguren los recursos para la construcci\u00f3n del Hospital de Vilc\u00fan, que hemos estado solicitando junto a su alcaldesa Katherine Migueles\u201d.<\/p>\n\n\n\n<p>En materia de equipamiento, el diputado Beltr\u00e1n requiri\u00f3 agilizar la reposici\u00f3n de ambulancias en distintos centros de salud de la regi\u00f3n y reiter\u00f3 la necesidad de financiar la adquisici\u00f3n de un angi\u00f3grafo biplano para el Hospital de Temuco, requerimiento presentado junto al doctor Marcelo Peldoza.<\/p>\n\n\n\n<p>Obras P\u00fablicas<\/p>\n\n\n\n<p>Juan Carlos Beltr\u00e1n tambi\u00e9n abord\u00f3 temas vinculados a obras p\u00fablicas. En esta l\u00ednea, pidi\u00f3 avanzar en una global mixta para Lonquimay, junto con asegurar recursos para proyectos de asfalto en los caminos rurales de Curacaut\u00edn y para la construcci\u00f3n de puentes en las comunas de Traigu\u00e9n y Lumaco.<\/p>\n\n\n\n<p>\u201cPido especial \u2014recalc\u00f3\u2014 para que se cuente con los recursos para el asfalto de la esperada Ruta S-31 en la comuna de Vilc\u00fan; el financiamiento que considere la mantenci\u00f3n integral del Estadio de Lautaro, un proyecto que hemos impulsado con fuerza con el alcalde de la comuna Ricardo Jaramillo; recursos para el programa Peque\u00f1as Localidades de Pillanlelb\u00fan a trav\u00e9s del Minvu; el financiamiento para dise\u00f1o del Parque Isabel Riquelme en el programa de Parques Urbanos del Minvu y un Plan Maestro de aguas lluvias de la DOH en la comuna de Lautaro\u201d.<\/p>\n\n\n\n<p>Finalmente, Juan Carlos Beltr\u00e1n subray\u00f3 la urgencia de atender estas necesidades, al considerar que se trata de problem\u00e1ticas esenciales para mejorar la calidad de vida de miles de vecinos de La Araucan\u00eda.<\/p>\n","protected":false},"excerpt":{"rendered":"<div class=\"pvc_clear\"><\/div>\n<p id=\"pvc_stats_59420\" class=\"pvc_stats total_only  \" data-element-id=\"59420\" style=\"\"><i class=\"pvc-stats-icon large\" aria-hidden=\"true\"><svg aria-hidden=\"true\" focusable=\"false\" data-prefix=\"far\" data-icon=\"chart-bar\" role=\"img\" xmlns=\"http:\/\/www.w3.org\/2000\/svg\" viewBox=\"0 0 512 512\" class=\"svg-inline--fa fa-chart-bar fa-w-16 fa-2x\"><path fill=\"currentColor\" d=\"M396.8 352h22.4c6.4 0 12.8-6.4 12.8-12.8V108.8c0-6.4-6.4-12.8-12.8-12.8h-22.4c-6.4 0-12.8 6.4-12.8 12.8v230.4c0 6.4 6.4 12.8 12.8 12.8zm-192 0h22.4c6.4 0 12.8-6.4 12.8-12.8V140.8c0-6.4-6.4-12.8-12.8-12.8h-22.4c-6.4 0-12.8 6.4-12.8 12.8v198.4c0 6.4 6.4 12.8 12.8 12.8zm96 0h22.4c6.4 0 12.8-6.4 12.8-12.8V204.8c0-6.4-6.4-12.8-12.8-12.8h-22.4c-6.4 0-12.8 6.4-12.8 12.8v134.4c0 6.4 6.4 12.8 12.8 12.8zM496 400H48V80c0-8.84-7.16-16-16-16H16C7.16 64 0 71.16 0 80v336c0 17.67 14.33 32 32 32h464c8.84 0 16-7.16 16-16v-16c0-8.84-7.16-16-16-16zm-387.2-48h22.4c6.4 0 12.8-6.4 12.8-12.8v-70.4c0-6.4-6.4-12.8-12.8-12.8h-22.4c-6.4 0-12.8 6.4-12.8 12.8v70.4c0 6.4 6.4 12.8 12.8 12.8z\" class=\"\"><\/path><\/svg><\/i> <img loading=\"lazy\" decoding=\"async\" width=\"16\" height=\"16\" alt=\"Loading\" src=\"https:\/\/temucotelevision.cl\/web\/wp-content\/plugins\/page-views-count\/ajax-loader-2x.gif\" border=0 \/><\/p>\n<div class=\"pvc_clear\"><\/div>\n<p>El Parlamentario Mallequino solicit\u00f3 al Ministro de Hacienda, asegurar financiamiento para centros de di\u00e1lisis, normalizaci\u00f3n y construcci\u00f3n de hospitales, adem\u00e1s<\/p>\n","protected":false},"author":1,"featured_media":59421,"comment_status":"open","ping_status":"open","sticky":false,"template":"","format":"standard","meta":{"colormag_page_container_layout":"default_layout","colormag_page_sidebar_layout":"default_layout","footnotes":""},"categories":[84],"tags":[154],"class_list":["post-59420","post","type-post","status-publish","format-standard","has-post-thumbnail","hentry","category-politica","tag-diputado"],"a3_pvc":{"activated":true,"total_views":3817,"today_views":0},"_links":{"self":[{"href":"https:\/\/temucotelevision.cl\/web\/wp-json\/wp\/v2\/posts\/59420","targetHints":{"allow":["GET"]}}],"collection":[{"href":"https:\/\/temucotelevision.cl\/web\/wp-json\/wp\/v2\/posts"}],"about":[{"href":"https:\/\/temucotelevision.cl\/web\/wp-json\/wp\/v2\/types\/post"}],"author":[{"embeddable":true,"href":"https:\/\/temucotelevision.cl\/web\/wp-json\/wp\/v2\/users\/1"}],"replies":[{"embeddable":true,"href":"https:\/\/temucotelevision.cl\/web\/wp-json\/wp\/v2\/comments?post=59420"}],"version-history":[{"count":1,"href":"https:\/\/temucotelevision.cl\/web\/wp-json\/wp\/v2\/posts\/59420\/revisions"}],"predecessor-version":[{"id":59422,"href":"https:\/\/temucotelevision.cl\/web\/wp-json\/wp\/v2\/posts\/59420\/revisions\/59422"}],"wp:featuredmedia":[{"embeddable":true,"href":"https:\/\/temucotelevision.cl\/web\/wp-json\/wp\/v2\/media\/59421"}],"wp:attachment":[{"href":"https:\/\/temucotelevision.cl\/web\/wp-json\/wp\/v2\/media?parent=59420"}],"wp:term":[{"taxonomy":"category","embeddable":true,"href":"https:\/\/temucotelevision.cl\/web\/wp-json\/wp\/v2\/categories?post=59420"},{"taxonomy":"post_tag","embeddable":true,"href":"https:\/\/temucotelevision.cl\/web\/wp-json\/wp\/v2\/tags?post=59420"}],"curies":[{"name":"wp","href":"https:\/\/api.w.org\/{rel}","templated":true}]}}