{"id":59416,"date":"2025-11-26T16:10:54","date_gmt":"2025-11-26T19:10:54","guid":{"rendered":"https:\/\/temucotelevision.cl\/web\/?p=59416"},"modified":"2025-11-26T16:10:56","modified_gmt":"2025-11-26T19:10:56","slug":"corma-advierte-alza-del-52-en-incendios-y-82-en-superficie-quemada-en-la-araucania","status":"publish","type":"post","link":"https:\/\/temucotelevision.cl\/web\/2025\/11\/26\/corma-advierte-alza-del-52-en-incendios-y-82-en-superficie-quemada-en-la-araucania\/","title":{"rendered":"Corma advierte alza del 52% en incendios y 82% en superficie quemada en La Araucan\u00eda"},"content":{"rendered":"<div class=\"pvc_clear\"><\/div><p id=\"pvc_stats_59416\" class=\"pvc_stats total_only  \" data-element-id=\"59416\" style=\"\"><i class=\"pvc-stats-icon large\" aria-hidden=\"true\"><svg aria-hidden=\"true\" focusable=\"false\" data-prefix=\"far\" data-icon=\"chart-bar\" role=\"img\" xmlns=\"http:\/\/www.w3.org\/2000\/svg\" viewBox=\"0 0 512 512\" class=\"svg-inline--fa fa-chart-bar fa-w-16 fa-2x\"><path fill=\"currentColor\" d=\"M396.8 352h22.4c6.4 0 12.8-6.4 12.8-12.8V108.8c0-6.4-6.4-12.8-12.8-12.8h-22.4c-6.4 0-12.8 6.4-12.8 12.8v230.4c0 6.4 6.4 12.8 12.8 12.8zm-192 0h22.4c6.4 0 12.8-6.4 12.8-12.8V140.8c0-6.4-6.4-12.8-12.8-12.8h-22.4c-6.4 0-12.8 6.4-12.8 12.8v198.4c0 6.4 6.4 12.8 12.8 12.8zm96 0h22.4c6.4 0 12.8-6.4 12.8-12.8V204.8c0-6.4-6.4-12.8-12.8-12.8h-22.4c-6.4 0-12.8 6.4-12.8 12.8v134.4c0 6.4 6.4 12.8 12.8 12.8zM496 400H48V80c0-8.84-7.16-16-16-16H16C7.16 64 0 71.16 0 80v336c0 17.67 14.33 32 32 32h464c8.84 0 16-7.16 16-16v-16c0-8.84-7.16-16-16-16zm-387.2-48h22.4c6.4 0 12.8-6.4 12.8-12.8v-70.4c0-6.4-6.4-12.8-12.8-12.8h-22.4c-6.4 0-12.8 6.4-12.8 12.8v70.4c0 6.4 6.4 12.8 12.8 12.8z\" class=\"\"><\/path><\/svg><\/i> <img loading=\"lazy\" decoding=\"async\" width=\"16\" height=\"16\" alt=\"Loading\" src=\"https:\/\/temucotelevision.cl\/web\/wp-content\/plugins\/page-views-count\/ajax-loader-2x.gif\" border=0 \/><\/p><div class=\"pvc_clear\"><\/div>\n<p><strong>En este contexto, el gremio forestal, SOFO y Conaf, realizaron en Temuco el seminario \u201cUn territorio preparado, un verano m\u00e1s seguro\u201d, para fortalecer la coordinaci\u00f3n y la preparaci\u00f3n frente a un verano de alto riesgo.<\/strong><\/p>\n\n\n\n<p>Con un llamado a fortalecer el trabajo conjunto, la Corporaci\u00f3n Chilena de la Madera (Corma), la Sociedad de Fomento Agr\u00edcola (SOFO) y la Corporaci\u00f3n Nacional Forestal (Conaf), realizaron en Temuco el seminario de Prevenci\u00f3n de Incendios Forestales&nbsp;\u201cUn territorio preparado, un verano m\u00e1s seguro\u201d, instancia que reuni\u00f3 a m\u00e1s de 130 personas, entre autoridades, especialistas, organizaciones comunitarias y representantes del sector productivo.<\/p>\n\n\n\n<p>El encuentro contempl\u00f3 exposiciones t\u00e9cnicas, an\u00e1lisis de coordinaci\u00f3n interinstitucional y experiencias de trabajo preventivo en zonas de interfaz, con el objetivo de fortalecer la capacidad de respuesta y reducir los riesgos para comunidades y ecosistemas.<\/p>\n\n\n\n<p>El presidente de Corma Araucan\u00eda, Los R\u00edos y Los Lagos, Antonio Soto, dio a conocer las cifras del Sistema de Informaci\u00f3n Digital para Control de Operaciones (SIDCO), donde en La Araucan\u00eda se han registrado&nbsp;155 incendios en la temporada 2025-2026, lo que representa un&nbsp;52% de aumento&nbsp;respecto al mismo per\u00edodo del a\u00f1o anterior (105 incendios).<\/p>\n\n\n\n<p>Asimismo, las hect\u00e1reas afectadas subieron de 95 a&nbsp;173 ha., un&nbsp;82% m\u00e1s&nbsp;que la temporada pasada. Del total de incendios,&nbsp;104 ocurrieron en la provincia de Caut\u00edn&nbsp;y&nbsp;51 en Malleco. En cuanto a superficie da\u00f1ada,&nbsp;118 hect\u00e1reas corresponden a Caut\u00edn&nbsp;y&nbsp;55 a Malleco.<\/p>\n\n\n\n<p>Otro dato preocupante es el origen de los siniestros, en donde del total de 155 incendios,&nbsp;32% han sido intencionales,&nbsp;41% obedecen a negligencias&nbsp;y un&nbsp;27% se mantiene sin informaci\u00f3n confirmada.<\/p>\n\n\n\n<p>\u201cEstas cifras no solo hablan de una realidad desafiante, sino que muestran por qu\u00e9 es indispensable reforzar la prevenci\u00f3n, educaci\u00f3n y trabajo conjunto. Un tercio de los incendios en La Araucan\u00eda son intencionales y casi la mitad responde a negligencias, lo que nos obliga a actuar con mayor firmeza, pero tambi\u00e9n con mayor cercan\u00eda con la ciudadan\u00eda\u201d, se\u00f1al\u00f3&nbsp;el presidente Corma Araucan\u00eda, Los R\u00edos y Los Lagos.<\/p>\n\n\n\n<p>Agreg\u00f3 que \u201choy necesitamos hacer cosas distintas y el desaf\u00edo real es anticiparnos a los incendios extremos. Sabemos que estos eventos pueden desencadenarse cuando se combinan altas temperaturas, vientos fuertes y baja humedad, y por eso debemos reforzar nuestra preparaci\u00f3n territorial\u201d.<\/p>\n\n\n\n<p>El dirigente gremial tambi\u00e9n advirti\u00f3 sobre la acumulaci\u00f3n de combustible en zonas donde el manejo del bosque se ha visto restringido. \u201cEn varias comunas, las limitaciones ambientales han impedido reducir estas cargas de combustible. Si no enfrentamos estas restricciones con soluciones consensuadas y basadas en evidencia, estaremos reaccionando tarde. Ese es el cambio que debemos impulsar con urgencia\u201d, manifest\u00f3.<\/p>\n\n\n\n<p>En esta misma l\u00ednea, el Presidente del Departamento Protecci\u00f3n Bosque de Corma, Ram\u00f3n Figueroa, resalt\u00f3 que \u201cestamos enfrentando condiciones con menos lluvias, una primavera seca y un escenario que favorece la r\u00e1pida propagaci\u00f3n de incendios, por lo que debemos prepararnos para eventos extremos que pueden superar la capacidad humana de control, aplicando medidas como cortes preventivos de energ\u00eda, cierres de caminos, restricci\u00f3n total del uso del fuego y evacuaciones anticipadas. Adem\u00e1s, debemos compatibilizar los Planes de Descontaminaci\u00f3n con la reducci\u00f3n de combustible vegetal, ya que si no limpiamos el material fino muerto, estaremos expuestos a incendios de gran velocidad e impacto que pondr\u00e1n en riesgo a las comunidades y los ecosistemas\u201d.<\/p>\n\n\n\n<p>Figueroa agreg\u00f3 que &#8220;es fundamental que el Estado, a trav\u00e9s de las polic\u00edas y de las instituciones responsables del Estado de Excepci\u00f3n Constitucional en Biob\u00edo y La Araucan\u00eda, intervenga con decisi\u00f3n en los sectores donde se concentra la ocurrencia intencional de incendios, que a\u00f1o a a\u00f1o afectan gravemente a nuestras regiones. Al mismo tiempo, se debe proteger con mayor eficacia a los equipos p\u00fablicos y privados que realizan labores de prevenci\u00f3n y combate, para no volver a enfrentar situaciones como las de temporadas anteriores, con personas heridas o m\u00e1rtires que lamentar&#8221;.<\/p>\n\n\n\n<p>La Directora CONAF Araucan\u00eda, Mar\u00eda Teresa Huentequeo, se\u00f1al\u00f3 que \u201ceste encuentro p\u00fablico-privado es fundamental para fortalecer las medidas de prevenci\u00f3n y mitigaci\u00f3n de cara a los meses m\u00e1s complejos de la temporada. Nuestro objetivo es avanzar hacia territorios m\u00e1s resilientes y mejor preparados, especialmente considerando que febrero y marzo concentran la mayor ocurrencia y simultaneidad de incendios. La prevenci\u00f3n y la preparaci\u00f3n son, m\u00e1s que nunca, la clave para enfrentar los desaf\u00edos que vienen\u201d.<\/p>\n\n\n\n<p>Por su parte el Secretario Ejecutivo SOFO, Carlos Rojas, dijo que \u201cnos preocupa profundamente la alta intencionalidad en la zona y es indispensable que los responsables enfrenten las consecuencias, porque sus acciones ponen en riesgo no solo sectores productivos, sino tambi\u00e9n la vida de las personas. Estamos impulsando un plan para reducir material combustible en \u00e1reas cercanas a las comunas, eliminando rastrojos y otras fuentes de riesgo, de manera de prevenir incendios que puedan transformarse en amenazas directas para nuestras localidades\u201d.<\/p>\n\n\n\n<p>El seminario concluy\u00f3 con un llamado transversal a fortalecer y mantener la alianza p\u00fablico-privada, que hoy se articula en los COGRID regionales, donde municipios, CONAF, SENAPRED, la Jefatura de Defensa Nacional, Carabineros, la PDI, Bomberos, agricultores y las comunidades de la Red de Prevenci\u00f3n Comunitaria, trabajan de manera coordinada.&nbsp;<\/p>\n\n\n\n<figure class=\"wp-block-image size-large\"><img loading=\"lazy\" decoding=\"async\" width=\"1000\" height=\"750\" src=\"https:\/\/temucotelevision.cl\/web\/wp-content\/uploads\/2025\/11\/Ramon-Figueroa-Pdte-Depto-Proteccion-Bosque-Corma-1000x750.jpg\" alt=\"\" class=\"wp-image-59418\" srcset=\"https:\/\/temucotelevision.cl\/web\/wp-content\/uploads\/2025\/11\/Ramon-Figueroa-Pdte-Depto-Proteccion-Bosque-Corma-1000x750.jpg 1000w, https:\/\/temucotelevision.cl\/web\/wp-content\/uploads\/2025\/11\/Ramon-Figueroa-Pdte-Depto-Proteccion-Bosque-Corma-768x576.jpg 768w, https:\/\/temucotelevision.cl\/web\/wp-content\/uploads\/2025\/11\/Ramon-Figueroa-Pdte-Depto-Proteccion-Bosque-Corma-1536x1152.jpg 1536w, https:\/\/temucotelevision.cl\/web\/wp-content\/uploads\/2025\/11\/Ramon-Figueroa-Pdte-Depto-Proteccion-Bosque-Corma.jpg 2000w\" sizes=\"auto, (max-width: 1000px) 100vw, 1000px\" \/><\/figure>\n","protected":false},"excerpt":{"rendered":"<div class=\"pvc_clear\"><\/div>\n<p id=\"pvc_stats_59416\" class=\"pvc_stats total_only  \" data-element-id=\"59416\" style=\"\"><i class=\"pvc-stats-icon large\" aria-hidden=\"true\"><svg aria-hidden=\"true\" focusable=\"false\" data-prefix=\"far\" data-icon=\"chart-bar\" role=\"img\" xmlns=\"http:\/\/www.w3.org\/2000\/svg\" viewBox=\"0 0 512 512\" class=\"svg-inline--fa fa-chart-bar fa-w-16 fa-2x\"><path fill=\"currentColor\" d=\"M396.8 352h22.4c6.4 0 12.8-6.4 12.8-12.8V108.8c0-6.4-6.4-12.8-12.8-12.8h-22.4c-6.4 0-12.8 6.4-12.8 12.8v230.4c0 6.4 6.4 12.8 12.8 12.8zm-192 0h22.4c6.4 0 12.8-6.4 12.8-12.8V140.8c0-6.4-6.4-12.8-12.8-12.8h-22.4c-6.4 0-12.8 6.4-12.8 12.8v198.4c0 6.4 6.4 12.8 12.8 12.8zm96 0h22.4c6.4 0 12.8-6.4 12.8-12.8V204.8c0-6.4-6.4-12.8-12.8-12.8h-22.4c-6.4 0-12.8 6.4-12.8 12.8v134.4c0 6.4 6.4 12.8 12.8 12.8zM496 400H48V80c0-8.84-7.16-16-16-16H16C7.16 64 0 71.16 0 80v336c0 17.67 14.33 32 32 32h464c8.84 0 16-7.16 16-16v-16c0-8.84-7.16-16-16-16zm-387.2-48h22.4c6.4 0 12.8-6.4 12.8-12.8v-70.4c0-6.4-6.4-12.8-12.8-12.8h-22.4c-6.4 0-12.8 6.4-12.8 12.8v70.4c0 6.4 6.4 12.8 12.8 12.8z\" class=\"\"><\/path><\/svg><\/i> <img loading=\"lazy\" decoding=\"async\" width=\"16\" height=\"16\" alt=\"Loading\" src=\"https:\/\/temucotelevision.cl\/web\/wp-content\/plugins\/page-views-count\/ajax-loader-2x.gif\" border=0 \/><\/p>\n<div class=\"pvc_clear\"><\/div>\n<p>En este contexto, el gremio forestal, SOFO y Conaf, realizaron en Temuco el seminario \u201cUn territorio preparado, un verano m\u00e1s<\/p>\n","protected":false},"author":1,"featured_media":59417,"comment_status":"open","ping_status":"open","sticky":false,"template":"","format":"standard","meta":{"colormag_page_container_layout":"default_layout","colormag_page_sidebar_layout":"default_layout","footnotes":""},"categories":[14],"tags":[3471],"class_list":["post-59416","post","type-post","status-publish","format-standard","has-post-thumbnail","hentry","category-temuco","tag-corma"],"a3_pvc":{"activated":true,"total_views":3005,"today_views":0},"_links":{"self":[{"href":"https:\/\/temucotelevision.cl\/web\/wp-json\/wp\/v2\/posts\/59416","targetHints":{"allow":["GET"]}}],"collection":[{"href":"https:\/\/temucotelevision.cl\/web\/wp-json\/wp\/v2\/posts"}],"about":[{"href":"https:\/\/temucotelevision.cl\/web\/wp-json\/wp\/v2\/types\/post"}],"author":[{"embeddable":true,"href":"https:\/\/temucotelevision.cl\/web\/wp-json\/wp\/v2\/users\/1"}],"replies":[{"embeddable":true,"href":"https:\/\/temucotelevision.cl\/web\/wp-json\/wp\/v2\/comments?post=59416"}],"version-history":[{"count":1,"href":"https:\/\/temucotelevision.cl\/web\/wp-json\/wp\/v2\/posts\/59416\/revisions"}],"predecessor-version":[{"id":59419,"href":"https:\/\/temucotelevision.cl\/web\/wp-json\/wp\/v2\/posts\/59416\/revisions\/59419"}],"wp:featuredmedia":[{"embeddable":true,"href":"https:\/\/temucotelevision.cl\/web\/wp-json\/wp\/v2\/media\/59417"}],"wp:attachment":[{"href":"https:\/\/temucotelevision.cl\/web\/wp-json\/wp\/v2\/media?parent=59416"}],"wp:term":[{"taxonomy":"category","embeddable":true,"href":"https:\/\/temucotelevision.cl\/web\/wp-json\/wp\/v2\/categories?post=59416"},{"taxonomy":"post_tag","embeddable":true,"href":"https:\/\/temucotelevision.cl\/web\/wp-json\/wp\/v2\/tags?post=59416"}],"curies":[{"name":"wp","href":"https:\/\/api.w.org\/{rel}","templated":true}]}}