{"id":59406,"date":"2025-11-26T15:05:20","date_gmt":"2025-11-26T18:05:20","guid":{"rendered":"https:\/\/temucotelevision.cl\/web\/?p=59406"},"modified":"2025-11-26T15:07:17","modified_gmt":"2025-11-26T18:07:17","slug":"jovenes-promesas-del-kenpo-representan-a-temuco-con-destacados-resultados-en-campeonato-argentino","status":"publish","type":"post","link":"https:\/\/temucotelevision.cl\/web\/2025\/11\/26\/jovenes-promesas-del-kenpo-representan-a-temuco-con-destacados-resultados-en-campeonato-argentino\/","title":{"rendered":"J\u00f3venes promesas del Kenpo representan a Temuco con destacados resultados en campeonato argentino"},"content":{"rendered":"<div class=\"pvc_clear\"><\/div><p id=\"pvc_stats_59406\" class=\"pvc_stats total_only  \" data-element-id=\"59406\" style=\"\"><i class=\"pvc-stats-icon large\" aria-hidden=\"true\"><svg aria-hidden=\"true\" focusable=\"false\" data-prefix=\"far\" data-icon=\"chart-bar\" role=\"img\" xmlns=\"http:\/\/www.w3.org\/2000\/svg\" viewBox=\"0 0 512 512\" class=\"svg-inline--fa fa-chart-bar fa-w-16 fa-2x\"><path fill=\"currentColor\" d=\"M396.8 352h22.4c6.4 0 12.8-6.4 12.8-12.8V108.8c0-6.4-6.4-12.8-12.8-12.8h-22.4c-6.4 0-12.8 6.4-12.8 12.8v230.4c0 6.4 6.4 12.8 12.8 12.8zm-192 0h22.4c6.4 0 12.8-6.4 12.8-12.8V140.8c0-6.4-6.4-12.8-12.8-12.8h-22.4c-6.4 0-12.8 6.4-12.8 12.8v198.4c0 6.4 6.4 12.8 12.8 12.8zm96 0h22.4c6.4 0 12.8-6.4 12.8-12.8V204.8c0-6.4-6.4-12.8-12.8-12.8h-22.4c-6.4 0-12.8 6.4-12.8 12.8v134.4c0 6.4 6.4 12.8 12.8 12.8zM496 400H48V80c0-8.84-7.16-16-16-16H16C7.16 64 0 71.16 0 80v336c0 17.67 14.33 32 32 32h464c8.84 0 16-7.16 16-16v-16c0-8.84-7.16-16-16-16zm-387.2-48h22.4c6.4 0 12.8-6.4 12.8-12.8v-70.4c0-6.4-6.4-12.8-12.8-12.8h-22.4c-6.4 0-12.8 6.4-12.8 12.8v70.4c0 6.4 6.4 12.8 12.8 12.8z\" class=\"\"><\/path><\/svg><\/i> <img loading=\"lazy\" decoding=\"async\" width=\"16\" height=\"16\" alt=\"Loading\" src=\"https:\/\/temucotelevision.cl\/web\/wp-content\/plugins\/page-views-count\/ajax-loader-2x.gif\" border=0 \/><\/p><div class=\"pvc_clear\"><\/div>\n<p>Una delegaci\u00f3n de cuatro j\u00f3venes deportistas de Temuco obtuvo sobresalientes resultados en un Campeonato Nacional Argentino de Kenpo, un evento de alto nivel t\u00e9cnico y clasificatorio para el Mundial que se realizar\u00e1 en 2026 en Turqu\u00eda. Aunque la competencia oficial est\u00e1 reservada \u00fanicamente para atletas argentinos, la delegaci\u00f3n temuquense, perteneciente a la escuela Kenpo Karate K\u00fctral, recibi\u00f3 una invitaci\u00f3n especial para participar en la categor\u00eda \u201camateur\u201d, instancia que no clasifica al mundial, pero que permiti\u00f3 a estos j\u00f3venes adquirir valiosa experiencia representando a su comuna en un torneo de gran envergadura.<\/p>\n\n\n\n<p>Los deportistas compitieron en las modalidades de formas, defensas y combate, obteniendo resultados que reflejan su compromiso y esfuerzo. Javier Millar, de 12 a\u00f1os, logr\u00f3 el primer lugar en combate semi full y tambi\u00e9n el primer lugar en defensas. \u201cEstoy muy contento, es mi primera vez compitiendo y esto me motiva a seguir buscando m\u00e1s resultados y poder representar a mi comuna\u201d, se\u00f1al\u00f3. A su vez, Josefa Hidd, de 13 a\u00f1os, obtuvo el tercer lugar en defensas, mientras que Francisca Garc\u00eda, de 15 a\u00f1os, alcanz\u00f3 el primer lugar en combate semi full, consolidando una destacada participaci\u00f3n para Temuco.<\/p>\n\n\n\n<p><a><\/a>El notable rendimiento de los j\u00f3venes llam\u00f3 la atenci\u00f3n de los organizadores, quienes se acercaron al instructor para invitar oficialmente a la escuela a participar en el Panamericano Open que se realizar\u00e1 en enero de 2026 en Puc\u00f3n. Al respecto, el instructor de Kenpo K\u00fctral Temuco, Javier Millar, expres\u00f3 que, \u201cestamos muy contentos. Debido al \u00e9xito que obtuvo la escuela, ahora iniciaremos todos los tr\u00e1mites para federarnos en Chile y, en un mediano plazo, poder participar en los eventos clasificatorios que nos permitan representar al pa\u00eds en futuros mundiales\u201d.<\/p>\n\n\n\n<p>La participaci\u00f3n de estos j\u00f3venes en Argentina no solo evidencia el talento deportivo presente en Temuco, sino tambi\u00e9n el valor de brindar oportunidades que fortalezcan el desarrollo de nuevas generaciones comprometidas con las artes marciales.<\/p>\n\n\n\n<figure class=\"wp-block-image size-large\"><img loading=\"lazy\" decoding=\"async\" width=\"1600\" height=\"1505\" src=\"https:\/\/temucotelevision.cl\/web\/wp-content\/uploads\/2025\/11\/1-1000x941.jpeg\" alt=\"\" class=\"wp-image-59410\" srcset=\"https:\/\/temucotelevision.cl\/web\/wp-content\/uploads\/2025\/11\/1-1000x941.jpeg 1000w, https:\/\/temucotelevision.cl\/web\/wp-content\/uploads\/2025\/11\/1-768x722.jpeg 768w, https:\/\/temucotelevision.cl\/web\/wp-content\/uploads\/2025\/11\/1-1536x1445.jpeg 1536w, https:\/\/temucotelevision.cl\/web\/wp-content\/uploads\/2025\/11\/1.jpeg 1600w\" sizes=\"auto, (max-width: 1600px) 100vw, 1600px\" \/><\/figure>\n","protected":false},"excerpt":{"rendered":"<div class=\"pvc_clear\"><\/div>\n<p id=\"pvc_stats_59406\" class=\"pvc_stats total_only  \" data-element-id=\"59406\" style=\"\"><i class=\"pvc-stats-icon large\" aria-hidden=\"true\"><svg aria-hidden=\"true\" focusable=\"false\" data-prefix=\"far\" data-icon=\"chart-bar\" role=\"img\" xmlns=\"http:\/\/www.w3.org\/2000\/svg\" viewBox=\"0 0 512 512\" class=\"svg-inline--fa fa-chart-bar fa-w-16 fa-2x\"><path fill=\"currentColor\" d=\"M396.8 352h22.4c6.4 0 12.8-6.4 12.8-12.8V108.8c0-6.4-6.4-12.8-12.8-12.8h-22.4c-6.4 0-12.8 6.4-12.8 12.8v230.4c0 6.4 6.4 12.8 12.8 12.8zm-192 0h22.4c6.4 0 12.8-6.4 12.8-12.8V140.8c0-6.4-6.4-12.8-12.8-12.8h-22.4c-6.4 0-12.8 6.4-12.8 12.8v198.4c0 6.4 6.4 12.8 12.8 12.8zm96 0h22.4c6.4 0 12.8-6.4 12.8-12.8V204.8c0-6.4-6.4-12.8-12.8-12.8h-22.4c-6.4 0-12.8 6.4-12.8 12.8v134.4c0 6.4 6.4 12.8 12.8 12.8zM496 400H48V80c0-8.84-7.16-16-16-16H16C7.16 64 0 71.16 0 80v336c0 17.67 14.33 32 32 32h464c8.84 0 16-7.16 16-16v-16c0-8.84-7.16-16-16-16zm-387.2-48h22.4c6.4 0 12.8-6.4 12.8-12.8v-70.4c0-6.4-6.4-12.8-12.8-12.8h-22.4c-6.4 0-12.8 6.4-12.8 12.8v70.4c0 6.4 6.4 12.8 12.8 12.8z\" class=\"\"><\/path><\/svg><\/i> <img loading=\"lazy\" decoding=\"async\" width=\"16\" height=\"16\" alt=\"Loading\" src=\"https:\/\/temucotelevision.cl\/web\/wp-content\/plugins\/page-views-count\/ajax-loader-2x.gif\" border=0 \/><\/p>\n<div class=\"pvc_clear\"><\/div>\n<p>Una delegaci\u00f3n de cuatro j\u00f3venes deportistas de Temuco obtuvo sobresalientes resultados en un Campeonato Nacional Argentino de Kenpo, un evento<\/p>\n","protected":false},"author":1,"featured_media":59407,"comment_status":"open","ping_status":"open","sticky":false,"template":"","format":"standard","meta":{"colormag_page_container_layout":"default_layout","colormag_page_sidebar_layout":"default_layout","footnotes":""},"categories":[14],"tags":[7280],"class_list":["post-59406","post","type-post","status-publish","format-standard","has-post-thumbnail","hentry","category-temuco","tag-kempo"],"a3_pvc":{"activated":true,"total_views":1687,"today_views":0},"_links":{"self":[{"href":"https:\/\/temucotelevision.cl\/web\/wp-json\/wp\/v2\/posts\/59406","targetHints":{"allow":["GET"]}}],"collection":[{"href":"https:\/\/temucotelevision.cl\/web\/wp-json\/wp\/v2\/posts"}],"about":[{"href":"https:\/\/temucotelevision.cl\/web\/wp-json\/wp\/v2\/types\/post"}],"author":[{"embeddable":true,"href":"https:\/\/temucotelevision.cl\/web\/wp-json\/wp\/v2\/users\/1"}],"replies":[{"embeddable":true,"href":"https:\/\/temucotelevision.cl\/web\/wp-json\/wp\/v2\/comments?post=59406"}],"version-history":[{"count":2,"href":"https:\/\/temucotelevision.cl\/web\/wp-json\/wp\/v2\/posts\/59406\/revisions"}],"predecessor-version":[{"id":59411,"href":"https:\/\/temucotelevision.cl\/web\/wp-json\/wp\/v2\/posts\/59406\/revisions\/59411"}],"wp:featuredmedia":[{"embeddable":true,"href":"https:\/\/temucotelevision.cl\/web\/wp-json\/wp\/v2\/media\/59407"}],"wp:attachment":[{"href":"https:\/\/temucotelevision.cl\/web\/wp-json\/wp\/v2\/media?parent=59406"}],"wp:term":[{"taxonomy":"category","embeddable":true,"href":"https:\/\/temucotelevision.cl\/web\/wp-json\/wp\/v2\/categories?post=59406"},{"taxonomy":"post_tag","embeddable":true,"href":"https:\/\/temucotelevision.cl\/web\/wp-json\/wp\/v2\/tags?post=59406"}],"curies":[{"name":"wp","href":"https:\/\/api.w.org\/{rel}","templated":true}]}}