{"id":59402,"date":"2025-11-26T14:46:40","date_gmt":"2025-11-26T17:46:40","guid":{"rendered":"https:\/\/temucotelevision.cl\/web\/?p=59402"},"modified":"2025-11-26T14:46:41","modified_gmt":"2025-11-26T17:46:41","slug":"fiscalia-archiva-investigacion-y-funcionario-municipal-recupera-libertad-tras-polemica-detencion-en-operativo-contra-comercio-ilegal","status":"publish","type":"post","link":"https:\/\/temucotelevision.cl\/web\/2025\/11\/26\/fiscalia-archiva-investigacion-y-funcionario-municipal-recupera-libertad-tras-polemica-detencion-en-operativo-contra-comercio-ilegal\/","title":{"rendered":"Fiscal\u00eda archiva investigaci\u00f3n y funcionario municipal recupera libertad tras pol\u00e9mica detenci\u00f3n en operativo contra comercio ilegal"},"content":{"rendered":"<div class=\"pvc_clear\"><\/div><p id=\"pvc_stats_59402\" class=\"pvc_stats total_only  \" data-element-id=\"59402\" style=\"\"><i class=\"pvc-stats-icon large\" aria-hidden=\"true\"><svg aria-hidden=\"true\" focusable=\"false\" data-prefix=\"far\" data-icon=\"chart-bar\" role=\"img\" xmlns=\"http:\/\/www.w3.org\/2000\/svg\" viewBox=\"0 0 512 512\" class=\"svg-inline--fa fa-chart-bar fa-w-16 fa-2x\"><path fill=\"currentColor\" d=\"M396.8 352h22.4c6.4 0 12.8-6.4 12.8-12.8V108.8c0-6.4-6.4-12.8-12.8-12.8h-22.4c-6.4 0-12.8 6.4-12.8 12.8v230.4c0 6.4 6.4 12.8 12.8 12.8zm-192 0h22.4c6.4 0 12.8-6.4 12.8-12.8V140.8c0-6.4-6.4-12.8-12.8-12.8h-22.4c-6.4 0-12.8 6.4-12.8 12.8v198.4c0 6.4 6.4 12.8 12.8 12.8zm96 0h22.4c6.4 0 12.8-6.4 12.8-12.8V204.8c0-6.4-6.4-12.8-12.8-12.8h-22.4c-6.4 0-12.8 6.4-12.8 12.8v134.4c0 6.4 6.4 12.8 12.8 12.8zM496 400H48V80c0-8.84-7.16-16-16-16H16C7.16 64 0 71.16 0 80v336c0 17.67 14.33 32 32 32h464c8.84 0 16-7.16 16-16v-16c0-8.84-7.16-16-16-16zm-387.2-48h22.4c6.4 0 12.8-6.4 12.8-12.8v-70.4c0-6.4-6.4-12.8-12.8-12.8h-22.4c-6.4 0-12.8 6.4-12.8 12.8v70.4c0 6.4 6.4 12.8 12.8 12.8z\" class=\"\"><\/path><\/svg><\/i> <img loading=\"lazy\" decoding=\"async\" width=\"16\" height=\"16\" alt=\"Loading\" src=\"https:\/\/temucotelevision.cl\/web\/wp-content\/plugins\/page-views-count\/ajax-loader-2x.gif\" border=0 \/><\/p><div class=\"pvc_clear\"><\/div>\n<p><em>El Ministerio P\u00fablico decidi\u00f3 no perseverar en la acusaci\u00f3n contra un fiscalizador municipal que hab\u00eda sido detenido por Carabineros durante un operativo de control de vendedores ambulantes. El procedimiento que motiv\u00f3 la detenci\u00f3n fue desestimado en la audiencia de control de detenci\u00f3n por falta de m\u00e9rito.<\/em><\/p>\n\n\n\n<p>En un procedimiento de control de espacios p\u00fablicos realizado por inspectores de la Direcci\u00f3n de Seguridad P\u00fablica (DISEP) de la Municipalidad de Temuco, se registr\u00f3 un incidente que termin\u00f3 con la detenci\u00f3n -luego dejada sin efecto- de un fiscalizador municipal.<\/p>\n\n\n\n<p>Los hechos -que quedaron registrados en las c\u00e1maras corporales municipales- se produjeron durante una intervenci\u00f3n para fiscalizar a vendedores ambulantes informales ubicados en calles Portales con Bulnes. De acuerdo a los antecedentes, al ser fiscalizados, un grupo de comerciantes reaccion\u00f3 con insultos, amenazas y agresiones contra los fiscalizadores, lo que motiv\u00f3 la llegada de un contingente municipal reforzado y el apoyo de Carabineros.<\/p>\n\n\n\n<p>En ese contexto se produjo una agresi\u00f3n f\u00edsica contra una fiscalizadora: una de las vendedoras habr\u00eda propinado dos golpes de pu\u00f1o en el rostro de la funcionaria. Frente a esta agresi\u00f3n, Carabineros procedi\u00f3 a detener a la agresora. Durante el traslado y en medio del tumulto, otra vendedora denunci\u00f3 ante efectivos policiales que supuestamente hab\u00eda sido agredida por un funcionario municipal.<\/p>\n\n\n\n<p>Seg\u00fan se constata en las diligencias iniciales, los efectivos policiales -sin escuchar la versi\u00f3n del fiscalizador ni el primer contingente de Carabineros que intervino- ordenaron su traslado al consultorio Miraflores para constatar lesiones. All\u00ed se le notific\u00f3 que estaba detenido, y el Ministerio P\u00fablico instruy\u00f3 que el funcionario pasara a control de detenci\u00f3n por el delito de agresi\u00f3n.<\/p>\n\n\n\n<p>No obstante, en la audiencia de control de detenci\u00f3n el persecutor opt\u00f3 por no perseverar en la investigaci\u00f3n, al considerar que no exist\u00edan m\u00e9ritos suficientes para continuar. Como resultado, el funcionario municipal qued\u00f3 en libertad bajo el principio de oportunidad y pudo retomar sus labores habituales.<\/p>\n\n\n\n<p>El alcalde de Temuco, Roberto Neira, lament\u00f3 \u201cprofundamente la situaci\u00f3n que vivieron funcionarios municipales de seguridad. Fueron perseguidos, fueron golpeados y adem\u00e1s fueron increpados, duramente y amenazados por comerciantes ambulantes. Toda mi solidaridad por este trabajo que hacemos d\u00eda a d\u00eda de recuperar las calles de Temuco. Pero, por otro lado, necesitamos el apoyo de la institucionalidad del Estado (&#8230;) Enfrentar la situaci\u00f3n del comercio ambulante es un tema de decisi\u00f3n de Estado, no solamente de la Municipalidad\u201d.<\/p>\n\n\n\n<p>Por su parte, el director de la seguridad municipal, asegur\u00f3 que las agresiones y amenazas contra los fiscalizadores y la detenci\u00f3n del funcionario municipal no los \u201cva a coartar, nosotros en nuestra calidad de funcionarios municipales vamos a seguir trabajando, seguir impidiendo el comercio ilegal que lamentablemente est\u00e1 en el sector c\u00e9ntrico de nuestra ciudad\u201d.&nbsp;<\/p>\n\n\n\n<p><a><\/a>El episodio recuerda la complejidad de las labores municipales en el control del comercio ilegal, donde las fiscalizaciones suelen causar violentos enfrentamientos con antisociales, como a su vez, la importancia y necesidad de una r\u00e1pida tramitaci\u00f3n y aprobaci\u00f3n de la ley de Seguridad Municipal.&nbsp;<\/p>\n\n\n\n<figure class=\"wp-block-image size-full\"><img loading=\"lazy\" decoding=\"async\" width=\"848\" height=\"478\" src=\"https:\/\/temucotelevision.cl\/web\/wp-content\/uploads\/2025\/11\/fotos-isnpectora-agredida-1.jpg\" alt=\"\" class=\"wp-image-59404\" srcset=\"https:\/\/temucotelevision.cl\/web\/wp-content\/uploads\/2025\/11\/fotos-isnpectora-agredida-1.jpg 848w, https:\/\/temucotelevision.cl\/web\/wp-content\/uploads\/2025\/11\/fotos-isnpectora-agredida-1-768x433.jpg 768w\" sizes=\"auto, (max-width: 848px) 100vw, 848px\" \/><\/figure>\n","protected":false},"excerpt":{"rendered":"<div class=\"pvc_clear\"><\/div>\n<p id=\"pvc_stats_59402\" class=\"pvc_stats total_only  \" data-element-id=\"59402\" style=\"\"><i class=\"pvc-stats-icon large\" aria-hidden=\"true\"><svg aria-hidden=\"true\" focusable=\"false\" data-prefix=\"far\" data-icon=\"chart-bar\" role=\"img\" xmlns=\"http:\/\/www.w3.org\/2000\/svg\" viewBox=\"0 0 512 512\" class=\"svg-inline--fa fa-chart-bar fa-w-16 fa-2x\"><path fill=\"currentColor\" d=\"M396.8 352h22.4c6.4 0 12.8-6.4 12.8-12.8V108.8c0-6.4-6.4-12.8-12.8-12.8h-22.4c-6.4 0-12.8 6.4-12.8 12.8v230.4c0 6.4 6.4 12.8 12.8 12.8zm-192 0h22.4c6.4 0 12.8-6.4 12.8-12.8V140.8c0-6.4-6.4-12.8-12.8-12.8h-22.4c-6.4 0-12.8 6.4-12.8 12.8v198.4c0 6.4 6.4 12.8 12.8 12.8zm96 0h22.4c6.4 0 12.8-6.4 12.8-12.8V204.8c0-6.4-6.4-12.8-12.8-12.8h-22.4c-6.4 0-12.8 6.4-12.8 12.8v134.4c0 6.4 6.4 12.8 12.8 12.8zM496 400H48V80c0-8.84-7.16-16-16-16H16C7.16 64 0 71.16 0 80v336c0 17.67 14.33 32 32 32h464c8.84 0 16-7.16 16-16v-16c0-8.84-7.16-16-16-16zm-387.2-48h22.4c6.4 0 12.8-6.4 12.8-12.8v-70.4c0-6.4-6.4-12.8-12.8-12.8h-22.4c-6.4 0-12.8 6.4-12.8 12.8v70.4c0 6.4 6.4 12.8 12.8 12.8z\" class=\"\"><\/path><\/svg><\/i> <img loading=\"lazy\" decoding=\"async\" width=\"16\" height=\"16\" alt=\"Loading\" src=\"https:\/\/temucotelevision.cl\/web\/wp-content\/plugins\/page-views-count\/ajax-loader-2x.gif\" border=0 \/><\/p>\n<div class=\"pvc_clear\"><\/div>\n<p>El Ministerio P\u00fablico decidi\u00f3 no perseverar en la acusaci\u00f3n contra un fiscalizador municipal que hab\u00eda sido detenido por Carabineros durante<\/p>\n","protected":false},"author":1,"featured_media":59403,"comment_status":"open","ping_status":"open","sticky":false,"template":"","format":"standard","meta":{"colormag_page_container_layout":"default_layout","colormag_page_sidebar_layout":"default_layout","footnotes":""},"categories":[14],"tags":[448],"class_list":["post-59402","post","type-post","status-publish","format-standard","has-post-thumbnail","hentry","category-temuco","tag-fiscalia"],"a3_pvc":{"activated":true,"total_views":33,"today_views":0},"_links":{"self":[{"href":"https:\/\/temucotelevision.cl\/web\/wp-json\/wp\/v2\/posts\/59402","targetHints":{"allow":["GET"]}}],"collection":[{"href":"https:\/\/temucotelevision.cl\/web\/wp-json\/wp\/v2\/posts"}],"about":[{"href":"https:\/\/temucotelevision.cl\/web\/wp-json\/wp\/v2\/types\/post"}],"author":[{"embeddable":true,"href":"https:\/\/temucotelevision.cl\/web\/wp-json\/wp\/v2\/users\/1"}],"replies":[{"embeddable":true,"href":"https:\/\/temucotelevision.cl\/web\/wp-json\/wp\/v2\/comments?post=59402"}],"version-history":[{"count":1,"href":"https:\/\/temucotelevision.cl\/web\/wp-json\/wp\/v2\/posts\/59402\/revisions"}],"predecessor-version":[{"id":59405,"href":"https:\/\/temucotelevision.cl\/web\/wp-json\/wp\/v2\/posts\/59402\/revisions\/59405"}],"wp:featuredmedia":[{"embeddable":true,"href":"https:\/\/temucotelevision.cl\/web\/wp-json\/wp\/v2\/media\/59403"}],"wp:attachment":[{"href":"https:\/\/temucotelevision.cl\/web\/wp-json\/wp\/v2\/media?parent=59402"}],"wp:term":[{"taxonomy":"category","embeddable":true,"href":"https:\/\/temucotelevision.cl\/web\/wp-json\/wp\/v2\/categories?post=59402"},{"taxonomy":"post_tag","embeddable":true,"href":"https:\/\/temucotelevision.cl\/web\/wp-json\/wp\/v2\/tags?post=59402"}],"curies":[{"name":"wp","href":"https:\/\/api.w.org\/{rel}","templated":true}]}}