{"id":59390,"date":"2025-11-26T14:21:08","date_gmt":"2025-11-26T17:21:08","guid":{"rendered":"https:\/\/temucotelevision.cl\/web\/?p=59390"},"modified":"2025-11-26T14:23:03","modified_gmt":"2025-11-26T17:23:03","slug":"jovenes-en-proceso-de-reinsercion-social-hacen-cumbre-en-el-nevado-de-sollipulli-y-comparten-su-transformadora-experiencia","status":"publish","type":"post","link":"https:\/\/temucotelevision.cl\/web\/2025\/11\/26\/jovenes-en-proceso-de-reinsercion-social-hacen-cumbre-en-el-nevado-de-sollipulli-y-comparten-su-transformadora-experiencia\/","title":{"rendered":"J\u00f3venes en proceso de reinserci\u00f3n social hacen cumbre en el Nevado de Sollipulli y comparten su transformadora experiencia"},"content":{"rendered":"<div class=\"pvc_clear\"><\/div><p id=\"pvc_stats_59390\" class=\"pvc_stats total_only  \" data-element-id=\"59390\" style=\"\"><i class=\"pvc-stats-icon large\" aria-hidden=\"true\"><svg aria-hidden=\"true\" focusable=\"false\" data-prefix=\"far\" data-icon=\"chart-bar\" role=\"img\" xmlns=\"http:\/\/www.w3.org\/2000\/svg\" viewBox=\"0 0 512 512\" class=\"svg-inline--fa fa-chart-bar fa-w-16 fa-2x\"><path fill=\"currentColor\" d=\"M396.8 352h22.4c6.4 0 12.8-6.4 12.8-12.8V108.8c0-6.4-6.4-12.8-12.8-12.8h-22.4c-6.4 0-12.8 6.4-12.8 12.8v230.4c0 6.4 6.4 12.8 12.8 12.8zm-192 0h22.4c6.4 0 12.8-6.4 12.8-12.8V140.8c0-6.4-6.4-12.8-12.8-12.8h-22.4c-6.4 0-12.8 6.4-12.8 12.8v198.4c0 6.4 6.4 12.8 12.8 12.8zm96 0h22.4c6.4 0 12.8-6.4 12.8-12.8V204.8c0-6.4-6.4-12.8-12.8-12.8h-22.4c-6.4 0-12.8 6.4-12.8 12.8v134.4c0 6.4 6.4 12.8 12.8 12.8zM496 400H48V80c0-8.84-7.16-16-16-16H16C7.16 64 0 71.16 0 80v336c0 17.67 14.33 32 32 32h464c8.84 0 16-7.16 16-16v-16c0-8.84-7.16-16-16-16zm-387.2-48h22.4c6.4 0 12.8-6.4 12.8-12.8v-70.4c0-6.4-6.4-12.8-12.8-12.8h-22.4c-6.4 0-12.8 6.4-12.8 12.8v70.4c0 6.4 6.4 12.8 12.8 12.8z\" class=\"\"><\/path><\/svg><\/i> <img loading=\"lazy\" decoding=\"async\" width=\"16\" height=\"16\" alt=\"Loading\" src=\"https:\/\/temucotelevision.cl\/web\/wp-content\/plugins\/page-views-count\/ajax-loader-2x.gif\" border=0 \/><\/p><div class=\"pvc_clear\"><\/div>\n<p>El ascenso al Nevado de Sollipulli (2282 M.) no fue solo una haza\u00f1a deportiva, sino un hito significativo en el proceso de reinserci\u00f3n social de un grupo de j\u00f3venes del Centro de Libertad Asistida Especial con internaci\u00f3n parcial (LAE IP) Araucan\u00eda, bajo la tutela del Servicio Nacional de Reinserci\u00f3n Social Juvenil.<\/p>\n\n\n\n<p>La actividad, enmarcada en su programa socioeducativo, busc\u00f3 fomentar el deporte como un elemento clave para la reinserci\u00f3n y la proyecci\u00f3n personal. Este tipo de acciones fomentan habilidades sociales, disciplina y h\u00e1bitos saludables en un entorno estructurado y seguro.&nbsp;<\/p>\n\n\n\n<p>Las declaraciones de los participantes, Alexis y Luciano reflejan el profundo impacto de esta traves\u00eda.<\/p>\n\n\n\n<p>Para Alexis, la expedici\u00f3n fue su &#8220;primera vez que hago trekking y fue muy divertido en realidad&#8221;. Destac\u00f3 la belleza del entorno y las din\u00e1micas grupales con sus compa\u00f1eros y profesionales a cargo.&nbsp;<\/p>\n\n\n\n<p>M\u00e1s all\u00e1 del logro f\u00edsico de llegar a la cumbre y ver el cr\u00e1ter, Alexis enfatiz\u00f3 el valor formativo de la experiencia: &#8220;Conversamos temas serios, nos comprometimos con todo lo que conlleva hacer un viaje as\u00ed, la responsabilidad, el trabajo en equipo&#8221;.<\/p>\n\n\n\n<p>Resalt\u00f3 la importancia de la coordinaci\u00f3n y el apoyo mutuo, se\u00f1alando: &#8220;si uno se cansa paramos todos y despu\u00e9s seguir avanzando en equipo\u201d. Finaliz\u00f3 su reflexi\u00f3n con un mensaje de esperanza y cambio: \u201cde repente cosas buenas te conllevan a despu\u00e9s a tener otra expectativa de vida y hacer cosas diferentes que no ten\u00edas planeado hacer\u201d.<\/p>\n\n\n\n<p>Por su parte, Luciano describi\u00f3 la experiencia como &#8220;s\u00faper grata&#8221; y manifest\u00f3 que tanto \u00e9l como su compa\u00f1ero quedaron &#8220;asombrados por la vista&#8221;. La cima del Nevado de Sollipulli se convirti\u00f3 en un momento de introspecci\u00f3n y motivaci\u00f3n para Luciano: \u201cMe caus\u00f3 nostalgia cuando llegamos a la cima y recordar el pasado y ver ahora la libertad que tengo&#8221;.<\/p>\n\n\n\n<p>La experiencia lo inspira a futuro: &#8220;Me inspira a seguir adelante\u201d. Adem\u00e1s, dej\u00f3 en claro su deseo de repetir la experiencia: \u201cObviamente si volver\u00eda a repetirlo, sin duda, ojal\u00e1 haya m\u00e1s salidas as\u00ed\u201d.<\/p>\n\n\n\n<p>Preparaci\u00f3n y Prop\u00f3sito<\/p>\n\n\n\n<p>El ascenso fue el resultado de un trabajo anual que incluy\u00f3 preparaci\u00f3n f\u00edsica, charlas t\u00e9cnicas y motivacionales. El grupo estuvo compuesto por dos j\u00f3venes de iniciaci\u00f3n y dos tutores con nivel avanzado\/experto en monta\u00f1a. El equipo cont\u00f3 con profesionales tutores del Centro como Maickel C\u00e1diz, profesor de educaci\u00f3n f\u00edsica y Claudio Gonz\u00e1lez, psic\u00f3logo (socio de la Federaci\u00f3n de Andinismo de Chile &#8211; FEACH).<\/p>\n\n\n\n<p>Los profesionales a cargo enfatizaron que el objetivo es fomentar actividades deportivas como un elemento de reinserci\u00f3n social, proyecci\u00f3n personal, y como herramienta de adaptaci\u00f3n social y empat\u00eda con el medio ambiente. La expedici\u00f3n se prepar\u00f3 siguiendo una rigurosa metodolog\u00eda de seguridad 3&#215;3, utilizando equipo t\u00e9cnico esencial como crampones, mosquetones y GPS.<\/p>\n\n\n\n<p>El Nevado de Sollipulli, un volc\u00e1n activo con un enorme glaciar en su cr\u00e1ter de 5 km de di\u00e1metro, sirvi\u00f3 como el escenario perfecto para que estos j\u00f3venes demostraran su compromiso con el trabajo en equipo y su camino hacia una nueva perspectiva de vida.<\/p>\n","protected":false},"excerpt":{"rendered":"<div class=\"pvc_clear\"><\/div>\n<p id=\"pvc_stats_59390\" class=\"pvc_stats total_only  \" data-element-id=\"59390\" style=\"\"><i class=\"pvc-stats-icon large\" aria-hidden=\"true\"><svg aria-hidden=\"true\" focusable=\"false\" data-prefix=\"far\" data-icon=\"chart-bar\" role=\"img\" xmlns=\"http:\/\/www.w3.org\/2000\/svg\" viewBox=\"0 0 512 512\" class=\"svg-inline--fa fa-chart-bar fa-w-16 fa-2x\"><path fill=\"currentColor\" d=\"M396.8 352h22.4c6.4 0 12.8-6.4 12.8-12.8V108.8c0-6.4-6.4-12.8-12.8-12.8h-22.4c-6.4 0-12.8 6.4-12.8 12.8v230.4c0 6.4 6.4 12.8 12.8 12.8zm-192 0h22.4c6.4 0 12.8-6.4 12.8-12.8V140.8c0-6.4-6.4-12.8-12.8-12.8h-22.4c-6.4 0-12.8 6.4-12.8 12.8v198.4c0 6.4 6.4 12.8 12.8 12.8zm96 0h22.4c6.4 0 12.8-6.4 12.8-12.8V204.8c0-6.4-6.4-12.8-12.8-12.8h-22.4c-6.4 0-12.8 6.4-12.8 12.8v134.4c0 6.4 6.4 12.8 12.8 12.8zM496 400H48V80c0-8.84-7.16-16-16-16H16C7.16 64 0 71.16 0 80v336c0 17.67 14.33 32 32 32h464c8.84 0 16-7.16 16-16v-16c0-8.84-7.16-16-16-16zm-387.2-48h22.4c6.4 0 12.8-6.4 12.8-12.8v-70.4c0-6.4-6.4-12.8-12.8-12.8h-22.4c-6.4 0-12.8 6.4-12.8 12.8v70.4c0 6.4 6.4 12.8 12.8 12.8z\" class=\"\"><\/path><\/svg><\/i> <img loading=\"lazy\" decoding=\"async\" width=\"16\" height=\"16\" alt=\"Loading\" src=\"https:\/\/temucotelevision.cl\/web\/wp-content\/plugins\/page-views-count\/ajax-loader-2x.gif\" border=0 \/><\/p>\n<div class=\"pvc_clear\"><\/div>\n<p>El ascenso al Nevado de Sollipulli (2282 M.) no fue solo una haza\u00f1a deportiva, sino un hito significativo en el<\/p>\n","protected":false},"author":1,"featured_media":59391,"comment_status":"open","ping_status":"open","sticky":false,"template":"","format":"standard","meta":{"colormag_page_container_layout":"default_layout","colormag_page_sidebar_layout":"default_layout","footnotes":""},"categories":[14],"tags":[4131],"class_list":["post-59390","post","type-post","status-publish","format-standard","has-post-thumbnail","hentry","category-temuco","tag-nevados"],"a3_pvc":{"activated":true,"total_views":1134,"today_views":0},"_links":{"self":[{"href":"https:\/\/temucotelevision.cl\/web\/wp-json\/wp\/v2\/posts\/59390","targetHints":{"allow":["GET"]}}],"collection":[{"href":"https:\/\/temucotelevision.cl\/web\/wp-json\/wp\/v2\/posts"}],"about":[{"href":"https:\/\/temucotelevision.cl\/web\/wp-json\/wp\/v2\/types\/post"}],"author":[{"embeddable":true,"href":"https:\/\/temucotelevision.cl\/web\/wp-json\/wp\/v2\/users\/1"}],"replies":[{"embeddable":true,"href":"https:\/\/temucotelevision.cl\/web\/wp-json\/wp\/v2\/comments?post=59390"}],"version-history":[{"count":1,"href":"https:\/\/temucotelevision.cl\/web\/wp-json\/wp\/v2\/posts\/59390\/revisions"}],"predecessor-version":[{"id":59392,"href":"https:\/\/temucotelevision.cl\/web\/wp-json\/wp\/v2\/posts\/59390\/revisions\/59392"}],"wp:featuredmedia":[{"embeddable":true,"href":"https:\/\/temucotelevision.cl\/web\/wp-json\/wp\/v2\/media\/59391"}],"wp:attachment":[{"href":"https:\/\/temucotelevision.cl\/web\/wp-json\/wp\/v2\/media?parent=59390"}],"wp:term":[{"taxonomy":"category","embeddable":true,"href":"https:\/\/temucotelevision.cl\/web\/wp-json\/wp\/v2\/categories?post=59390"},{"taxonomy":"post_tag","embeddable":true,"href":"https:\/\/temucotelevision.cl\/web\/wp-json\/wp\/v2\/tags?post=59390"}],"curies":[{"name":"wp","href":"https:\/\/api.w.org\/{rel}","templated":true}]}}