{"id":59387,"date":"2025-11-25T23:18:37","date_gmt":"2025-11-26T02:18:37","guid":{"rendered":"https:\/\/temucotelevision.cl\/web\/?p=59387"},"modified":"2025-11-25T23:18:38","modified_gmt":"2025-11-26T02:18:38","slug":"paga-el-pasaje-del-colectivo-con-tu-celular-temuco-estrena-pago-con-codigo-qr","status":"publish","type":"post","link":"https:\/\/temucotelevision.cl\/web\/2025\/11\/25\/paga-el-pasaje-del-colectivo-con-tu-celular-temuco-estrena-pago-con-codigo-qr\/","title":{"rendered":"Paga el pasaje del colectivo con tu celular: Temuco estrena pago con c\u00f3digo QR\u00a0"},"content":{"rendered":"<div class=\"pvc_clear\"><\/div><p id=\"pvc_stats_59387\" class=\"pvc_stats total_only  \" data-element-id=\"59387\" style=\"\"><i class=\"pvc-stats-icon large\" aria-hidden=\"true\"><svg aria-hidden=\"true\" focusable=\"false\" data-prefix=\"far\" data-icon=\"chart-bar\" role=\"img\" xmlns=\"http:\/\/www.w3.org\/2000\/svg\" viewBox=\"0 0 512 512\" class=\"svg-inline--fa fa-chart-bar fa-w-16 fa-2x\"><path fill=\"currentColor\" d=\"M396.8 352h22.4c6.4 0 12.8-6.4 12.8-12.8V108.8c0-6.4-6.4-12.8-12.8-12.8h-22.4c-6.4 0-12.8 6.4-12.8 12.8v230.4c0 6.4 6.4 12.8 12.8 12.8zm-192 0h22.4c6.4 0 12.8-6.4 12.8-12.8V140.8c0-6.4-6.4-12.8-12.8-12.8h-22.4c-6.4 0-12.8 6.4-12.8 12.8v198.4c0 6.4 6.4 12.8 12.8 12.8zm96 0h22.4c6.4 0 12.8-6.4 12.8-12.8V204.8c0-6.4-6.4-12.8-12.8-12.8h-22.4c-6.4 0-12.8 6.4-12.8 12.8v134.4c0 6.4 6.4 12.8 12.8 12.8zM496 400H48V80c0-8.84-7.16-16-16-16H16C7.16 64 0 71.16 0 80v336c0 17.67 14.33 32 32 32h464c8.84 0 16-7.16 16-16v-16c0-8.84-7.16-16-16-16zm-387.2-48h22.4c6.4 0 12.8-6.4 12.8-12.8v-70.4c0-6.4-6.4-12.8-12.8-12.8h-22.4c-6.4 0-12.8 6.4-12.8 12.8v70.4c0 6.4 6.4 12.8 12.8 12.8z\" class=\"\"><\/path><\/svg><\/i> <img loading=\"lazy\" decoding=\"async\" width=\"16\" height=\"16\" alt=\"Loading\" src=\"https:\/\/temucotelevision.cl\/web\/wp-content\/plugins\/page-views-count\/ajax-loader-2x.gif\" border=0 \/><\/p><div class=\"pvc_clear\"><\/div>\n<p><strong>Los casi 8.000 pasajeros que transporta a diario la L\u00ednea 21 de colectivos de Temuco, estrenan sistema de pago con c\u00f3digo QR<\/strong>, posicionando a la ciudad de La Araucan\u00eda como pionera en la modernizaci\u00f3n del transporte urbano regional.<br><\/p>\n\n\n\n<p>Desde hoy, los usuarios de los colectivos que m\u00e1s personas transportan en Temuco, pueden\u00a0<strong>pagar su pasaje sin la necesidad de usar dinero en efectivo, sino que a trav\u00e9s de c\u00f3digo QR de la app Bipay Wallet<\/strong>.\u00a0<\/p>\n\n\n\n<p>La implementaci\u00f3n beneficiar\u00e1 inicialmente a usuarios de&nbsp;<strong>m\u00e1s de 100 colectivos de la L\u00ednea 21<\/strong>, facilitando&nbsp;<strong>transacciones digitales&nbsp;<\/strong>tanto para pasajeros como para conductores. El funcionamiento es simple: cada veh\u00edculo cuenta al interior con un c\u00f3digo QR asociado a la patente del colectivo que los usuarios deben escanear desde la aplicaci\u00f3n Bipay Wallet para completar el pago.<\/p>\n\n\n\n<p>&#8220;Esta implementaci\u00f3n representa&nbsp;<strong>un hito en nuestra visi\u00f3n de transformar digitalmente el transporte en las regiones de Chile<\/strong>. Con Bipay Wallet estamos democratizando el acceso a soluciones de pago innovadoras, llevando tecnolog\u00eda de vanguardia a servicios cotidianos que utilizan miles de personas diariamente y de acceso 100% gratuito. Nuestro compromiso es seguir expandiendo esta soluci\u00f3n a m\u00e1s ciudades del pa\u00eds, poniendo la innovaci\u00f3n al servicio de conductores y pasajeros, mejorando su experiencia de viaje y contribuyendo a un ecosistema de transporte m\u00e1s seguro, eficiente y moderno&#8221;, se\u00f1al\u00f3&nbsp;<strong>Gonzalo Cuiti\u00f1o<\/strong>, gerente de Operaciones de&nbsp;<a href=\"http:\/\/bipay.cl\/\" target=\"_blank\" rel=\"noreferrer noopener\">Bipay.cl<\/a>&nbsp;<\/p>\n\n\n\n<p>La L\u00ednea 21&nbsp;<strong>moviliza diariamente alrededor de 8.000 pasajeros<\/strong>, las 24 horas del d\u00eda, los siete d\u00edas de la semana y conecta los principales puntos de la ciudad: la Universidad de La Frontera (UFRO), Calle<strong>&nbsp;Balmaceda, Feria Pinto<\/strong>, sector Estaci\u00f3n, el centro c\u00edvico y Av. Alemania, donde se concentran los principales centros comerciales y el barrio universitario, incluso llega al estadio y el Teatro Municipal de Temuco.&nbsp;<\/p>\n\n\n\n<h3 class=\"wp-block-heading\">Tecnolog\u00eda al servicio del transporte<\/h3>\n\n\n\n<p>Esta iniciativa se integra al ecosistema de pago digital de la aplicaci\u00f3n Bipay Wallet en el sistema de transporte p\u00fablico de Temuco.<strong>&nbsp;La aplicaci\u00f3n opera actualmente en los microbuses del sistema &#8220;Temuco Conectado&#8221;, que registra un promedio de m\u00e1s de 23.000 validaciones diarias realizadas con QR.&nbsp;<\/strong>Con esta nueva implementaci\u00f3n, el sistema se expande a los colectivos, replicando la misma infraestructura tecnol\u00f3gica utilizada por miles de pasajeros en la ciudad.<\/p>\n\n\n\n<p>Cada colectivo cuenta con<strong>&nbsp;c\u00f3digos QR impresos en fundas termolaminadas instaladas al interior de los veh\u00edculos.<\/strong>&nbsp;Para activar el servicio, los conductores inician sesi\u00f3n en la aplicaci\u00f3n y escanean el QR del veh\u00edculo correspondiente, quedando operativos para recibir pagos digitales.<\/p>\n\n\n\n<p>En promedio,<strong>&nbsp;cada veh\u00edculo realiza 10 viajes diarios, transportando aproximadamente 80 pasajeros por d\u00eda.&nbsp;<\/strong>Los<strong>&nbsp;<\/strong>taxis colectivos representan el 33% del sistema de transporte de Temuco, lo que demuestra su relevancia en la movilidad urbana.<\/p>\n\n\n\n<p><strong>Roberto Neira<\/strong>, alcalde de Temuco, valor\u00f3 la iniciativa: &#8220;Como municipio, celebramos cada avance que mejore la calidad de vida de nuestros vecinos y vecinas.&nbsp;<strong>La digitalizaci\u00f3n del pago en colectivos no solo representa un paso importante hacia la modernizaci\u00f3n de nuestro transporte p\u00fablico, sino que tambi\u00e9n contribuye a hacer de Temuco una ciudad m\u00e1s segura, innovadora y conectada<\/strong>. Esperamos que esta experiencia exitosa se replique en otras l\u00edneas de la ciudad, consolidando a Temuco como referente en innovaci\u00f3n en transporte p\u00fablico a nivel regional&#8221;.&nbsp;&nbsp;<\/p>\n\n\n\n<h3 class=\"wp-block-heading\">Beneficios para usuarios y conductores<\/h3>\n\n\n\n<p>Este sistema resuelve una de las situaciones m\u00e1s inc\u00f3modas del transporte para sus usuarios:&nbsp;<strong>no contar con monedas o billetes para pagar el pasaje<\/strong>. Ahora s\u00f3lo es necesario recargar&nbsp;<strong>la billetera digita<\/strong>l de Bipay Wallet, y en caso de no tenerla con saldo suficiente, se puede transferir dinero de manera autom\u00e1tica desde cualquier lugar.&nbsp;<\/p>\n\n\n\n<p>Al respecto, la<strong>&nbsp;seremitt de La Araucan\u00eda, Mary Valdebenito,<\/strong>&nbsp;agreg\u00f3: \u201cEste sistema piloto&nbsp;<strong>marca un paso hacia la futura integraci\u00f3n del transporte p\u00fablico menor al sistema de pago electr\u00f3nico.<\/strong>&nbsp;Esta etapa permitir\u00e1 evaluar su funcionamiento, ofreciendo a la ciudadan\u00eda una<strong>&nbsp;alternativa de pago m\u00e1s segura&nbsp;<\/strong>al reducir la cantidad de dinero en efectivo que circula en los veh\u00edculos. Con ello, tambi\u00e9n avanzamos hacia una&nbsp;<strong>mejor experiencia<\/strong>&nbsp;de viaje que incentive&nbsp;<strong>a dejar el auto en casa y optar por el transporte p\u00fablico<\/strong>\u201d.<\/p>\n\n\n\n<p>Luego de cada pago realizado con QR, los pasajeros reciben informaci\u00f3n detallada de cada unidad y su conductor:&nbsp;<strong>patente, marca y modelo del auto, adem\u00e1s de nombre y RUT<\/strong>&nbsp;del conductor para brindar mayor transparencia y seguridad a los usuarios. Otro de los beneficios que estar\u00e1 pr\u00f3ximamente disponible para&nbsp;<strong>los pasajeros, es la posibilidad de ver en tiempo real d\u00f3nde viene un veh\u00edculo<\/strong>&nbsp;disponible en ruta.&nbsp;<\/p>\n\n\n\n<p>Mientras que los conductores asociados al sistema de pago digital, cuentan con un&nbsp;<strong>seguimiento detallado<\/strong>&nbsp;de todas las transacciones realizadas durante su jornada. Las liquidaciones se procesan diariamente, optimizando la gesti\u00f3n financiera de los transportistas.<\/p>\n\n\n\n<p><strong>Jos\u00e9 Riveros, representante legal de la L\u00ednea 21<\/strong>&nbsp;de colectivos, destac\u00f3: &#8220;Este sistema nos permite<strong>&nbsp;trabajar de manera m\u00e1s segura y eficiente.<\/strong>&nbsp;Los pasajeros no tienen que abrir su billetera frente a otros usuarios, ni tienen que preocuparse de haberla olvidado en casa, lo que<strong>&nbsp;aumenta la seguridad y les da una segunda opci\u00f3n de pago.<\/strong>&nbsp;Adem\u00e1s, podemos llevar un<strong>&nbsp;mejor control de nuestros ingresos<\/strong>&nbsp;como l\u00ednea de transporte y ampliamos las opciones de pago: efectivo o digital con QR. Esperamos que la implementaci\u00f3n de pago con Bipay Wallet, nos permita entregar un&nbsp;<strong>mejor servicio y aumentar la cantidad de pasajeros<\/strong>&nbsp;que transportamos diariamente&#8221;.&nbsp;<\/p>\n\n\n\n<p><strong>La aplicaci\u00f3n Bipay Wallet est\u00e1 disponible para la descarga gratuita desde Google Play y App Store.<\/strong><\/p>\n","protected":false},"excerpt":{"rendered":"<div class=\"pvc_clear\"><\/div>\n<p id=\"pvc_stats_59387\" class=\"pvc_stats total_only  \" data-element-id=\"59387\" style=\"\"><i class=\"pvc-stats-icon large\" aria-hidden=\"true\"><svg aria-hidden=\"true\" focusable=\"false\" data-prefix=\"far\" data-icon=\"chart-bar\" role=\"img\" xmlns=\"http:\/\/www.w3.org\/2000\/svg\" viewBox=\"0 0 512 512\" class=\"svg-inline--fa fa-chart-bar fa-w-16 fa-2x\"><path fill=\"currentColor\" d=\"M396.8 352h22.4c6.4 0 12.8-6.4 12.8-12.8V108.8c0-6.4-6.4-12.8-12.8-12.8h-22.4c-6.4 0-12.8 6.4-12.8 12.8v230.4c0 6.4 6.4 12.8 12.8 12.8zm-192 0h22.4c6.4 0 12.8-6.4 12.8-12.8V140.8c0-6.4-6.4-12.8-12.8-12.8h-22.4c-6.4 0-12.8 6.4-12.8 12.8v198.4c0 6.4 6.4 12.8 12.8 12.8zm96 0h22.4c6.4 0 12.8-6.4 12.8-12.8V204.8c0-6.4-6.4-12.8-12.8-12.8h-22.4c-6.4 0-12.8 6.4-12.8 12.8v134.4c0 6.4 6.4 12.8 12.8 12.8zM496 400H48V80c0-8.84-7.16-16-16-16H16C7.16 64 0 71.16 0 80v336c0 17.67 14.33 32 32 32h464c8.84 0 16-7.16 16-16v-16c0-8.84-7.16-16-16-16zm-387.2-48h22.4c6.4 0 12.8-6.4 12.8-12.8v-70.4c0-6.4-6.4-12.8-12.8-12.8h-22.4c-6.4 0-12.8 6.4-12.8 12.8v70.4c0 6.4 6.4 12.8 12.8 12.8z\" class=\"\"><\/path><\/svg><\/i> <img loading=\"lazy\" decoding=\"async\" width=\"16\" height=\"16\" alt=\"Loading\" src=\"https:\/\/temucotelevision.cl\/web\/wp-content\/plugins\/page-views-count\/ajax-loader-2x.gif\" border=0 \/><\/p>\n<div class=\"pvc_clear\"><\/div>\n<p>Los casi 8.000 pasajeros que transporta a diario la L\u00ednea 21 de colectivos de Temuco, estrenan sistema de pago con<\/p>\n","protected":false},"author":1,"featured_media":59388,"comment_status":"open","ping_status":"open","sticky":false,"template":"","format":"standard","meta":{"colormag_page_container_layout":"default_layout","colormag_page_sidebar_layout":"default_layout","footnotes":""},"categories":[15],"tags":[2664],"class_list":["post-59387","post","type-post","status-publish","format-standard","has-post-thumbnail","hentry","category-la-araucania","tag-colectivos"],"a3_pvc":{"activated":true,"total_views":2843,"today_views":0},"_links":{"self":[{"href":"https:\/\/temucotelevision.cl\/web\/wp-json\/wp\/v2\/posts\/59387","targetHints":{"allow":["GET"]}}],"collection":[{"href":"https:\/\/temucotelevision.cl\/web\/wp-json\/wp\/v2\/posts"}],"about":[{"href":"https:\/\/temucotelevision.cl\/web\/wp-json\/wp\/v2\/types\/post"}],"author":[{"embeddable":true,"href":"https:\/\/temucotelevision.cl\/web\/wp-json\/wp\/v2\/users\/1"}],"replies":[{"embeddable":true,"href":"https:\/\/temucotelevision.cl\/web\/wp-json\/wp\/v2\/comments?post=59387"}],"version-history":[{"count":1,"href":"https:\/\/temucotelevision.cl\/web\/wp-json\/wp\/v2\/posts\/59387\/revisions"}],"predecessor-version":[{"id":59389,"href":"https:\/\/temucotelevision.cl\/web\/wp-json\/wp\/v2\/posts\/59387\/revisions\/59389"}],"wp:featuredmedia":[{"embeddable":true,"href":"https:\/\/temucotelevision.cl\/web\/wp-json\/wp\/v2\/media\/59388"}],"wp:attachment":[{"href":"https:\/\/temucotelevision.cl\/web\/wp-json\/wp\/v2\/media?parent=59387"}],"wp:term":[{"taxonomy":"category","embeddable":true,"href":"https:\/\/temucotelevision.cl\/web\/wp-json\/wp\/v2\/categories?post=59387"},{"taxonomy":"post_tag","embeddable":true,"href":"https:\/\/temucotelevision.cl\/web\/wp-json\/wp\/v2\/tags?post=59387"}],"curies":[{"name":"wp","href":"https:\/\/api.w.org\/{rel}","templated":true}]}}