{"id":59384,"date":"2025-11-25T18:36:30","date_gmt":"2025-11-25T21:36:30","guid":{"rendered":"https:\/\/temucotelevision.cl\/web\/?p=59384"},"modified":"2025-11-26T16:17:40","modified_gmt":"2025-11-26T19:17:40","slug":"mas-de-100-lideres-se-reunen-para-impulsar-avances-en-torno-a-la-produccion-del-hidrogeno-verde","status":"publish","type":"post","link":"https:\/\/temucotelevision.cl\/web\/2025\/11\/25\/mas-de-100-lideres-se-reunen-para-impulsar-avances-en-torno-a-la-produccion-del-hidrogeno-verde\/","title":{"rendered":"M\u00e1s de 100 l\u00edderes se re\u00fanen para impulsar avances en torno a la producci\u00f3n del hidr\u00f3geno verde"},"content":{"rendered":"<div class=\"pvc_clear\"><\/div><p id=\"pvc_stats_59384\" class=\"pvc_stats total_only  \" data-element-id=\"59384\" style=\"\"><i class=\"pvc-stats-icon large\" aria-hidden=\"true\"><svg aria-hidden=\"true\" focusable=\"false\" data-prefix=\"far\" data-icon=\"chart-bar\" role=\"img\" xmlns=\"http:\/\/www.w3.org\/2000\/svg\" viewBox=\"0 0 512 512\" class=\"svg-inline--fa fa-chart-bar fa-w-16 fa-2x\"><path fill=\"currentColor\" d=\"M396.8 352h22.4c6.4 0 12.8-6.4 12.8-12.8V108.8c0-6.4-6.4-12.8-12.8-12.8h-22.4c-6.4 0-12.8 6.4-12.8 12.8v230.4c0 6.4 6.4 12.8 12.8 12.8zm-192 0h22.4c6.4 0 12.8-6.4 12.8-12.8V140.8c0-6.4-6.4-12.8-12.8-12.8h-22.4c-6.4 0-12.8 6.4-12.8 12.8v198.4c0 6.4 6.4 12.8 12.8 12.8zm96 0h22.4c6.4 0 12.8-6.4 12.8-12.8V204.8c0-6.4-6.4-12.8-12.8-12.8h-22.4c-6.4 0-12.8 6.4-12.8 12.8v134.4c0 6.4 6.4 12.8 12.8 12.8zM496 400H48V80c0-8.84-7.16-16-16-16H16C7.16 64 0 71.16 0 80v336c0 17.67 14.33 32 32 32h464c8.84 0 16-7.16 16-16v-16c0-8.84-7.16-16-16-16zm-387.2-48h22.4c6.4 0 12.8-6.4 12.8-12.8v-70.4c0-6.4-6.4-12.8-12.8-12.8h-22.4c-6.4 0-12.8 6.4-12.8 12.8v70.4c0 6.4 6.4 12.8 12.8 12.8z\" class=\"\"><\/path><\/svg><\/i> <img loading=\"lazy\" decoding=\"async\" width=\"16\" height=\"16\" alt=\"Loading\" src=\"https:\/\/temucotelevision.cl\/web\/wp-content\/plugins\/page-views-count\/ajax-loader-2x.gif\" border=0 \/><\/p><div class=\"pvc_clear\"><\/div>\n<p><strong>Con el prop\u00f3sito de conectar acad\u00e9micos y desarrolladores de siete instituciones de investigaci\u00f3n, tanto en Alemania como en Chile, el foro \u201cDel laboratorio a la industria: convertir el hidr\u00f3geno verde en realidad\u201d, explor\u00f3 diferentes opciones para impulsar el crecimiento econ\u00f3mico.\u00a0<\/strong><\/p>\n\n\n\n<p>&nbsp;Chile presenta metas ambiciosas para su transici\u00f3n energ\u00e9tica: 25 GW de capacidad de hidr\u00f3geno verde para 2030, liderazgo en exportaciones de Power-to-X (PtX) y alcanzar la neutralidad en carbono para 2050. Sin embargo, su \u00e9xito depende de superar desaf\u00edos, entre ellos, procesos de autorizaci\u00f3n, altos costos y la falta de mano de obra capacitada. Para abordar estos retos y fomentar la inversi\u00f3n en I+D, as\u00ed como mejorar las competencias laborales en el sector, se realiz\u00f3 el foro \u201cDel laboratorio a la industria: convertir el hidr\u00f3geno verde en realidad\u201d, que reuni\u00f3 a m\u00e1s de 100 empresas l\u00edderes del \u00e1mbito energ\u00e9tico de Alemania y Chile. Adicionalmente, se busc\u00f3 fortalecer alianzas y explorar nuevas oportunidades dentro de la cadena de valor del hidr\u00f3geno verde.<\/p>\n\n\n\n<p>Acerca de su evoluci\u00f3n,<strong>&nbsp;Luis Felipe Ramos, Subsecretario de Energ\u00eda<\/strong>, coment\u00f3: \u201cChile est\u00e1 pasando de proyectos piloto a proyectos industriales, y en ese sentido, podemos dar confianza de que nuestro pa\u00eds tiene una bolsa en materia energ\u00e9tica y de hidr\u00f3geno verde. Vamos a seguir trabajando en nuestra meta para el 2050 (\u2026). En ese sentido, debemos valorar la relaci\u00f3n con Alemania, y por supuesto, mandar el mensaje de que Chile tiene pol\u00edticas de Estado (en torno a la descarbonizaci\u00f3n) que se seguir\u00e1n manteniendo\u201d.&nbsp;<\/p>\n\n\n\n<p>Asimismo, se presentaron los resultados del proyecto Power-toMEDME, un programa de I+D a gran escala de cooperaci\u00f3n bilateral, liderado por Fraunhofer Chile y Alemania, e integrado por el instituto alem\u00e1n Fibs Rill, en conjunto con AHK Chile, la C\u00e1mara Chileno-Alemana de Comercio e Industria.<\/p>\n\n\n\n<p>La iniciativa fue financiada por el Ministerio Federal de Investigaci\u00f3n, Tecnolog\u00eda y Espacio de Alemania (BMFTR) con m\u00e1s de 11 millones&nbsp;\u20ac, y tuvo como objetivo aumentar la eficiencia en la producci\u00f3n de metanol y \u00e9ter dimet\u00edlico, derivados del hidr\u00f3geno verde.&nbsp;<\/p>\n\n\n\n<p>Al respecto, la&nbsp;<strong>Embajadora de Alemania en Chile, Susanne Fries-Gaier<\/strong>, indic\u00f3 que \u201cPower- toMEDME-FuE ha dado pasos significativos para optimizar la producci\u00f3n de estos combustibles a partir del hidr\u00f3geno verde. Este es un avance importante no solo en t\u00e9rminos ambientales, sino tambi\u00e9n en el desarrollo de nuevas oportunidades econ\u00f3micas, posicionando a ambos pa\u00edses como actores clave en el mercado global de energ\u00eda limpia\u201d.&nbsp;<\/p>\n\n\n\n<p>La reducci\u00f3n de costos y la disminuci\u00f3n del consumo energ\u00e9tico en la producci\u00f3n de hidrogeno verde fueron parte de los logros de dos a\u00f1os de trabajo de investigaci\u00f3n en los que tambi\u00e9n se realizaron estudios tecno econ\u00f3micos, se validaron dise\u00f1os para la reconversi\u00f3n de camiones mineros y se elabor\u00f3 una hoja de ruta para el capital humano.&nbsp;<\/p>\n\n\n\n<p><strong>Frank Dinter, gerente general de Fraunhofer Chile Research<\/strong>, coment\u00f3 que \u201ceste proyecto valid\u00f3 una ruta concreta para que Chile avance en su estrategia de hidr\u00f3geno verde, habilitando la demanda desde sectores como la miner\u00eda y otros procesos industriales que no son electrificables. Lo que prueba este estudio es que el metanol verde y el dimetil \u00e9ter permitir\u00edan utilizar la infraestructura actual, como calderas y motores, e iniciar un proceso de descarbonizaci\u00f3n inmediato, reduciendo las barreras de inversi\u00f3n con productos comercializables\u201d.&nbsp;<\/p>\n\n\n\n<p>El ejecutivo, adem\u00e1s valor\u00f3 la contribuci\u00f3n de este proyecto a la transferencia tecnol\u00f3gica aportada por&nbsp;Fraunhofer IEE; Fraunhofer ISE; Fraunhofer IMM; Fraunhofer ISC; Fraunhofer IAP; Fraunhofer IKTS y la Universidad RWTH de Aachen.&nbsp;<\/p>\n\n\n\n<p><strong>Capital humano con formaci\u00f3n territorial<\/strong><\/p>\n\n\n\n<p>Seg\u00fan explic\u00f3&nbsp;<strong>Cornelia Sonnenberg, directora ejecutiva de AHK Chile,&nbsp;<\/strong>la transici\u00f3n energ\u00e9tica tambi\u00e9n est\u00e1 fuertemente vinculada con una formaci\u00f3n t\u00e9cnica&nbsp;y profesional de alto nivel que acompa\u00f1e desde la construcci\u00f3n y montaje hasta la operaci\u00f3n y mantenimiento de las plantas de dicho combustible.&nbsp;<\/p>\n\n\n\n<p>Asimismo, este a\u00f1o se entreg\u00f3 una hoja de ruta que identifica los 15 perfiles laborales necesarios para impulsar esta industria emergente. Con financiamiento del BMFTR y la participaci\u00f3n de m\u00e1s de 300 actores de los sectores productivo, educativo, gremial y p\u00fablico de Antofagasta, Biob\u00edo, Metropolitana y Magallanes, se dise\u00f1\u00f3 un enfoque territorial y multisectorial. Este proceso permiti\u00f3 elaborar un diagn\u00f3stico ajustado a las realidades locales junto a las necesidades del sector, asegurando que los perfiles t\u00e9cnicos no solo sean viables y adaptados al mercado chileno, sino que cubran toda la cadena de valor.<\/p>\n\n\n\n<p>\u201cEs clave contar con perfiles formativos pertinentes que se puedan integrar al Marco Nacional de Cualificaciones para que beneficien a instituciones educativas, empresas y organismos p\u00fablicos. A esto se ha sumado un piloto de capacitaci\u00f3n para futuros t\u00e9cnicos, y un estudio de viabilidad para implementar modelos de formaci\u00f3n profesional dual en Chile que se inspiren en la experiencia alemana\u201d, indic\u00f3 Cornelia Sonnenberg.<\/p>\n\n\n\n<p>La ejecutiva destac\u00f3 que una de las principales fortalezas del proyecto ha sido su capacidad para conectar actores que suelen operar paralelamente, como centros de formaci\u00f3n, empresas, autoridades locales y expertos internacionales. Este codise\u00f1o ha incluido un enfoque territorial y ha permitido ajustar los perfiles a las condiciones reales de empleabilidad en las regiones, considerando tanto las capacidades t\u00e9cnicas y contextos culturales como los aspectos log\u00edsticos.<\/p>\n\n\n\n<p>\u201cCon su estabilidad pol\u00edtica, abundantes recursos naturales e infraestructura robusta en energ\u00edas renovables, Chile tiene un rol estrat\u00e9gico preponderante en esta \u00e1rea, convirti\u00e9ndose es un socio clave de producci\u00f3n. A su vez, tiene el potencial de satisfacer no solo su demanda interna, sino tambi\u00e9n de convertirse en l\u00edder global en exportaci\u00f3n, fortaleciendo la colaboraci\u00f3n internacional y contribuyendo a un mercado global de este combustible limpio\u201d, a\u00f1adi\u00f3 la ejecutiva de AHK Chile.<\/p>\n\n\n\n<p><strong>Foto 01<\/strong>&nbsp;| de izquierda a derecha: Luis Felipe Ramos, Subsecretario de Energ\u00eda; Susanne Fries-Gaier, Embajadora de Alemania en Chile; Cornelia Sonnenberg, Directora Ejecutiva AHK Chile; Frank Dinter, Gerente General de Fraunhofer Chile Research.<\/p>\n\n\n\n<p><strong>Foto 02<\/strong>&nbsp;| de izquierda a derecha: Carola Bruhn, Jefa de la Secci\u00f3n Econ\u00f3mica y de Cooperaci\u00f3n de la Embajada de Alemania en Chile; Luis Felipe Ramos, Subsecretario de Energ\u00eda; Susanne Fries-Gaier, Embajadora de Alemania en Chile; Andrea Nicolaj, Jefe Secci\u00f3n Econ\u00f3mica y Comercial \u2013 Del. Uni\u00f3n Europea en Chile; Frank Dinter, Gerente General de Fraunhofer Chile Research; Lorena Olivares, Gerente Formaci\u00f3n Dual y Capacitaci\u00f3n AHK Chile.<\/p>\n\n\n\n<p><strong>Foto 03<\/strong>&nbsp;| de izquierda a derecha: Hern\u00e1n Moreno, Moderador AHK Chile; Alejandra Hidalgo, Encargada Nacional de Capital Humano del Ministerio de Energ\u00eda; Ana Mar\u00eda Ruz, Directora del Comit\u00e9 de H2V de Corfo.<\/p>\n","protected":false},"excerpt":{"rendered":"<div class=\"pvc_clear\"><\/div>\n<p id=\"pvc_stats_59384\" class=\"pvc_stats total_only  \" data-element-id=\"59384\" style=\"\"><i class=\"pvc-stats-icon large\" aria-hidden=\"true\"><svg aria-hidden=\"true\" focusable=\"false\" data-prefix=\"far\" data-icon=\"chart-bar\" role=\"img\" xmlns=\"http:\/\/www.w3.org\/2000\/svg\" viewBox=\"0 0 512 512\" class=\"svg-inline--fa fa-chart-bar fa-w-16 fa-2x\"><path fill=\"currentColor\" d=\"M396.8 352h22.4c6.4 0 12.8-6.4 12.8-12.8V108.8c0-6.4-6.4-12.8-12.8-12.8h-22.4c-6.4 0-12.8 6.4-12.8 12.8v230.4c0 6.4 6.4 12.8 12.8 12.8zm-192 0h22.4c6.4 0 12.8-6.4 12.8-12.8V140.8c0-6.4-6.4-12.8-12.8-12.8h-22.4c-6.4 0-12.8 6.4-12.8 12.8v198.4c0 6.4 6.4 12.8 12.8 12.8zm96 0h22.4c6.4 0 12.8-6.4 12.8-12.8V204.8c0-6.4-6.4-12.8-12.8-12.8h-22.4c-6.4 0-12.8 6.4-12.8 12.8v134.4c0 6.4 6.4 12.8 12.8 12.8zM496 400H48V80c0-8.84-7.16-16-16-16H16C7.16 64 0 71.16 0 80v336c0 17.67 14.33 32 32 32h464c8.84 0 16-7.16 16-16v-16c0-8.84-7.16-16-16-16zm-387.2-48h22.4c6.4 0 12.8-6.4 12.8-12.8v-70.4c0-6.4-6.4-12.8-12.8-12.8h-22.4c-6.4 0-12.8 6.4-12.8 12.8v70.4c0 6.4 6.4 12.8 12.8 12.8z\" class=\"\"><\/path><\/svg><\/i> <img loading=\"lazy\" decoding=\"async\" width=\"16\" height=\"16\" alt=\"Loading\" src=\"https:\/\/temucotelevision.cl\/web\/wp-content\/plugins\/page-views-count\/ajax-loader-2x.gif\" border=0 \/><\/p>\n<div class=\"pvc_clear\"><\/div>\n<p>Con el prop\u00f3sito de conectar acad\u00e9micos y desarrolladores de siete instituciones de investigaci\u00f3n, tanto en Alemania como en Chile, el<\/p>\n","protected":false},"author":143,"featured_media":59385,"comment_status":"open","ping_status":"open","sticky":false,"template":"","format":"standard","meta":{"colormag_page_container_layout":"default_layout","colormag_page_sidebar_layout":"default_layout","footnotes":""},"categories":[101,6973],"tags":[],"class_list":["post-59384","post","type-post","status-publish","format-standard","has-post-thumbnail","hentry","category-actualidad","category-tecnologia"],"a3_pvc":{"activated":true,"total_views":824,"today_views":0},"_links":{"self":[{"href":"https:\/\/temucotelevision.cl\/web\/wp-json\/wp\/v2\/posts\/59384","targetHints":{"allow":["GET"]}}],"collection":[{"href":"https:\/\/temucotelevision.cl\/web\/wp-json\/wp\/v2\/posts"}],"about":[{"href":"https:\/\/temucotelevision.cl\/web\/wp-json\/wp\/v2\/types\/post"}],"author":[{"embeddable":true,"href":"https:\/\/temucotelevision.cl\/web\/wp-json\/wp\/v2\/users\/143"}],"replies":[{"embeddable":true,"href":"https:\/\/temucotelevision.cl\/web\/wp-json\/wp\/v2\/comments?post=59384"}],"version-history":[{"count":1,"href":"https:\/\/temucotelevision.cl\/web\/wp-json\/wp\/v2\/posts\/59384\/revisions"}],"predecessor-version":[{"id":59386,"href":"https:\/\/temucotelevision.cl\/web\/wp-json\/wp\/v2\/posts\/59384\/revisions\/59386"}],"wp:featuredmedia":[{"embeddable":true,"href":"https:\/\/temucotelevision.cl\/web\/wp-json\/wp\/v2\/media\/59385"}],"wp:attachment":[{"href":"https:\/\/temucotelevision.cl\/web\/wp-json\/wp\/v2\/media?parent=59384"}],"wp:term":[{"taxonomy":"category","embeddable":true,"href":"https:\/\/temucotelevision.cl\/web\/wp-json\/wp\/v2\/categories?post=59384"},{"taxonomy":"post_tag","embeddable":true,"href":"https:\/\/temucotelevision.cl\/web\/wp-json\/wp\/v2\/tags?post=59384"}],"curies":[{"name":"wp","href":"https:\/\/api.w.org\/{rel}","templated":true}]}}