{"id":59380,"date":"2025-11-25T12:29:14","date_gmt":"2025-11-25T15:29:14","guid":{"rendered":"https:\/\/temucotelevision.cl\/web\/?p=59380"},"modified":"2025-11-25T12:29:15","modified_gmt":"2025-11-25T15:29:15","slug":"gira-teleton-2025-reune-a-cerca-de-100-mil-personas-en-15-ciudades-y-culmina-su-recorrido-nacional-tras-dos-semanas-de-actividades","status":"publish","type":"post","link":"https:\/\/temucotelevision.cl\/web\/2025\/11\/25\/gira-teleton-2025-reune-a-cerca-de-100-mil-personas-en-15-ciudades-y-culmina-su-recorrido-nacional-tras-dos-semanas-de-actividades\/","title":{"rendered":"Gira Telet\u00f3n 2025 re\u00fane a cerca de 100 mil personas en 15 ciudades y culmina su recorrido nacional tras dos semanas de actividades"},"content":{"rendered":"<div class=\"pvc_clear\"><\/div><p id=\"pvc_stats_59380\" class=\"pvc_stats total_only  \" data-element-id=\"59380\" style=\"\"><i class=\"pvc-stats-icon large\" aria-hidden=\"true\"><svg aria-hidden=\"true\" focusable=\"false\" data-prefix=\"far\" data-icon=\"chart-bar\" role=\"img\" xmlns=\"http:\/\/www.w3.org\/2000\/svg\" viewBox=\"0 0 512 512\" class=\"svg-inline--fa fa-chart-bar fa-w-16 fa-2x\"><path fill=\"currentColor\" d=\"M396.8 352h22.4c6.4 0 12.8-6.4 12.8-12.8V108.8c0-6.4-6.4-12.8-12.8-12.8h-22.4c-6.4 0-12.8 6.4-12.8 12.8v230.4c0 6.4 6.4 12.8 12.8 12.8zm-192 0h22.4c6.4 0 12.8-6.4 12.8-12.8V140.8c0-6.4-6.4-12.8-12.8-12.8h-22.4c-6.4 0-12.8 6.4-12.8 12.8v198.4c0 6.4 6.4 12.8 12.8 12.8zm96 0h22.4c6.4 0 12.8-6.4 12.8-12.8V204.8c0-6.4-6.4-12.8-12.8-12.8h-22.4c-6.4 0-12.8 6.4-12.8 12.8v134.4c0 6.4 6.4 12.8 12.8 12.8zM496 400H48V80c0-8.84-7.16-16-16-16H16C7.16 64 0 71.16 0 80v336c0 17.67 14.33 32 32 32h464c8.84 0 16-7.16 16-16v-16c0-8.84-7.16-16-16-16zm-387.2-48h22.4c6.4 0 12.8-6.4 12.8-12.8v-70.4c0-6.4-6.4-12.8-12.8-12.8h-22.4c-6.4 0-12.8 6.4-12.8 12.8v70.4c0 6.4 6.4 12.8 12.8 12.8z\" class=\"\"><\/path><\/svg><\/i> <img loading=\"lazy\" decoding=\"async\" width=\"16\" height=\"16\" alt=\"Loading\" src=\"https:\/\/temucotelevision.cl\/web\/wp-content\/plugins\/page-views-count\/ajax-loader-2x.gif\" border=0 \/><\/p><div class=\"pvc_clear\"><\/div>\n<p>La caravana solidaria viaj\u00f3 de Arica a Chilo\u00e9 con espect\u00e1culos gratuitos, artistas nacionales y talento local, reforzando el car\u00e1cter descentralizador de la campa\u00f1a.<\/p>\n\n\n\n<p>La&nbsp;<strong>Gira Telet\u00f3n 2025<\/strong>&nbsp;finaliz\u00f3 su recorrido por el pa\u00eds tras dos semanas de presentaciones gratuitas en&nbsp;<strong>15 ciudades<\/strong>, convocando a cerca de&nbsp;<strong>100 mil personas entre Arica y Chilo\u00e9.&nbsp;<\/strong><\/p>\n\n\n\n<p>El despliegue art\u00edstico, log\u00edstico y comunitario marc\u00f3 uno de los hitos m\u00e1s esperados de la previa de la campa\u00f1a, que se emitir\u00e1 el&nbsp;<strong>28 y 29 de noviembre desde el Teatro Telet\u00f3n y el Estadio Nacional.<\/strong><\/p>\n\n\n\n<p>Durante su paso por el norte y sur del pa\u00eds, la caravana reuni\u00f3 a artistas como&nbsp;<strong>Polim\u00e1 Westcoast, Gino Mella, Z\u00fambale Primo, Paula Rivas, Tomo Como Rey, Q_ARE, La Combo Tortuga, Inti Illimani, Katteyes, El Mundo de Christell, Sinergia Kids, Pulentos, Sigrid Alegr\u00eda y Los Claveles, King Savagge, Toly Fu, Saiko, Paloma Soto, La Noche, UPA+, Nico Ruiz, Fran Maira,<\/strong>&nbsp;entre otros.<\/p>\n\n\n\n<p>Cada ciudad cont\u00f3 adem\u00e1s con la participaci\u00f3n de artistas y agrupaciones locales, fortaleciendo el v\u00ednculo con las comunidades que recibieron la gira.<\/p>\n\n\n\n<p>La ruta, dividida en dos tramos \u2014norte (4 al 8 de noviembre) y sur (18 al 22 de noviembre)\u2014, atraves\u00f3 distintas regiones del pa\u00eds con espect\u00e1culos masivos, actividades familiares y transmisiones digitales realizadas por influencers y embajadores de la campa\u00f1a, entre ellos&nbsp;<strong>Millaray Viera, Juan Pablo Queralt\u00f3, Daniel Fuenzalida, Eduardo Fuentes, Mart\u00edn C\u00e1rcamo, Francisco Saavedra, Tati Fern\u00e1ndez, Eskarcita, Julitroz e iCata.<\/strong><\/p>\n\n\n\n<p>Uno de los hitos de este a\u00f1o fue el retorno del tradicional tren de la Gira Sur, gracias a un servicio especial de la Empresa de Ferrocarriles del Estado (EFE), que traslad\u00f3 a parte de la comitiva desde Estaci\u00f3n Central hasta Los Lagos.&nbsp;<\/p>\n\n\n\n<p>Luego, la caravana continu\u00f3 su viaje por tierra y mar hasta el archipi\u00e9lago de Chilo\u00e9, donde se realiz\u00f3 un cierre in\u00e9dito en Castro, marcando un momento hist\u00f3rico para la zona y para las m\u00e1s de 300 familias de la provincia que se atienden en el Instituto Telet\u00f3n Puerto Montt.<\/p>\n\n\n\n<p>A lo largo del recorrido, la Gira Telet\u00f3n destac\u00f3 historias como la de Emilia Eugenin, paciente de Puerto Montt y parte de la campa\u00f1a 2022, quien emocion\u00f3 al p\u00fablico con una presentaci\u00f3n musical y un mensaje que reforz\u00f3 el sentido de comunidad y esperanza de la campa\u00f1a.<\/p>\n\n\n\n<p>\u201cHa sido una gira realmente espectacular. En cada ciudad que visitamos el entusiasmo fue impresionante, y ver a tantas familias, ni\u00f1as, ni\u00f1os, j\u00f3venes y artistas reunidos por una misma causa es profundamente emocionante. El cari\u00f1o que hemos recibido en cada parada nos impulsa a llegar con m\u00e1s fuerza a la meta\u201d, se\u00f1al\u00f3<strong>&nbsp;Mar\u00eda Jos\u00e9 Zald\u00edvar<\/strong>, directora general de Fundaci\u00f3n Telet\u00f3n.<\/p>\n\n\n\n<p>Con el fin de la gira, el pa\u00eds se prepara para vivir la transmisi\u00f3n solidaria del 28 y 29 de noviembre, donde se espera reunir los aportes que permitir\u00e1n continuar entregando rehabilitaci\u00f3n integral a&nbsp;<strong>m\u00e1s de 32 mil familias a lo largo de Chile.<\/strong><\/p>\n\n\n\n<figure class=\"wp-block-image size-large\"><img loading=\"lazy\" decoding=\"async\" width=\"1000\" height=\"666\" src=\"https:\/\/temucotelevision.cl\/web\/wp-content\/uploads\/2025\/11\/WhatsApp-Image-2025-11-23-at-17.46.25-1000x666.jpeg\" alt=\"\" class=\"wp-image-59382\" srcset=\"https:\/\/temucotelevision.cl\/web\/wp-content\/uploads\/2025\/11\/WhatsApp-Image-2025-11-23-at-17.46.25-1000x666.jpeg 1000w, https:\/\/temucotelevision.cl\/web\/wp-content\/uploads\/2025\/11\/WhatsApp-Image-2025-11-23-at-17.46.25-768x512.jpeg 768w, https:\/\/temucotelevision.cl\/web\/wp-content\/uploads\/2025\/11\/WhatsApp-Image-2025-11-23-at-17.46.25-1536x1023.jpeg 1536w, https:\/\/temucotelevision.cl\/web\/wp-content\/uploads\/2025\/11\/WhatsApp-Image-2025-11-23-at-17.46.25.jpeg 1600w\" sizes=\"auto, (max-width: 1000px) 100vw, 1000px\" \/><\/figure>\n","protected":false},"excerpt":{"rendered":"<div class=\"pvc_clear\"><\/div>\n<p id=\"pvc_stats_59380\" class=\"pvc_stats total_only  \" data-element-id=\"59380\" style=\"\"><i class=\"pvc-stats-icon large\" aria-hidden=\"true\"><svg aria-hidden=\"true\" focusable=\"false\" data-prefix=\"far\" data-icon=\"chart-bar\" role=\"img\" xmlns=\"http:\/\/www.w3.org\/2000\/svg\" viewBox=\"0 0 512 512\" class=\"svg-inline--fa fa-chart-bar fa-w-16 fa-2x\"><path fill=\"currentColor\" d=\"M396.8 352h22.4c6.4 0 12.8-6.4 12.8-12.8V108.8c0-6.4-6.4-12.8-12.8-12.8h-22.4c-6.4 0-12.8 6.4-12.8 12.8v230.4c0 6.4 6.4 12.8 12.8 12.8zm-192 0h22.4c6.4 0 12.8-6.4 12.8-12.8V140.8c0-6.4-6.4-12.8-12.8-12.8h-22.4c-6.4 0-12.8 6.4-12.8 12.8v198.4c0 6.4 6.4 12.8 12.8 12.8zm96 0h22.4c6.4 0 12.8-6.4 12.8-12.8V204.8c0-6.4-6.4-12.8-12.8-12.8h-22.4c-6.4 0-12.8 6.4-12.8 12.8v134.4c0 6.4 6.4 12.8 12.8 12.8zM496 400H48V80c0-8.84-7.16-16-16-16H16C7.16 64 0 71.16 0 80v336c0 17.67 14.33 32 32 32h464c8.84 0 16-7.16 16-16v-16c0-8.84-7.16-16-16-16zm-387.2-48h22.4c6.4 0 12.8-6.4 12.8-12.8v-70.4c0-6.4-6.4-12.8-12.8-12.8h-22.4c-6.4 0-12.8 6.4-12.8 12.8v70.4c0 6.4 6.4 12.8 12.8 12.8z\" class=\"\"><\/path><\/svg><\/i> <img loading=\"lazy\" decoding=\"async\" width=\"16\" height=\"16\" alt=\"Loading\" src=\"https:\/\/temucotelevision.cl\/web\/wp-content\/plugins\/page-views-count\/ajax-loader-2x.gif\" border=0 \/><\/p>\n<div class=\"pvc_clear\"><\/div>\n<p>La caravana solidaria viaj\u00f3 de Arica a Chilo\u00e9 con espect\u00e1culos gratuitos, artistas nacionales y talento local, reforzando el car\u00e1cter descentralizador<\/p>\n","protected":false},"author":1,"featured_media":59381,"comment_status":"open","ping_status":"open","sticky":false,"template":"","format":"standard","meta":{"colormag_page_container_layout":"default_layout","colormag_page_sidebar_layout":"default_layout","footnotes":""},"categories":[14],"tags":[1989],"class_list":["post-59380","post","type-post","status-publish","format-standard","has-post-thumbnail","hentry","category-temuco","tag-teleton"],"a3_pvc":{"activated":true,"total_views":4129,"today_views":0},"_links":{"self":[{"href":"https:\/\/temucotelevision.cl\/web\/wp-json\/wp\/v2\/posts\/59380","targetHints":{"allow":["GET"]}}],"collection":[{"href":"https:\/\/temucotelevision.cl\/web\/wp-json\/wp\/v2\/posts"}],"about":[{"href":"https:\/\/temucotelevision.cl\/web\/wp-json\/wp\/v2\/types\/post"}],"author":[{"embeddable":true,"href":"https:\/\/temucotelevision.cl\/web\/wp-json\/wp\/v2\/users\/1"}],"replies":[{"embeddable":true,"href":"https:\/\/temucotelevision.cl\/web\/wp-json\/wp\/v2\/comments?post=59380"}],"version-history":[{"count":1,"href":"https:\/\/temucotelevision.cl\/web\/wp-json\/wp\/v2\/posts\/59380\/revisions"}],"predecessor-version":[{"id":59383,"href":"https:\/\/temucotelevision.cl\/web\/wp-json\/wp\/v2\/posts\/59380\/revisions\/59383"}],"wp:featuredmedia":[{"embeddable":true,"href":"https:\/\/temucotelevision.cl\/web\/wp-json\/wp\/v2\/media\/59381"}],"wp:attachment":[{"href":"https:\/\/temucotelevision.cl\/web\/wp-json\/wp\/v2\/media?parent=59380"}],"wp:term":[{"taxonomy":"category","embeddable":true,"href":"https:\/\/temucotelevision.cl\/web\/wp-json\/wp\/v2\/categories?post=59380"},{"taxonomy":"post_tag","embeddable":true,"href":"https:\/\/temucotelevision.cl\/web\/wp-json\/wp\/v2\/tags?post=59380"}],"curies":[{"name":"wp","href":"https:\/\/api.w.org\/{rel}","templated":true}]}}