{"id":59377,"date":"2025-11-25T12:26:50","date_gmt":"2025-11-25T15:26:50","guid":{"rendered":"https:\/\/temucotelevision.cl\/web\/?p=59377"},"modified":"2025-11-25T12:26:51","modified_gmt":"2025-11-25T15:26:51","slug":"agricultores-de-malleco-despliegan-plan-de-prevencion-de-incendios-en-medio-de-altas-temperaturas","status":"publish","type":"post","link":"https:\/\/temucotelevision.cl\/web\/2025\/11\/25\/agricultores-de-malleco-despliegan-plan-de-prevencion-de-incendios-en-medio-de-altas-temperaturas\/","title":{"rendered":"Agricultores de Malleco despliegan plan de prevenci\u00f3n de incendios en medio de altas temperaturas"},"content":{"rendered":"<div class=\"pvc_clear\"><\/div><p id=\"pvc_stats_59377\" class=\"pvc_stats total_only  \" data-element-id=\"59377\" style=\"\"><i class=\"pvc-stats-icon large\" aria-hidden=\"true\"><svg aria-hidden=\"true\" focusable=\"false\" data-prefix=\"far\" data-icon=\"chart-bar\" role=\"img\" xmlns=\"http:\/\/www.w3.org\/2000\/svg\" viewBox=\"0 0 512 512\" class=\"svg-inline--fa fa-chart-bar fa-w-16 fa-2x\"><path fill=\"currentColor\" d=\"M396.8 352h22.4c6.4 0 12.8-6.4 12.8-12.8V108.8c0-6.4-6.4-12.8-12.8-12.8h-22.4c-6.4 0-12.8 6.4-12.8 12.8v230.4c0 6.4 6.4 12.8 12.8 12.8zm-192 0h22.4c6.4 0 12.8-6.4 12.8-12.8V140.8c0-6.4-6.4-12.8-12.8-12.8h-22.4c-6.4 0-12.8 6.4-12.8 12.8v198.4c0 6.4 6.4 12.8 12.8 12.8zm96 0h22.4c6.4 0 12.8-6.4 12.8-12.8V204.8c0-6.4-6.4-12.8-12.8-12.8h-22.4c-6.4 0-12.8 6.4-12.8 12.8v134.4c0 6.4 6.4 12.8 12.8 12.8zM496 400H48V80c0-8.84-7.16-16-16-16H16C7.16 64 0 71.16 0 80v336c0 17.67 14.33 32 32 32h464c8.84 0 16-7.16 16-16v-16c0-8.84-7.16-16-16-16zm-387.2-48h22.4c6.4 0 12.8-6.4 12.8-12.8v-70.4c0-6.4-6.4-12.8-12.8-12.8h-22.4c-6.4 0-12.8 6.4-12.8 12.8v70.4c0 6.4 6.4 12.8 12.8 12.8z\" class=\"\"><\/path><\/svg><\/i> <img loading=\"lazy\" decoding=\"async\" width=\"16\" height=\"16\" alt=\"Loading\" src=\"https:\/\/temucotelevision.cl\/web\/wp-content\/plugins\/page-views-count\/ajax-loader-2x.gif\" border=0 \/><\/p><div class=\"pvc_clear\"><\/div>\n<p><br>Este martes La Araucan\u00eda amaneci\u00f3 con cinco incendios activos. Cuatro de ellos ya hab\u00edan sido controlados y uno se manten\u00eda en combate.&nbsp;<\/p>\n\n\n\n<p>De acuerdo a las cifras de CONAF, a nivel nacional se han registrado 969 incendios forestales desde el inicio de la temporada 2025-2026. En t\u00e9rminos porcentuales, esto es un 16% m\u00e1s que la temporada anterior, en la que a la misma fecha se hab\u00edan registrado 828 siniestros rurales.\u00a0<\/p>\n\n\n\n<p>La Araucan\u00eda lidera las cifras, con 176 siniestros hasta este martes, seguida de la Regi\u00f3n Metropolitana, con 142 incendios y el Biob\u00edo, con 139. En cuanto a la superficie afectada, en la actual temporada se han destruido 1.763,3 hect\u00e1reas.<br><br>Por ello,&nbsp;<a>y tras una alianza con CMPC, desde la Asociaci\u00f3n de Agricultores de Malleco decidieron adelantarse a la temporada estival y dar inicio a una campa\u00f1a que busca prevenir la ocurrencia de siniestros en zonas rurales en la provincia norte de La Araucan\u00eda, zona de mayor afectaci\u00f3n en predios, por este tipo de siniestros.&nbsp;<\/a><\/p>\n\n\n\n<p>El presidente de los Agricultores de Malleco, Sebasti\u00e1n Naveillan, detall\u00f3 que durante las \u00faltimas semanas \u201chemos podido visitar juntas de vecinos rurales en la provincia de Malleco, escuelas, colegios, y hemos podido hablar con toda la ciudadan\u00eda, explicando a los ni\u00f1os c\u00f3mo se previene, y ense\u00f1ando al mundo rural a hacer cortafuegos, a tener limpio su entorno para evitar la propagaci\u00f3n de las llamas\u201d.<\/p>\n\n\n\n<p>Gustavo Apablaza, subgerente de Relacionamiento Comunitario de CMPC valor\u00f3 \u201ceste trabajo coordinado y anticipado con el gremio de Agricultores de Malleco\u201d, y a\u00f1adi\u00f3 que \u201chemos dise\u00f1ado y creado un Plan que pretende, entre otras cosas, poder tener un catastro bien fino respecto de cu\u00e1les son los potenciales riesgos, y poder ir generando instancias de relacionamiento comunitario con los agricultores (\u2026). Es un trabajo en conjunto donde hemos podido hacer varias l\u00edneas de trabajo todas relacionadas a la prevenci\u00f3n de incendios\u201d<\/p>\n\n\n\n<p>Hasta la fecha, representantes del gremio han realizado talleres de prevenci\u00f3n de incendios en establecimientos educacionales de Pailahueque, al sur de Ercilla, adem\u00e1s de los sectores rurales de P\u00faa y Selva Oscura, en Victoria. Tambi\u00e9n, en una decena de juntas de vecinos rurales de ambas comunas, en sectores como Selva Oscura, Las Cardas, Alto Quino, Inspector Fern\u00e1ndez. En estos encuentros, \u201cse les ha explicado el Plan de prevenci\u00f3n de Incendios Rurales, se generan recomendaciones y los directivos de estas organizaciones tambi\u00e9n plantean sus preocupaciones\u201d, a\u00f1adieron desde la Asociaci\u00f3n de Agricultores de Malleco.<\/p>\n","protected":false},"excerpt":{"rendered":"<div class=\"pvc_clear\"><\/div>\n<p id=\"pvc_stats_59377\" class=\"pvc_stats total_only  \" data-element-id=\"59377\" style=\"\"><i class=\"pvc-stats-icon large\" aria-hidden=\"true\"><svg aria-hidden=\"true\" focusable=\"false\" data-prefix=\"far\" data-icon=\"chart-bar\" role=\"img\" xmlns=\"http:\/\/www.w3.org\/2000\/svg\" viewBox=\"0 0 512 512\" class=\"svg-inline--fa fa-chart-bar fa-w-16 fa-2x\"><path fill=\"currentColor\" d=\"M396.8 352h22.4c6.4 0 12.8-6.4 12.8-12.8V108.8c0-6.4-6.4-12.8-12.8-12.8h-22.4c-6.4 0-12.8 6.4-12.8 12.8v230.4c0 6.4 6.4 12.8 12.8 12.8zm-192 0h22.4c6.4 0 12.8-6.4 12.8-12.8V140.8c0-6.4-6.4-12.8-12.8-12.8h-22.4c-6.4 0-12.8 6.4-12.8 12.8v198.4c0 6.4 6.4 12.8 12.8 12.8zm96 0h22.4c6.4 0 12.8-6.4 12.8-12.8V204.8c0-6.4-6.4-12.8-12.8-12.8h-22.4c-6.4 0-12.8 6.4-12.8 12.8v134.4c0 6.4 6.4 12.8 12.8 12.8zM496 400H48V80c0-8.84-7.16-16-16-16H16C7.16 64 0 71.16 0 80v336c0 17.67 14.33 32 32 32h464c8.84 0 16-7.16 16-16v-16c0-8.84-7.16-16-16-16zm-387.2-48h22.4c6.4 0 12.8-6.4 12.8-12.8v-70.4c0-6.4-6.4-12.8-12.8-12.8h-22.4c-6.4 0-12.8 6.4-12.8 12.8v70.4c0 6.4 6.4 12.8 12.8 12.8z\" class=\"\"><\/path><\/svg><\/i> <img loading=\"lazy\" decoding=\"async\" width=\"16\" height=\"16\" alt=\"Loading\" src=\"https:\/\/temucotelevision.cl\/web\/wp-content\/plugins\/page-views-count\/ajax-loader-2x.gif\" border=0 \/><\/p>\n<div class=\"pvc_clear\"><\/div>\n<p>Este martes La Araucan\u00eda amaneci\u00f3 con cinco incendios activos. Cuatro de ellos ya hab\u00edan sido controlados y uno se manten\u00eda<\/p>\n","protected":false},"author":1,"featured_media":59378,"comment_status":"open","ping_status":"open","sticky":false,"template":"","format":"standard","meta":{"colormag_page_container_layout":"default_layout","colormag_page_sidebar_layout":"default_layout","footnotes":""},"categories":[14],"tags":[510],"class_list":["post-59377","post","type-post","status-publish","format-standard","has-post-thumbnail","hentry","category-temuco","tag-malleco"],"a3_pvc":{"activated":true,"total_views":1128,"today_views":0},"_links":{"self":[{"href":"https:\/\/temucotelevision.cl\/web\/wp-json\/wp\/v2\/posts\/59377","targetHints":{"allow":["GET"]}}],"collection":[{"href":"https:\/\/temucotelevision.cl\/web\/wp-json\/wp\/v2\/posts"}],"about":[{"href":"https:\/\/temucotelevision.cl\/web\/wp-json\/wp\/v2\/types\/post"}],"author":[{"embeddable":true,"href":"https:\/\/temucotelevision.cl\/web\/wp-json\/wp\/v2\/users\/1"}],"replies":[{"embeddable":true,"href":"https:\/\/temucotelevision.cl\/web\/wp-json\/wp\/v2\/comments?post=59377"}],"version-history":[{"count":1,"href":"https:\/\/temucotelevision.cl\/web\/wp-json\/wp\/v2\/posts\/59377\/revisions"}],"predecessor-version":[{"id":59379,"href":"https:\/\/temucotelevision.cl\/web\/wp-json\/wp\/v2\/posts\/59377\/revisions\/59379"}],"wp:featuredmedia":[{"embeddable":true,"href":"https:\/\/temucotelevision.cl\/web\/wp-json\/wp\/v2\/media\/59378"}],"wp:attachment":[{"href":"https:\/\/temucotelevision.cl\/web\/wp-json\/wp\/v2\/media?parent=59377"}],"wp:term":[{"taxonomy":"category","embeddable":true,"href":"https:\/\/temucotelevision.cl\/web\/wp-json\/wp\/v2\/categories?post=59377"},{"taxonomy":"post_tag","embeddable":true,"href":"https:\/\/temucotelevision.cl\/web\/wp-json\/wp\/v2\/tags?post=59377"}],"curies":[{"name":"wp","href":"https:\/\/api.w.org\/{rel}","templated":true}]}}